{"id":158792,"date":"2025-11-29T19:41:03","date_gmt":"2025-11-29T18:41:03","guid":{"rendered":"https:\/\/die-webzeitung.de\/stuttgart\/?p=158792"},"modified":"2025-11-30T11:33:05","modified_gmt":"2025-11-30T10:33:05","slug":"verkehrshinweise-zum-start-des-stuttgarter-weihnachtsmarktes","status":"publish","type":"post","link":"https:\/\/die-webzeitung.de\/stuttgart\/2025\/11\/29\/verkehrshinweise-zum-start-des-stuttgarter-weihnachtsmarktes\/","title":{"rendered":"Verkehrshinweise zum Start des Stuttgarter Weihnachtsmarktes"},"content":{"rendered":"<p class=\"m_-4968136347629716078mynewsSubline\" style=\"text-align: justify;\">Zum Weihnachtsmarkt in Stuttgart gelten Zufahrtssperren, enge Parkm\u00f6glichkeiten und verst\u00e4rkte Kontrollen. Besucher sollen Parkh\u00e4user, Park-and-Ride oder \u00d6PNV nutzen, da Falschparken sanktioniert wird.<\/p>\n<div>\n<p style=\"text-align: justify;\">Der Stuttgarter Weihnachtsmarkt lockt ab Mittwoch, 26. November, wieder tausende Besucherinnen und Besucher t\u00e4glich zum Schlendern und Genie\u00dfen in die Innenstadt. W\u00e4hrend des gesamten Veranstaltungszeitraums bis einschlie\u00dflich Dienstag, 23. Dezember, sind daf\u00fcr Stra\u00dfensperrungen und Verkehrseinschr\u00e4nkungen erforderlich.<\/p>\n<p style=\"text-align: justify;\">Die Richard-von-Weizs\u00e4cker-Planie ist w\u00e4hrend der Dauer des Weihnachtsmarkts nur eingeschr\u00e4nkt befahrbar.<\/p>\n<p style=\"text-align: justify;\">Die Zufahrt zur Marktstra\u00dfe und zur Eberhardstra\u00dfe ist t\u00e4glich in der Zeit von 11:00 Uhr bis 24:00 Uhr nicht m\u00f6glich.<\/p>\n<p style=\"text-align: justify;\">Bei einem erh\u00f6hten Besucheraufkommen, insbesondere an den Wochenenden, sind weitere situationsbedingte Sperrungen rund um den Veranstaltungsbereich m\u00f6glich.<\/p>\n<p style=\"text-align: justify;\">Besucherinnen und Besucher des Weihnachtsmarkts und der Innenstadt m\u00fcssen sich einstellen auf eingeschr\u00e4nkte Parkm\u00f6glichkeiten in den Stra\u00dfenz\u00fcgen innerhalb des Cityrings, vor allem im Areal um den Karlsplatz und der Markthalle.<\/p>\n<p style=\"text-align: justify;\">W\u00e4hrend der Vorweihnachtszeit werden die Kontrollzeiten der st\u00e4dtischen Verkehrs\u00fcberwachung sowie des mobilen Abschleppteams ausgeweitet. Fahrzeuge, die verbotswidrig abgestellt sind, zum Beispiel in Fu\u00dfg\u00e4ngerzonen, auf Gehwegen oder im absoluten Halteverbot, stehen hierbei besonders im Fokus. Je nach Gef\u00e4hrdung, die davon ausgeht, fallen hierf\u00fcr unterschiedliche Bu\u00dfgelder an: meist zwischen 15 bis 55 Euro \u2013 bei Wiederholungstaten kann auch ein Punkt in der \u201eVerkehrss\u00fcnderkartei\u201c in Flensburg, dem Fahreignungsregister (FAER) des Kraftfahrt-Bundesamts, die Konsequenz sein. Die Stadt Stuttgart weist darauf hin, dass wiederholtes, gravierendes Falschparken nicht nur zu h\u00f6heren Bu\u00dfgeldern f\u00fchrt, sondern im Einzelfall auch den Entzug des F\u00fchrerscheins bewirken kann.<\/p>\n<p style=\"text-align: justify;\">Susanne Scherz, Leiterin des Amtes f\u00fcr \u00f6ffentliche Ordnung, erkl\u00e4rt: \u201eWer falsch parkt, gef\u00e4hrdet die Sicherheit aller. Die Ma\u00dfnahmen der Verkehrs\u00fcberwachung sorgen daf\u00fcr, dass die Sicherheit im Stra\u00dfenverkehr f\u00fcr alle erh\u00f6ht wird. Auch f\u00fcr Besucher, die jetzt von weiter weg nach Stuttgart kommen, gilt: Nutzen Sie die vielf\u00e4ltigen Angebote des \u00d6PNV oder Taxen. Meine Bitte: Wenn Sie mit dem Auto kommen, dann parken Sie auf ausgewiesenen Parkpl\u00e4tzen oder in den zahlreichen angrenzenden Parkh\u00e4usern und auf <a href=\"https:\/\/maps.stuttgart.de\/stadtplan\/?Map%2FlayerIds=topplusopen%2CBasemap_EPSG25832-WMTS%2CPark+and+Ride+Anlagen&amp;visibility=true%2Ctrue%2Ctrue&amp;transparency=40%2C0%2C0&amp;Map%2Fcenter=%5B512736%2C5402794.5%5D&amp;Map%2FzoomLevel=2\" target=\"_blank\" rel=\"noopener\" data-saferedirecturl=\"https:\/\/www.google.com\/url?q=https:\/\/maps.stuttgart.de\/stadtplan\/?Map%252FlayerIds%3Dtopplusopen%252CBasemap_EPSG25832-WMTS%252CPark%2Band%2BRide%2BAnlagen%26visibility%3Dtrue%252Ctrue%252Ctrue%26transparency%3D40%252C0%252C0%26Map%252Fcenter%3D%255B512736%252C5402794.5%255D%26Map%252FzoomLevel%3D2&amp;source=gmail&amp;ust=1764162286179000&amp;usg=AOvVaw2Eq0SfINPBb7YBVdqW6Ny-\">Park and Ride Parkpl\u00e4tzen<\/a>.\u201c Aktuelle Informationen \u00fcber Fahrtm\u00f6glichkeiten k\u00f6nnen der elektronischen Fahrplanauskunft der SSB und des VVS entnommen werden.<\/p>\n<p style=\"text-align: justify;\">\u201eSollten Sie sich f\u00fcr die Anfahrt mit dem Auto entscheiden, folgen Sie in der Innenstadt den Anweisungen des dynamischen Parkleitsystems, das auf die noch freien Parkpl\u00e4tze hinweist\u201c, so Scherz weiter. Die Integrierte Verkehrsleitzentrale (IVLZ) hat sich auf das hohe Verkehrsaufkommen rund um den Weihnachtsmarkt eingerichtet. Sie informiert \u00fcber die aktuelle Verkehrslage fortlaufend auf den interaktiven Verkehrsschildern stadteinw\u00e4rts und \u00fcber den Rundfunk.<\/p>\n<p style=\"text-align: justify;\">Die Tiefgaragen innerhalb des Cityrings sind schnell belegt. Die Parkgaragen au\u00dferhalb hingegen bieten meist noch Kapazit\u00e4ten. Von dort aus erreichen Besucher den City-Bereich in wenigen Gehminuten.<\/p>\n<p style=\"text-align: justify;\">Es empfiehlt sich, den Anweisungen des Parkleitsystems zu folgen und Fahrzeugschlangen an voll belegten Parkh\u00e4usern zu meiden. Das Parkleitsystem weist den Weg zu freien Parkpl\u00e4tzen am Rande des City-Rings.<\/p>\n<p style=\"text-align: justify;\">In direkter N\u00e4he zum Weihnachtsmarkt finden sich Parkpl\u00e4tze f\u00fcr Menschen mit Behinderung, welche sich in der Bolzstra\u00dfe (N\u00e4he Schlossplatz), Dorotheenstra\u00dfe (N\u00e4he Schiller- und Karlsplatz) sowie Eberhardstra\u00dfe, Nadlerstra\u00dfe, Breite Stra\u00dfe (N\u00e4he Marktplatz) befinden. In diesem Zusammenhang ist zudem in der Dorotheenstra\u00dfe ein Standort f\u00fcr das Rolli-Taxi eingerichtet.<\/p>\n<p style=\"text-align: justify;\">Die Taxist\u00e4nde in der Innenstadt befinden sich an den \u00fcblichen Standorten.<\/p>\n<p style=\"text-align: justify;\">Die Ankunft mit Reisebussen erfolgt am B\u00f6rsenplatz in ausgewiesenen Haltezonen zum Ein- und Aussteigen. Ankommenden G\u00e4sten wird durch eine entsprechende Beschilderung der Weg zum Weihnachtsmarktgel\u00e4nde gewiesen.<\/p>\n<hr \/>\n<p style=\"text-align: justify;\">\n<\/div>\n","protected":false},"excerpt":{"rendered":"<p>Zum Weihnachtsmarkt in Stuttgart gelten Zufahrtssperren, enge Parkm\u00f6glichkeiten und verst\u00e4rkte Kontrollen. Besucher sollen Parkh\u00e4user, Park-and-Ride oder \u00d6PNV nutzen, da Falschparken sanktioniert wird. Der Stuttgarter Weihnachtsmarkt lockt ab Mittwoch, 26. November, wieder tausende Besucherinnen und Besucher t\u00e4glich zum Schlendern und Genie\u00dfen in die Innenstadt. W\u00e4hrend des gesamten Veranstaltungszeitraums bis einschlie\u00dflich Dienstag, 23. Dezember, sind daf\u00fcr Stra\u00dfensperrungen [&hellip;]<\/p>\n","protected":false},"author":4,"featured_media":158793,"comment_status":"closed","ping_status":"open","sticky":false,"template":"","format":"standard","meta":{"inline_featured_image":false,"_exactmetrics_skip_tracking":false,"_exactmetrics_sitenote_active":false,"_exactmetrics_sitenote_note":"","_exactmetrics_sitenote_category":0,"footnotes":""},"categories":[2239],"tags":[14857,68,275,9481],"class_list":{"0":"post-158792","1":"post","2":"type-post","3":"status-publish","4":"format-standard","5":"has-post-thumbnail","7":"category-stuttgart-lokal","8":"tag-die-webzeitung","9":"tag-online-zeitung","10":"tag-stuttgart","11":"tag-weihnachtsmarkt"},"image_feature":"https:\/\/die-webzeitung.de\/stuttgart\/wp-content\/uploads\/sites\/4\/2025\/11\/christmas-market-1864241_1280-scaled.jpg","author_name":"Redaktion","pure_taxonomies":{"categories":[{"term_id":2239,"name":"Stuttgart","slug":"stuttgart-lokal","term_group":0,"term_taxonomy_id":2252,"taxonomy":"category","description":"Berichte und Informationen aus Stuttgart","parent":1433,"count":941,"filter":"raw","image":""}],"tags":[{"term_id":14857,"name":"Die-Webzeitung","slug":"die-webzeitung","term_group":0,"term_taxonomy_id":14876,"taxonomy":"post_tag","description":"","parent":0,"count":3623,"filter":"raw","image":""},{"term_id":68,"name":"Online-Zeitung","slug":"online-zeitung","term_group":0,"term_taxonomy_id":69,"taxonomy":"post_tag","description":"","parent":0,"count":3593,"filter":"raw","image":""},{"term_id":275,"name":"Stuttgart","slug":"stuttgart","term_group":0,"term_taxonomy_id":281,"taxonomy":"post_tag","description":"","parent":0,"count":1194,"filter":"raw","image":""},{"term_id":9481,"name":"Weihnachtsmarkt","slug":"weihnachtsmarkt","term_group":0,"term_taxonomy_id":9511,"taxonomy":"post_tag","description":"","parent":0,"count":7,"filter":"raw","image":""}]},"_links":{"self":[{"href":"https:\/\/die-webzeitung.de\/stuttgart\/wp-json\/wp\/v2\/posts\/158792","targetHints":{"allow":["GET"]}}],"collection":[{"href":"https:\/\/die-webzeitung.de\/stuttgart\/wp-json\/wp\/v2\/posts"}],"about":[{"href":"https:\/\/die-webzeitung.de\/stuttgart\/wp-json\/wp\/v2\/types\/post"}],"author":[{"embeddable":true,"href":"https:\/\/die-webzeitung.de\/stuttgart\/wp-json\/wp\/v2\/users\/4"}],"replies":[{"embeddable":true,"href":"https:\/\/die-webzeitung.de\/stuttgart\/wp-json\/wp\/v2\/comments?post=158792"}],"version-history":[{"count":1,"href":"https:\/\/die-webzeitung.de\/stuttgart\/wp-json\/wp\/v2\/posts\/158792\/revisions"}],"predecessor-version":[{"id":158794,"href":"https:\/\/die-webzeitung.de\/stuttgart\/wp-json\/wp\/v2\/posts\/158792\/revisions\/158794"}],"wp:featuredmedia":[{"embeddable":true,"href":"https:\/\/die-webzeitung.de\/stuttgart\/wp-json\/wp\/v2\/media\/158793"}],"wp:attachment":[{"href":"https:\/\/die-webzeitung.de\/stuttgart\/wp-json\/wp\/v2\/media?parent=158792"}],"wp:term":[{"taxonomy":"category","embeddable":true,"href":"https:\/\/die-webzeitung.de\/stuttgart\/wp-json\/wp\/v2\/categories?post=158792"},{"taxonomy":"post_tag","embeddable":true,"href":"https:\/\/die-webzeitung.de\/stuttgart\/wp-json\/wp\/v2\/tags?post=158792"}],"curies":[{"name":"wp","href":"https:\/\/api.w.org\/{rel}","templated":true}]}}