{"id":158770,"date":"2025-11-23T19:09:02","date_gmt":"2025-11-23T18:09:02","guid":{"rendered":"https:\/\/die-webzeitung.de\/stuttgart\/?p=158770"},"modified":"2025-11-23T19:09:02","modified_gmt":"2025-11-23T18:09:02","slug":"boeblinger-jugend-cup","status":"publish","type":"post","link":"https:\/\/die-webzeitung.de\/stuttgart\/2025\/11\/23\/boeblinger-jugend-cup\/","title":{"rendered":"B\u00f6blinger Jugend Cup"},"content":{"rendered":"<p style=\"text-align: justify;\"><strong>Hallenfu\u00dfballevent am 20. Dezember 2025<\/strong><\/p>\n<p style=\"text-align: justify;\"><strong>Die Jugendh\u00e4user der Stadt B\u00f6blingen und die Mobile Jugendarbeit B\u00f6blingen laden alle Fu\u00dfballbegeisterten zwischen 14 und 24 Jahren zu einem gro\u00dfen Hallenfu\u00dfballturnier in der Turnhalle Diezenhalde ein.<\/strong><\/p>\n<p style=\"text-align: justify;\">\u201eUnser Turnier im letzten Jahr kam sehr gut an: es haben 24 Teams vor circa 200 Zuschauer um den Cup-Pokal gespielt. Die Mobile Jugendarbeit und unsere drei Jugendh\u00e4user arbeiten sehr gerne und gut zusammen. Daher war schnell klar, dass wir 2025 wieder den B\u00f6blinger Jugend Cup veranstalten werden\u201c, berichtet Sebastian Gr\u00e4ber, Einrichtungsleiter des Kinder- und Jugendtreff Diezenhalde.<\/p>\n<p style=\"text-align: justify;\">Die Turnhalle Diezenhalde \u00f6ffnet am Samstag, 20. Dezember 2025 um 13.30 Uhr ihre T\u00fcren f\u00fcr Teams und Fans. Das Turnier beginnt um 14.00 Uhr und dauert je nach Anzahl der angemeldeten Teams bis in den fr\u00fchen oder sp\u00e4ten Abend. Die ersten drei Pl\u00e4tze k\u00f6nnen sich neben Ruhm und Ehre auf Pokale freuen. Das Siegerteam wird zudem mit einem Foto auf der \u201cWall of Fame\u201d verewigt. Gespielt wird f\u00fcnf gegen f\u00fcnf mit maximal zwei Auswechselspieler*innen pro Team. Die Spielzeit betr\u00e4gt etwa zehn Minuten. F\u00fcr leckere Getr\u00e4nke und Snacks, wie beispielsweise selbstgemachte Crepes, zu jugendfreundlichen Preisen sorgt das Thekenteam des Kinder- und Jugendtreffs Diezenhalde.<\/p>\n<p style=\"text-align: justify;\">Teams mit f\u00fcnf bis sieben Mitgliedern zwischen 14 und 24 Jahren k\u00f6nnen sich bis zum 18. Dezember 2025 um 16.00 Uhr bei der Mobilen Jugendarbeit oder einem der drei st\u00e4dtischen Jugendh\u00e4user anmelden. Da die Anzahl der Teams begrenzt ist, empfiehlt sich eine fr\u00fchzeitige Anmeldung. Die Spielpl\u00e4ne sind am Freitag, 19. Dezember 2025, ab 20.00 Uhr auf Facebook und Instagram einsehbar.<\/p>\n<p style=\"text-align: justify;\">Die Veranstaltung wird durch den Arbeitskreis Diezenhalde gef\u00f6rdert.<\/p>\n<p style=\"text-align: justify;\"><strong>Anmeldung und weitere Informationen:<\/strong><\/p>\n<ul style=\"text-align: justify;\">\n<li><strong>casa nostra:<\/strong> Telefon (0 70 31) 6 69-52 61<\/li>\n<li><strong>Kinder- und Jugendtreff Diezenhalde:<\/strong> Telefon (0 70 31) 6 69-53 01<\/li>\n<li><strong>Jugendtreff Dagersheim:<\/strong> Telefon (0 70 31) 6 69-52 81<\/li>\n<li><strong>Mobile Jugendarbeit B\u00f6blingen:<\/strong> Telefon 0163 8989027<\/li>\n<\/ul>\n<p style=\"text-align: justify;\">Die Jugendh\u00e4user und die Mobile Jugendarbeit freuen sich auf zahlreiche Mannschaften und ein spannendes Turnier!<\/p>\n<hr \/>\n<p style=\"text-align: justify;\">\n","protected":false},"excerpt":{"rendered":"<p>Hallenfu\u00dfballevent am 20. Dezember 2025 Die Jugendh\u00e4user der Stadt B\u00f6blingen und die Mobile Jugendarbeit B\u00f6blingen laden alle Fu\u00dfballbegeisterten zwischen 14 und 24 Jahren zu einem gro\u00dfen Hallenfu\u00dfballturnier in der Turnhalle Diezenhalde ein. \u201eUnser Turnier im letzten Jahr kam sehr gut an: es haben 24 Teams vor circa 200 Zuschauer um den Cup-Pokal gespielt. Die Mobile [&hellip;]<\/p>\n","protected":false},"author":4,"featured_media":147089,"comment_status":"closed","ping_status":"open","sticky":false,"template":"","format":"standard","meta":{"inline_featured_image":false,"_exactmetrics_skip_tracking":false,"_exactmetrics_sitenote_active":false,"_exactmetrics_sitenote_note":"","_exactmetrics_sitenote_category":0,"footnotes":""},"categories":[59,2242],"tags":[3061,14857,129,68],"class_list":{"0":"post-158770","1":"post","2":"type-post","3":"status-publish","4":"format-standard","5":"has-post-thumbnail","7":"category-aktuell","8":"category-boeblingen","9":"tag-boblingen","10":"tag-die-webzeitung","11":"tag-fusball","12":"tag-online-zeitung"},"image_feature":"https:\/\/die-webzeitung.de\/stuttgart\/wp-content\/uploads\/sites\/4\/2022\/09\/football-g9316ba3a8_1280-scaled.jpg","author_name":"Redaktion","pure_taxonomies":{"categories":[{"term_id":59,"name":"Aktuell","slug":"aktuell","term_group":0,"term_taxonomy_id":60,"taxonomy":"category","description":"","parent":0,"count":1017,"filter":"raw","image":""},{"term_id":2242,"name":"B\u00f6blingen","slug":"boeblingen","term_group":0,"term_taxonomy_id":2255,"taxonomy":"category","description":"News und Informationen aus B\u00f6blingen und Sindelfingen","parent":1433,"count":22,"filter":"raw","image":""}],"tags":[{"term_id":3061,"name":"B\u00f6blingen","slug":"boblingen","term_group":0,"term_taxonomy_id":3075,"taxonomy":"post_tag","description":"","parent":0,"count":260,"filter":"raw","image":""},{"term_id":14857,"name":"Die-Webzeitung","slug":"die-webzeitung","term_group":0,"term_taxonomy_id":14876,"taxonomy":"post_tag","description":"","parent":0,"count":3623,"filter":"raw","image":""},{"term_id":129,"name":"Fu\u00dfball","slug":"fusball","term_group":0,"term_taxonomy_id":131,"taxonomy":"post_tag","description":"","parent":0,"count":171,"filter":"raw","image":""},{"term_id":68,"name":"Online-Zeitung","slug":"online-zeitung","term_group":0,"term_taxonomy_id":69,"taxonomy":"post_tag","description":"","parent":0,"count":3593,"filter":"raw","image":""}]},"_links":{"self":[{"href":"https:\/\/die-webzeitung.de\/stuttgart\/wp-json\/wp\/v2\/posts\/158770","targetHints":{"allow":["GET"]}}],"collection":[{"href":"https:\/\/die-webzeitung.de\/stuttgart\/wp-json\/wp\/v2\/posts"}],"about":[{"href":"https:\/\/die-webzeitung.de\/stuttgart\/wp-json\/wp\/v2\/types\/post"}],"author":[{"embeddable":true,"href":"https:\/\/die-webzeitung.de\/stuttgart\/wp-json\/wp\/v2\/users\/4"}],"replies":[{"embeddable":true,"href":"https:\/\/die-webzeitung.de\/stuttgart\/wp-json\/wp\/v2\/comments?post=158770"}],"version-history":[{"count":1,"href":"https:\/\/die-webzeitung.de\/stuttgart\/wp-json\/wp\/v2\/posts\/158770\/revisions"}],"predecessor-version":[{"id":158771,"href":"https:\/\/die-webzeitung.de\/stuttgart\/wp-json\/wp\/v2\/posts\/158770\/revisions\/158771"}],"wp:featuredmedia":[{"embeddable":true,"href":"https:\/\/die-webzeitung.de\/stuttgart\/wp-json\/wp\/v2\/media\/147089"}],"wp:attachment":[{"href":"https:\/\/die-webzeitung.de\/stuttgart\/wp-json\/wp\/v2\/media?parent=158770"}],"wp:term":[{"taxonomy":"category","embeddable":true,"href":"https:\/\/die-webzeitung.de\/stuttgart\/wp-json\/wp\/v2\/categories?post=158770"},{"taxonomy":"post_tag","embeddable":true,"href":"https:\/\/die-webzeitung.de\/stuttgart\/wp-json\/wp\/v2\/tags?post=158770"}],"curies":[{"name":"wp","href":"https:\/\/api.w.org\/{rel}","templated":true}]}}