{"id":158766,"date":"2025-11-24T10:19:38","date_gmt":"2025-11-24T09:19:38","guid":{"rendered":"https:\/\/die-webzeitung.de\/stuttgart\/?p=158766"},"modified":"2025-11-30T11:13:40","modified_gmt":"2025-11-30T10:13:40","slug":"polizei-report-stuttgart-woche-48-4","status":"publish","type":"post","link":"https:\/\/die-webzeitung.de\/stuttgart\/2025\/11\/24\/polizei-report-stuttgart-woche-48-4\/","title":{"rendered":"Polizei-Report Stuttgart | Woche 48"},"content":{"rendered":"<p><em>Quelle: ots<\/em><\/p>\n<p style=\"text-align: justify;\"><strong>Stuttgart-M\u00f6hringen: Wer hatte &#8220;Gr\u00fcn&#8221;? Unfall im Kreuzungsbereich &#8211; Zeugen gesucht<\/strong><br \/>\nMehrere Zehntausend Euro Schaden und vier Leichtverletzte sind die Folgen eines Verkehrsunfalls, der sich am Samstagnachmittag (29.11.2025) auf der Kreuzung Plieninger-\/Kurt-Schumacher-Stra\u00dfe ereignet hat. Gegen 14.55 Uhr befuhr ein 81-j\u00e4hriger Lenker eines Mercedes-Benz die Kurt-Schumacher-Stra\u00dfe in Richtung Stuttgart-Fasanenhof. Im Kreuzungsbereich zur Plieninger Stra\u00dfe stie\u00df der 81-J\u00e4hrige mit einem 44-j\u00e4hrigen Mercedes-Benz-Lenker zusammen, der auf der Plieninger Stra\u00dfe in Richtung `SI-Centrum\u00b4 unterwegs war. An beiden Fahrzeugen entstand ein Schaden von mehreren Zehntausend Euro, beide mussten anschlie\u00dfend abgeschleppt werden. Sowohl der 81-J\u00e4hrige als auch drei Mitfahrer im zweiten beteiligten Pkw wurden bei dem Unfall leicht verletzt. Bei der Unfallaufnahme gaben beide Fahrzeuglenker an, bei &#8220;Gr\u00fcn&#8221; in die Kreuzung eingefahren zu sein. Deshalb werden Zeugen gebeten, sich bei den Kollegen und Kolleginnen des Polizeireviers 4 Balinger Stra\u00dfe unter der Rufnummer +4971189903400 zu melden.<\/p>\n<p style=\"text-align: justify;\"><strong>Stuttgart-Feuerbach: Mutma\u00dfliches Diebesgut bei Fahrzeugkontrolle aufgefunden &#8211; Drei Tatverd\u00e4chtige vorl\u00e4ufig festgenommen<\/strong><br \/>\nPolizeibeamte haben am Donnerstagabend (27.11.2025) drei M\u00e4nner im Alter von 49, 31 und 25 Jahren vorl\u00e4ufig festgenommen, die im Verdacht stehen, Waren von hohem Wert gestohlen zu haben. Die Polizeibeamten kontrollierten gegen 20.45 Uhr an der Heilbronner Stra\u00dfe das Auto der drei Insassen und fanden hierbei mutma\u00dfliches Diebesgut im Wert von mehreren Tausend Euro. Bei dem mutma\u00dflichen Diebesgut handelt es sich \u00fcberwiegend um hochwertige Kleidungsartikel, welche die Beamten anschlie\u00dfend beschlagnahmten. Nach Abschluss der polizeilichen Ma\u00dfnahmen setzten sie die M\u00e4nner wieder auf freien Fu\u00df.<\/p>\n<p style=\"text-align: justify;\"><strong>Stuttgart-S\u00fcd: Mutma\u00dfliche rabiate Ladendiebin festgenommen<\/strong><br \/>\nPolizeibeamte haben am Donnerstag (27.11.2025) eine 41 Jahre alte Frau festgenommen, die im Verdacht steht, aus einem Lebensmittelgesch\u00e4ft am Marienplatz Waren im Wert von knapp hundert Euro gestohlen zu haben. Die Frau betrat gegen 15.45 Uhr den Verkaufsraum und soll mehrere Waren aus dem Regal entnommen und in eine Papiert\u00fcte gesteckt haben. Anschlie\u00dfend soll sie ohne zu bezahlen in Richtung Ausgang gegangen sein. Als zwei Mitarbeiter die Frau ansprachen, soll diese sich gegen das Festhalten gewehrt haben. Nachdem zwei weitere Zeugen hinzueilten, gelang es, die Tatverd\u00e4chtige festzuhalten und den alarmierten Beamten zu \u00fcbergeben. Die 41 Jahre alte marokkanische Staatsangeh\u00f6rige wurde im Laufe des Freitags (28.11.2025) auf Antrag der Staatsanwaltschaft Stuttgart einem Haftrichter vorgef\u00fchrt, der Haftbefehl erlie\u00df und in Vollzug setzte.<\/p>\n<p style=\"text-align: justify;\"><strong>Stuttgart-Mitte: Mutma\u00dflichen Kokainh\u00e4ndler festgenommen<\/strong><br \/>\nPolizeibeamte haben am Mittwoch (26.11.2025) einen 21 Jahre alten Mann festgenommen, der im Verdacht steht, mit Kokain gehandelt zu haben. Polizeibeamte kontrollierten den Mann am 19.09.2025 gegen 21.00 Uhr im Bereich des Leonhardsplatzes und fanden in dessen unmittelbarer N\u00e4he rund 40 Gramm Kokain. Ermittlungen erh\u00e4rteten den Verdacht, dass das Kokain von dem Mann stammte. Bei der Wohnungsdurchsuchung des Mannes am 26.11.2025 fanden die Beamten mehrere Mobiltelefone sowie mutma\u00dfliches Geld aus Drogengesch\u00e4ften und nahmen ihn daraufhin fest. Der 21-j\u00e4hrige Mann mit irakischer Staatsangeh\u00f6rigkeit wurde auf Antrag der Staatsanwaltschaft Stuttgart am Mittwoch (26.11.2025) einem Haftrichter vorgef\u00fchrt, der Haftbefehl erlie\u00df und in Vollzug setzte.<\/p>\n<p style=\"text-align: justify;\"><strong>Stuttgart-Bad Cannstatt: Viele Verst\u00f6\u00dfe bei kontrollierten Fahrzeugtransportern<\/strong><br \/>\nSpezialisten der Verkehrspolizei Stuttgart, T\u00fcbingen und Karlsruhe haben am Mittwoch (26.11.2025) Verkehrskontrollen auf dem Gel\u00e4nde des Cannstatter Wasen durchgef\u00fchrt und hierbei ihr Augenmerk auf Fahrzeugtransporter gelegt. Beamte der Motorradstaffel f\u00fchrten, Fahrzeuge die Autos transportieren, aus dem gesamten Stadtgebiet der Kontrollstelle zu. Die Beamten kontrollierten zwischen 09.00 Uhr und 14.00 Uhr 20 Fahrzeuge und stellten bei fast allen Fahrzeugen Verst\u00f6\u00dfe gegen die Ladungssicherung fest. Einige duften nach Nachbesserung der Ladungssicherung weiterfahren. Elf Fahrzeugen musste die Weiterfahrt untersagt werden, neben der mangelnden Ladungssicherung auch aufgrund erheblicher technischer M\u00e4ngel an Bremse und Zugeinrichtung. Neben 14 Ladungssicherungsverst\u00f6\u00dfen ahndeten die Beamten unter anderem elf Verst\u00f6\u00dfe gegen die Sozialvorschriften und vier Ordnungswidrigkeiten wegen technischer M\u00e4ngel.<\/p>\n<p style=\"text-align: justify;\"><strong>Stuttgart-Ost: Mutma\u00dflichen Einbrecher festgenommen &#8211; Zeugen gesucht<\/strong><br \/>\nPolizeibeamte haben in der Nacht zum Mittwoch (26.11.2025) einen 37 Jahre alten Mann festgenommen, der versucht haben soll, in eine Wohnung an der Kniebisstra\u00dfe einzubrechen. Alarmierte Polizeibeamte nahmen den Tatverd\u00e4chtigen gegen 00.35 Uhr fest, nachdem er mit einem Komplizen versucht haben soll, in das Objekt zu gelangen und dabei von Zeugen beobachtet wurde. Der andere T\u00e4ter fl\u00fcchtete unerkannt. Der 37-J\u00e4hrige mit rum\u00e4nischer Staatsangeh\u00f6rigkeit wurde am Mittwoch (26.11.2025) auf Antrag der Staatsanwaltschaft Stuttgart einem Haftrichter vorgef\u00fchrt, welcher Haftbefehl erlie\u00df und in Vollzug setzte. Zeugen werden gebeten, sich unter der Rufnummer +4971189905778 bei der Kriminalpolizei zu melden.<\/p>\n<p style=\"text-align: justify;\"><strong>Stuttgart-Mitte: Polizeibeamte mit Messer bedroht &#8211; Tatverd\u00e4chtigen vorl\u00e4ufig festgenommen<\/strong><br \/>\nPolizeibeamte haben am Samstag (22.11.2025) an der Mozartstra\u00dfe einen 43 Jahre alten Mann vorl\u00e4ufig festgenommen, der Polizeibeamte zuvor mit einem Messer bedroht haben soll. Zeugen meldeten gegen 22:40 Uhr zun\u00e4chst eine Ruhest\u00f6rung in einer Wohnung an der Mozartstra\u00dfe. Als die Beamten an der T\u00fcr klingelten, \u00f6ffnete der 43-j\u00e4hrige Bewohner die T\u00fcr und ging mit einem Messer auf die Beamten los. Ein Beamter gab hierauf einen Warnschuss ab und der 43-J\u00e4hrige verbarrikadierte sich in seiner Wohnung. Spezialkr\u00e4fte \u00f6ffneten die Wohnung und nahmen den 43-J\u00e4hrigen unverletzt, vorl\u00e4ufig fest. Nach Abschluss der polizeilichen Ma\u00dfnahmen setzten die Beamten ihn wieder auf freien Fu\u00df. Er sieht nun einer Strafanzeige entgegen.<\/p>\n<p style=\"text-align: justify;\"><strong>Stuttgart-Stadtgebiet: Einbrecher unterwegs &#8211; Zeugen gesucht<\/strong><br \/>\nUnbekannte sind am vergangenen Wochenende (21.11.2025 &#8211; 23.11.2025) in Wohnungen und H\u00e4user an der M\u00fcnchinger Stra\u00dfe, an der Erisdorfer Stra\u00dfe, am Baienfurter Weg, an der Oelschl\u00e4gerstra\u00dfe, an der Birkenwaldstra\u00dfe, sowie an den Stra\u00dfen Am Bergheimer Hof und Am Kr\u00e4herwald eingebrochen. Die T\u00e4ter hebelten Fenster und T\u00fcren auf, um in die Geb\u00e4ude zu gelangen. Sie stahlen Schmuck, Bargeld oder andere Wertgegenst\u00e4nde von bislang unbekanntem Wert. Zeugen werden gebeten, sich unter der Rufnummer +4971189905778 bei der Kriminalpolizei zu melden. Bei Fragen rund um das Thema Einbruchschutz wenden Sie sich bitte unter +4971189901234 an die Kriminalpolizeiliche Beratungsstelle.<\/p>\n<p style=\"text-align: justify;\"><strong>Stuttgart-M\u00fchlhausen: Polizeibeamten ins Gesicht geschlagen<\/strong><br \/>\nEin 21 Jahre alter Mann hat am Sonntag (23.11.2025) an der Wallensteinstra\u00dfe einen Polizisten geschlagen und sich gegen seine Festnahme gewehrt. Die Beamten waren gegen 13.30 Uhr wegen einer Streitigkeit in die Wallensteinstra\u00dfe ausger\u00fcckt. Als sie mit dem Tatverd\u00e4chtigen sprechen wollen, soll dieser dem Polizeibeamten ins Gesicht geschlagen haben. Anschlie\u00dfend wehrte er sich bei seiner Festnahme mit Schl\u00e4gen und Tritten. Der 45 Jahre alte Polizeibeamte erlitt Verletzungen, die eine medizinische Versorgung notwendig machten und konnte seinen Dienst nicht fortsetzen. Die Beamten setzten den 21-J\u00e4hrigen nach Abschluss der polizeilichen Ma\u00dfnahmen auf freien Fu\u00df. Er sieht einer Strafanzeige entgegen.<\/p>\n<p style=\"text-align: justify;\"><strong>Stuttgart-Zuffenhausen: 26-J\u00e4hrigen bedroht &#8211; Zeugen gesucht<\/strong><br \/>\nUnbekannte haben am Freitag (21.11.2025) versucht, einen 26 Jahre alten Mann auszurauben. Der 26-J\u00e4hrige stieg gegen 12.30 Uhr an der Stadtbahnhaltestelle Wimpfener Stra\u00dfe aus, als ihm drei bislang unbekannte M\u00e4nner entgegenkamen. Die M\u00e4nner dr\u00fcckten ihn unvermittelt gegen eine Wand und forderten von ihm die Herausgabe seiner Wertsachen. Als er der Aufforderung nicht nachkam, zog einer der M\u00e4nner ein Messer und bedrohte ihn damit. Der 26-J\u00e4hrige wehrte sich und zog sich dabei leichte Verletzungen zu. Die M\u00e4nner waren zirka 175 bis 180 Zentimeter gro\u00df und trugen schwarze Winterjacken. Zeugen werden gebeten, sich unter der Rufnummer +4971189905778 beim Raubdezernat zu melden.<\/p>\n<p style=\"text-align: justify;\"><strong>Stuttgart-Ost: 39-J\u00e4hriger streift unbekanntes Auto &#8211; Zeugen gesucht<\/strong><br \/>\nDie Polizei sucht Zeugen zu einem Verkehrsunfall, der sich am Sonntagabend (23.11.2025) in der Neuen Stra\u00dfe Richtung Gablenberger Hauptstra\u00dfe ereignet hat. Ein 39-j\u00e4hriger Autofahrer kam gegen 17.10 Uhr aus bislang unbekannter Ursache nach rechts von der Fahrbahn ab und streifte mit seinem grauen BMW ein bislang unbekanntes Auto. Zeugen sowie der Halter des besch\u00e4digten Autos werden gebeten sich unter der Rufnummer +4971189903500 beim Polizeirevier 5 Ostendstra\u00dfe zu melden.<\/p>\n<p style=\"text-align: justify;\"><strong>Stuttgart-Untert\u00fcrkheim: Wer hatte Gr\u00fcn? &#8211; Zeugen gesucht<\/strong><br \/>\nDie Polizei sucht Zeugen zu einem Verkehrsunfall, bei dem am Sonntagabend (23.11.2025) im Kreuzungsbereich der Benzstra\u00dfe zur Auffahrt B14 in Richtung Fellbach, ein Schaden von rund 35 000 Euro entstanden ist. Ein 27 Jahre alter Fahrer bog gegen 18:40 Uhr mit seinem blauen BMW nach links zur Auffahrt B14 in Richtung Fellbach ab. Dabei kam es zur Kollision mit einem schwarzen Mercedes eines 30 Jahre alten Fahrers, welcher die Benzstra\u00dfe in entgegengesetzter Richtung fuhr. Durch den Aufprall zog sich der 27-j\u00e4hrige BMW-Fahrer leichte Verletzungen zu. Beide Unfallbeteiligte gaben an, gr\u00fcnes Licht gehabt zu haben. Die Polizei sucht nach Zeugen, diese werden gebeten sich unter der Rufnummer +4971189904100 bei der Verkehrspolizeiinspektion zu melden.<\/p>\n<p style=\"text-align: justify;\"><strong>Stuttgart-S\u00fcd: Zimmerbrand verursacht mehrere 10.000 Euro Schaden<\/strong><br \/>\nBei einem Zimmerbrand in einem Geb\u00e4ude an der Heusteigstra\u00dfe ist am Freitagabend (21.11.2025) ein Schaden von mehreren 10.000 Euro entstanden. Der 19 Jahre alte Bewohner des Zimmers entdeckte das Feuer gegen 22.25 Uhr und rief die Feuerwehr. Bis die Rettungskr\u00e4fte eintrafen, versuchten der 19-J\u00e4hrige sowie ein weiterer Hausbewohner die Flammen zu l\u00f6schen. Dabei zogen sich beide leichte Verletzungen zu. Rettungskr\u00e4fte k\u00fcmmerten sich um die beiden und brachten sie zur weiteren Versorgung in ein Krankenhaus. Die Kriminalpolizei hat die Ermittlungen zur genauen Brandursache aufgenommen.<\/p>\n<p style=\"text-align: justify;\"><strong>Stuttgart-Bad Cannstatt: Motorradfahrer st\u00fcrzt und verletzt sich schwer<\/strong><br \/>\nBei einem Unfall am Freitagmittag (21.11.2025) hat sich ein 21 Jahre alter Motorradfahrer schwere Verletzungen zugezogen. Der Motorradfahrer fuhr gegen 12.55 Uhr in der Gnesener Stra\u00dfe aus Richtung Augsburger Platz. Aus bislang unbekannter Ursache st\u00fcrzte der Motorradfahrer kurz vor der Kreuzung Schmidener Stra\u00dfe. Rettungskr\u00e4fte k\u00fcmmerten sich um den Schwerverletzten und brachten ihn zur weiteren Versorgung in ein Krankenhaus. Am Motorrad entstand ein Schaden von rund 1500 Euro.<\/p>\n<p style=\"text-align: justify;\"><strong>Stuttgart-Mitte: Mutma\u00dflich Betrunkener wirft Fensterscheibe ein &#8211; Polizei nimmt Tatverd\u00e4chtigen vorl\u00e4ufig fest<\/strong><br \/>\nPolizeibeamte haben am Freitagabend (21.11.2025) einen 21 Jahre alten Mann vorl\u00e4ufig festgenommen, der im Verdacht steht, eine Fensterscheibe eines Geb\u00e4udes am Schillerplatz eingeworfen zu haben. Zeugen beobachteten den 21-J\u00e4hrigen, wie er gegen 22.45 Uhr mit einer Flasche eine Fensterscheibe zerst\u00f6rte und setzten daraufhin einen Notruf ab. Alarmierte Polizeibeamte trafen den sichtlich alkoholisierten Mann noch am Tatort an und nahmen ihn vorl\u00e4ufig fest. Offenbar hatte der 21-J\u00e4hrige vor, durch die kaputte Scheibe in das Geb\u00e4ude zu steigen, scheiterte aber aufgrund seines mutma\u00dflich berauschten Zustandes. Die Polizisten nahmen den Tatverd\u00e4chtigen in Gewahrsam.<\/p>\n<hr \/>\n<p>&nbsp;<\/p>\n","protected":false},"excerpt":{"rendered":"<p>Quelle: ots Stuttgart-M\u00f6hringen: Wer hatte &#8220;Gr\u00fcn&#8221;? Unfall im Kreuzungsbereich &#8211; Zeugen gesucht Mehrere Zehntausend Euro Schaden und vier Leichtverletzte sind die Folgen eines Verkehrsunfalls, der sich am Samstagnachmittag (29.11.2025) auf der Kreuzung Plieninger-\/Kurt-Schumacher-Stra\u00dfe ereignet hat. Gegen 14.55 Uhr befuhr ein 81-j\u00e4hriger Lenker eines Mercedes-Benz die Kurt-Schumacher-Stra\u00dfe in Richtung Stuttgart-Fasanenhof. Im Kreuzungsbereich zur Plieninger Stra\u00dfe stie\u00df [&hellip;]<\/p>\n","protected":false},"author":4,"featured_media":152245,"comment_status":"closed","ping_status":"open","sticky":false,"template":"","format":"standard","meta":{"inline_featured_image":false,"_exactmetrics_skip_tracking":false,"_exactmetrics_sitenote_active":false,"_exactmetrics_sitenote_note":"","_exactmetrics_sitenote_category":0,"footnotes":""},"categories":[11241],"tags":[14857,68,205,1625,275],"class_list":{"0":"post-158766","1":"post","2":"type-post","3":"status-publish","4":"format-standard","5":"has-post-thumbnail","7":"category-region-stuttgart","8":"tag-die-webzeitung","9":"tag-online-zeitung","10":"tag-polizei","11":"tag-report","12":"tag-stuttgart"},"image_feature":"https:\/\/die-webzeitung.de\/stuttgart\/wp-content\/uploads\/sites\/4\/2024\/02\/Polizei-Pix-scaled.jpg","author_name":"Redaktion","pure_taxonomies":{"categories":[{"term_id":11241,"name":"Polizei-Report Stuttgart","slug":"region-stuttgart","term_group":0,"term_taxonomy_id":11279,"taxonomy":"category","description":"Polizeiberichte aus der Region Stuttgart","parent":1619,"count":68,"filter":"raw","image":""}],"tags":[{"term_id":14857,"name":"Die-Webzeitung","slug":"die-webzeitung","term_group":0,"term_taxonomy_id":14876,"taxonomy":"post_tag","description":"","parent":0,"count":3623,"filter":"raw","image":""},{"term_id":68,"name":"Online-Zeitung","slug":"online-zeitung","term_group":0,"term_taxonomy_id":69,"taxonomy":"post_tag","description":"","parent":0,"count":3593,"filter":"raw","image":""},{"term_id":205,"name":"Polizei","slug":"polizei","term_group":0,"term_taxonomy_id":208,"taxonomy":"post_tag","description":"","parent":0,"count":277,"filter":"raw","image":""},{"term_id":1625,"name":"Report","slug":"report","term_group":0,"term_taxonomy_id":1634,"taxonomy":"post_tag","description":"","parent":0,"count":210,"filter":"raw","image":""},{"term_id":275,"name":"Stuttgart","slug":"stuttgart","term_group":0,"term_taxonomy_id":281,"taxonomy":"post_tag","description":"","parent":0,"count":1194,"filter":"raw","image":""}]},"_links":{"self":[{"href":"https:\/\/die-webzeitung.de\/stuttgart\/wp-json\/wp\/v2\/posts\/158766","targetHints":{"allow":["GET"]}}],"collection":[{"href":"https:\/\/die-webzeitung.de\/stuttgart\/wp-json\/wp\/v2\/posts"}],"about":[{"href":"https:\/\/die-webzeitung.de\/stuttgart\/wp-json\/wp\/v2\/types\/post"}],"author":[{"embeddable":true,"href":"https:\/\/die-webzeitung.de\/stuttgart\/wp-json\/wp\/v2\/users\/4"}],"replies":[{"embeddable":true,"href":"https:\/\/die-webzeitung.de\/stuttgart\/wp-json\/wp\/v2\/comments?post=158766"}],"version-history":[{"count":11,"href":"https:\/\/die-webzeitung.de\/stuttgart\/wp-json\/wp\/v2\/posts\/158766\/revisions"}],"predecessor-version":[{"id":158826,"href":"https:\/\/die-webzeitung.de\/stuttgart\/wp-json\/wp\/v2\/posts\/158766\/revisions\/158826"}],"wp:featuredmedia":[{"embeddable":true,"href":"https:\/\/die-webzeitung.de\/stuttgart\/wp-json\/wp\/v2\/media\/152245"}],"wp:attachment":[{"href":"https:\/\/die-webzeitung.de\/stuttgart\/wp-json\/wp\/v2\/media?parent=158766"}],"wp:term":[{"taxonomy":"category","embeddable":true,"href":"https:\/\/die-webzeitung.de\/stuttgart\/wp-json\/wp\/v2\/categories?post=158766"},{"taxonomy":"post_tag","embeddable":true,"href":"https:\/\/die-webzeitung.de\/stuttgart\/wp-json\/wp\/v2\/tags?post=158766"}],"curies":[{"name":"wp","href":"https:\/\/api.w.org\/{rel}","templated":true}]}}