{"id":158764,"date":"2025-11-24T10:19:18","date_gmt":"2025-11-24T09:19:18","guid":{"rendered":"https:\/\/die-webzeitung.de\/stuttgart\/?p=158764"},"modified":"2025-11-30T11:52:38","modified_gmt":"2025-11-30T10:52:38","slug":"polizei-report-kreis-esslingen-woche-48-4","status":"publish","type":"post","link":"https:\/\/die-webzeitung.de\/stuttgart\/2025\/11\/24\/polizei-report-kreis-esslingen-woche-48-4\/","title":{"rendered":"Polizei-Report Kreis Esslingen | Woche 48"},"content":{"rendered":"<p><em>Quelle: ots<\/em><\/p>\n<p style=\"text-align: justify;\"><strong>Dettingen unter Teck: Auffahrunfall mit zwei Leichtverletzten<br \/>\n<\/strong>Zu einem folgenschweren Verkehrsunfall mit drei beteiligten Fahrzeugen ist es am Samstagnachmittag auf der Bundesstra\u00dfe 465 gekommen. Gegen 16.50 Uhr befuhr der 23 Jahre alte Lenker eines Skoda Fabia die B465 von Owen kommend in Richtung Dettingen unter Teck. Er bemerkte zu sp\u00e4t, dass sich vor der Kreuzung zur Teckstra\u00dfe der Verkehr staute und fuhr auf einen dort verkehrsbedingt stehenden Opel Corsa auf, der aufgrund der Wucht des Aufpralls noch auf einen davor stehenden VW T-Roc geschoben wurde. Sowohl der Unfallverursacher, als auch die gleichaltrige Fahrerin des Opel verletzten sich hierbei leicht und wurden vom Rettungsdienst in eine Klinik gebracht. Der 51-j\u00e4hrige Fahrer des VW blieb unverletzt. An den drei nicht mehr fahrbereiten Fahrzeugen, die abgeschleppt werden mussten, entstand ein Gesamtschaden in H\u00f6he von circa 30.000 Euro. W\u00e4hrend der Unfallaufnahme und Reinigung der Fahrbahn durch die Stra\u00dfenmeisterei musste die Bundesstra\u00dfe in beiden Fahrtrichtungen bis gegen 18.45 Uhr gesperrt werden. Es kam zu geringen Verkehrsbeeintr\u00e4chtigungen.<\/p>\n<p style=\"text-align: justify;\"><strong>Leinfelden-Echterdingen: Einbrecher festgenommen<br \/>\n<\/strong>Das Polizeirevier Filderstadt hat die Ermittlungen gegen vier Jugendliche aufgenommen, welche am Samstagabend in ein Schulgeb\u00e4ude in der Stuttgarter Stra\u00dfe eingebrochen sind und auf frischer Tat festgenommen werden konnten. Nach derzeitigem Ermittlungsstand schlugen die Jugendlichen im Alter zwischen 14 und 16 Jahren gegen 20.00 Uhr eine Scheibe des Schulgeb\u00e4udes ein und betraten hier\u00fcber die dort befindlichen B\u00fcror\u00e4umlichkeiten. Nachdem sie einen geringen Bargeldbetrag erbeuteten und das Geb\u00e4ude wieder verlassen wollten, konnten drei T\u00e4ter durch die Polizeibeamten vorl\u00e4ufig festgenommen werden. Einem gelang zun\u00e4chst zu Fu\u00df die Flucht, er konnte jedoch wenig sp\u00e4ter im Zuge der weiteren Fahndungsma\u00dfnahmen an seiner Wohnanschrift ebenfalls angetroffen werden. Nach Durchf\u00fchrung der erforderlichen Ma\u00dfnahmen wurden die Jugendlichen ihren Eltern \u00fcbergeben. Sie sehen nun entsprechenden Strafanzeigen entgegen. Am Schulgeb\u00e4ude entstand ein Sachschaden in H\u00f6he von circa 3.000 Euro. Gegenstand der weiteren polizeilichen Ermittlung ist zudem, ob die Jugendlichen auch f\u00fcr weitere Einbr\u00fcche in Frage kommen.<\/p>\n<p style=\"text-align: justify;\"><strong>Notzingen \/ Frickenhausen \/ Leinfelden-Echterdingen: Wohnungseinbr\u00fcche<br \/>\n<\/strong>In zwei H\u00e4user in Notzingen und Frickenhausen sowie in eine Wohnung in Leinfelden-Echterdingen sind mehrere unbekannte T\u00e4ter am Freitagnachmittag bzw. -abend eingebrochen. In Notzingen gelangte ein Einbrecher im Sonnenweg im Zeitraum von 17.50 Uhr bis 21.45 Uhr auf bislang unbekannte Art und Weise an einen Hausschl\u00fcssel und konnte somit das Einfamilienhaus betreten. Hier durchsuchte er zahlreiche R\u00e4umlichkeiten und entkam schlie\u00dflich unbekannt. Bislang wurde lediglich der Diebstahl eines niedrigen Bargeldbetrags bekannt. In Frickenhausen stiegen die Einbrecher am sp\u00e4ten Nachmittag \u00fcber den Balkon eines Hauses in der Beethovenstra\u00dfe ein. Hierzu wurde die Balkont\u00fcr aufgebohrt. Derzeit wird davon ausgegangen, dass die T\u00e4ter Schmuck in geringem Wert entwendeten. Der angerichtete Sachschaden wird mit etwa 500 Euro beziffert. In Leinfelden schlug ein T\u00e4ter zwischen 18 und 21 Uhr die Glasscheibe einer Terrassent\u00fcr einer Wohnung in der Manosquer Stra\u00dfe ein und gelangte so ins Schlafzimmer der Wohnung. Hier wurden zahlreiche Schubladen und Schr\u00e4nke durchw\u00fchlt. Der Wert des entwendeten Diebesguts wird mit mehreren hundert Euro beziffert. Zur Spurensicherung wurden jeweils Experten der Kriminalpolizei hinzugezogen.<\/p>\n<p style=\"text-align: justify;\"><strong>Filderstadt: Verkehrsunfall mit Verletzten<br \/>\n<\/strong>Wegen eines Verkehrsunfalls auf der B 27 musste die Bundesstra\u00dfe in Fahrtrichtung T\u00fcbingen am Freitagabend zeitweise voll gesperrt werden. Ein 59-J\u00e4hriger befuhr kurz nach 22 Uhr mit seinem Opel Astra die Bundesstra\u00dfe von Stuttgart herkommend in Richtung T\u00fcbingen. Zwischen den Abfahrten Filderstadt-West und Filderstadt-Ost fuhr er vermutlich aufgrund Unachtsamkeit auf den vor ihm verkehrsbedingt bremsenden Mercedes-Benz eines 57 Jahre alten Mannes auf. Durch den Aufprall zogen sich sowohl der 59-j\u00e4hrige Opel-Fahrer als auch die 56-j\u00e4hrige Beifahrerin des Mercedes leichte Verletzung zu und wurden durch hinzugezogene Rettungskr\u00e4fte in eine naheliegende Klinik verbracht. Zur Bergung der Unfallfahrzeuge musste die B 27 in Fahrtrichtung T\u00fcbingen f\u00fcr eine halbe Stunde vollgesperrt werden. Der entstandene Schaden an beiden Pkw wird auf 22.000 Euro gesch\u00e4tzt.<\/p>\n<p style=\"text-align: justify;\"><strong>Kirchheim unter Teck: Polizeibeamte und Rettungskr\u00e4fte angegriffen<br \/>\n<\/strong>Wegen t\u00e4tlichen Angriffs auf eine Rettungssanit\u00e4terin und Polizeibeamte muss sich seit Freitagmittag ein 36-j\u00e4hriger Mann verantworten. Zun\u00e4chst wurde der Rettungsleitstelle eine augenscheinlich betrunkene Person auf dem Postplatz in Kirchheim gemeldet. Mit Eintreffen des Rettungsdienstes gegen 14.30 Uhr wurde der Mann sofort aggressiv und ergriff eine Rettungssanit\u00e4terin am Arm. Diese erlitt durch den Angriff leichte Verletzungen, konnte aber ihren Dienst fortsetzen. Auch die angeforderten Polizeibeamten beleidigte und bedrohte der stark alkoholisierte Mann massiv. Aufgrund seines aggressiven Verhaltens musste der 36-J\u00e4hrige schlie\u00dflich zu Boden gebracht und Handschlie\u00dfen angelegt werden. Da von weiteren St\u00f6rungen seinerseits ausgegangen werden musste, wurde der Mann im Anschluss auf richterliche Anordnung in Gewahrsam genommen und sieht sich nun einer Reihe von Strafanzeigen entgegen.<\/p>\n<p style=\"text-align: justify;\"><strong>Kohlberg: Brand von M\u00fcll und Thujahecke<br \/>\n<\/strong>Am Donnerstagabend sind die Einsatzkr\u00e4fte von Feuerwehr und Polizei zu einem Brand in die Hohenstaufenstra\u00dfe gerufen worden. Kurz nach 21.15 Uhr hatte ein Zeuge inmitten von M\u00fcllt\u00fcten, Altkleiders\u00e4cken sowie Sperrm\u00fcll ein Feuer bemerkt und den Notruf gew\u00e4hlt. Durch die 18 Feuerwehrkr\u00e4fte konnte der Brand, der sich zwischenzeitlich auf eine angrenzende Thujahecke ausgebreitet hatte, z\u00fcgig abgel\u00f6scht werden. Bisherigen Erkenntnissen zufolge k\u00f6nnte der Brand m\u00f6glicherweise durch einen zuvor gez\u00fcndeten Feuerwerksk\u00f6rper ausgel\u00f6st worden sein. Das Polizeirevier N\u00fcrtingen ermittelt nun wegen des Verdachts der fahrl\u00e4ssigen Brandstiftung.<\/p>\n<p style=\"text-align: justify;\"><strong>Esslingen: Fahrzeugbrand<br \/>\n<\/strong>Auf der Linksabbiegerspur der Sirnauer Br\u00fccke, in Richtung eines M\u00f6belhauses, hat am Donnerstagnachmittag, gegen 15.30 Uhr, ein BMW Feuer gefangen. Zeugen unternahmen daraufhin erste L\u00f6schversuche, die die alarmierte Feuerwehr abschloss. Bereits beim Eintreffen der ersten Streifenwagenbesatzung war der Pkw in Vollbrand gestanden. Verletzt wurde niemand. Der Wagen wurde nach dem Abl\u00f6schen abgeschleppt.<\/p>\n<p style=\"text-align: justify;\"><strong>Kirchheim unter Teck: Bei Einbruch Bargeld und Tresor entwendet<br \/>\n<\/strong>In der Nacht von Donnerstag, 20 Uhr, bis Freitag, sechs Uhr, haben sich Unbekannte gewaltsam Zutritt zu einem Ladengesch\u00e4ft in der Sudetenstra\u00dfe verschafft. Nachdem der Versuch, die Haupteingangst\u00fcr aufzustemmen, misslungen war, drangen die T\u00e4ter \u00fcber eine Nebent\u00fcre gewaltsam ins Innere des Geb\u00e4udes. Im Gesch\u00e4ft wurden mehrere geschlossene Beh\u00e4ltnisse ge\u00f6ffnet und Bargeld entnommen, ferner wurde ein Tresor aus der Wand gerissen und entwendet. Spezialisten der Kriminalpolizei sicherten Spuren.<\/p>\n<p style=\"text-align: justify;\"><strong>Plochingen: Mutma\u00dflicher Farbschmierer auf frischer Tat angetroffen (Zeugenaufruf)<br \/>\n<\/strong>Dank eines Zeugen ist am Freitagmorgen ein 17-J\u00e4hriger beim Bespr\u00fchen von geparkten Fahrzeugen und Hausw\u00e4nden in der Franz-Oechsle-Stra\u00dfe vor\u00fcbergehend festgenommen worden. Der alkoholisierte junge Mann wurde gegen sechs Uhr noch bei der Tataus\u00fcbung angetroffen. Wie sich herausstellte hatte er mehrere Geb\u00e4ude und Fahrzeuge im Bereich der Fabrikstra\u00dfe bespr\u00fcht. Der entstandene Sachschaden kann noch nicht beziffert werden, d\u00fcrfte aber nach derzeitigem Stand bei mehreren zehntausend Euro liegen. Nach Durchf\u00fchrung der erforderlichen Ma\u00dfnahmen wurde der junge Mann einer Obhutsperson \u00fcbergeben. Gesch\u00e4digte werden gebeten, sich beim Polizeirevier Esslingen unter Telefon 0711\/3990-0 zu melden.<\/p>\n<p style=\"text-align: justify;\"><strong>Denkendorf: Teile von Sportwagen entwendet<br \/>\n<\/strong>Ein Krimineller hat sich in der Zeit zwischen Mittwoch, 19 Uhr, und Donnerstag, 6.30 Uhr, an einem geparkten Sportwagen zu schaffen gemacht. Der T\u00e4ter verschaffte sich zun\u00e4chst gewaltsam Zutritt zu einer Garage in der Schillerstra\u00dfe und bockte den Wagen auf. Anschlie\u00dfend montierte der Unbekannte zwei R\u00e4der und weitere Fahrzeugteile, darunter die Frontscheinwerfer und die Motorhaube ab und entwendete diese. Der angerichtete Schaden kann abschlie\u00dfend noch nicht beziffert werden. Das Polizeirevier Filderstadt hat die Ermittlungen aufgenommen.<\/p>\n<p style=\"text-align: justify;\"><strong>Esslingen: Ammoniak in Schulgeb\u00e4ude ausgesch\u00fcttet<br \/>\n<\/strong>Zu einem gr\u00f6\u00dferen Einsatz sind am Donnerstagmorgen die Einsatzkr\u00e4fte von Feuerwehr, Rettungsdienst und Polizei an eine Schule in die Banatstra\u00dfe nach Oberesslingen ausger\u00fcckt. Kurz vor neun Uhr hatten dort mehrere Personen \u00fcber Atemwegsreizungen geklagt, die offensichtlich durch eine zun\u00e4chst unbekannte Substanz in einem Klassenzimmer verursacht worden war. Durch die Feuerwehr, die mit 32 Kr\u00e4ften vor Ort kam, konnte die von einem bislang unbekannten Verursacher auf den Boden ausgesch\u00fcttete Fl\u00fcssigkeit als Ammoniak deklariert und eingesammelt werden. Das evakuierte Schulgeb\u00e4ude mit rund 300 Sch\u00fclern wurde im Anschluss umfassend bel\u00fcftet. Nach dem derzeitigen Kenntnisstand mussten drei Sch\u00fcler vor Ort durch den Rettungsdienst behandelt werden. Der Schulbetrieb konnte ab elf Uhr wieder fortgef\u00fchrt werden. Das Polizeirevier Esslingen ermittelt nun wegen des Verdachts der fahrl\u00e4ssigen K\u00f6rperverletzungen.<\/p>\n<p style=\"text-align: justify;\"><strong>Ostfildern: Unfall mit vier Fahrzeugen<br \/>\n<\/strong>Ein Schaden in H\u00f6he von zirka 35.000 Euro ist bei einem Auffahrunfall mit vier Fahrzeugen auf der Nellinger Umgehungsstra\u00dfe am Mittwochabend entstanden. Ein 26-J\u00e4hriger war gegen 18.50 Uhr mit einem 3,5 t Lkw der Marke Peugeot Movano auf der L 1192 von der Autobahn herkommend in Richtung Esslingen unterwegs. Auf H\u00f6he der Einm\u00fcndung Robert-Bosch-Stra\u00dfe schaltete die Ampel f\u00fcr den Geradeausverkehr auf Rot und mehrere Verkehrsteilnehmer hielten an. Der 26-J\u00e4hrige bemerkte dies zu sp\u00e4t und fuhr nahezu ungebremst auf den Mitsubishi einer 49 Jahre alten Frau auf. Dieser wurde auf den Ford eines 34-J\u00e4hrigen geschoben, der noch gegen den Mazda eines 41 Jahre alten Mannes prallte. Der Wagen der Frau war im Anschluss nicht mehr fahrbereit und musste abgeschleppt werden. Gegen 20 Uhr war der Unfall aufgenommen und die Umgehungsstra\u00dfe wieder frei befahrbar.<\/p>\n<p style=\"text-align: justify;\"><strong>Esslingen: Frau \u00fcberfallen und Halskette geraubt (Zeugenaufruf)<br \/>\n<\/strong>Am Mittwochmittag ist eine 62-J\u00e4hrige in der Esslinger Stadtmitte von einem noch Unbekannten \u00fcberfallen worden. Der T\u00e4ter sprach die Frau gegen 13.45 Uhr in der Landenbergerstra\u00dfe an und wollte ihr zun\u00e4chst offensichtlich falschen Goldschmuck verkaufen, riss ihr dann aber unvermittelt ihre Goldkette vom Hals. Die 62-J\u00e4hrige st\u00fcrzte zu Boden und wurde leicht verletzt. Eine medizinische Behandlung war gl\u00fccklicherweise nicht erforderlich. Der Unbekannte fl\u00fcchtete mit seiner Beute unerkannt in Richtung Ebershaldenfriedhof. Er wird als etwa 175 cm gro\u00df und von normaler Statur beschrieben. Er soll dunkle, mittellange Haare gehabt, schwarze Kleidung getragen und gebrochen deutsch gesprochen haben. Die Kriminalpolizei Esslingen hat die Ermittlungen \u00fcbernommen und nimmt unter 0711\/3990-0 sachdienliche Hinweise entgegen. Insbesondere wird eine m\u00f6gliche Zeugin gesucht, die auf die Situation aufmerksam wurde und kurz nach dem \u00dcberfall mit der 62-J\u00e4hrigen sprach.<\/p>\n<p style=\"text-align: justify;\"><strong>Wernau: Kind bei Verkehrsunfall verletzt<br \/>\n<\/strong>Ein Kind ist bei einem Verkehrsunfall am Mittwochnachmittag in Wernau verletzt worden. Nach derzeitigem Kenntnisstand rannte der Siebenj\u00e4hrige kurz vor 16 Uhr unvermittelt auf die Hauptstra\u00dfe und stie\u00df mit der Mercedes V-Klasse einer 42-J\u00e4hrigen zusammen. Dabei erlitt der Junge ersten Erkenntnissen zufolge leichte Verletzungen. Der Rettungsdienst brachte ihn zur ambulanten Behandlung ins Krankenhaus. Am Auto war augenscheinlich kein Schaden entstanden.<\/p>\n<p style=\"text-align: justify;\"><strong>Leinfelden-Echterdingen: Brand in Maschine<br \/>\n<\/strong>Zu einer Firma am Wilhelm-Frank-Platz in Leinfelden sind die Einsatzkr\u00e4fte am Mittwochnachmittag, gegen 17.19 Uhr, ausger\u00fcckt. Wie bislang bekannt ist, war dort in der Filteranlage einer Schwei\u00dfmaschine aus noch unbekannter Ursache ein Feuer ausgebrochen. Verletzt wurde niemand. Au\u00dfer an der Maschine entstand kein weiterer Schaden.<\/p>\n<p style=\"text-align: justify;\"><strong>Esslingen: Bargeld geraubt (Zeugenaufruf)<br \/>\n<\/strong>Am Dienstagnachmittag ist ein Mann in der Ritterstra\u00dfe vor einer Bank gegen\u00fcber dem Amtsgericht von unbekannten T\u00e4tern k\u00f6rperlich angegangen und seiner Barschaften beraubt worden. Gegen 14.10 Uhr rempelten zwei unbekannte T\u00e4ter den 69-J\u00e4hrigen, der gerade im Begriff war, die Bank zu betreten, von hinten an, w\u00e4hrend ein dritter Tatverd\u00e4chtiger dem Gesch\u00e4digten eine mitgef\u00fchrte Mappe mit Bargeld entriss. In der Folge fl\u00fcchtete das Trio zu Fu\u00df zun\u00e4chst in Richtung Maillekreuzung. Danach trennten sich die Wege, indem einer der M\u00e4nner in die K\u00fcferstra\u00dfe, einer weiter in Richtung Maillekreuzung und der Dritte in Richtung Maillepark rannte. Der Gesch\u00e4digte zog sich durch den Angriff keine k\u00f6rperlichen Blessuren zu. Die drei Unbekannten wurden als etwa 175 cm -180 cm gro\u00df mit unauff\u00e4lliger K\u00f6rperstatur beschrieben. Sie sollen dunkle Kleidung und teilweise Handschuhe getragen haben. Die Kriminalpolizeidirektion Esslingen hat die Ermittlungen aufgenommen und sucht unter Tel. 0711\/3990-0 Hinweise zu den Tatverd\u00e4chtigen, die sich m\u00f6glicherweise schon vor der Tat im Umfeld der Bank aufgehalten hatten.<\/p>\n<p style=\"text-align: justify;\"><strong>Leinfelden-Echterdingen: Einbrecher unterwegs<br \/>\n<\/strong>In ein Wohnhaus in der Echterdinger Gold\u00e4ckerstra\u00dfe ist am Dienstagabend eingebrochen worden. In der Zeit von 18 Uhr bis kurz vor 19.30 Uhr hebelte ein bislang unbekannter T\u00e4ter ein Fenster auf und stieg durch dieses ins Innere. Beim Durchst\u00f6bern des Mobiliars stie\u00df der Einbrecher auf etwas Bargeld, das er mitgehen lie\u00df. \u00dcber weiteres Diebesgut liegen noch keine Erkenntnisse vor. Das Polizeirevier Filderstadt hat die Ermittlungen aufgenommen.<\/p>\n<p style=\"text-align: justify;\"><strong>N\u00fcrtingen: Unfall mit verletztem Radfahrer<br \/>\n<\/strong>Verletzungen bislang unbekannten Ausma\u00dfes hat ein Radfahrer bei einem Verkehrsunfall am Dienstagnachmittag in N\u00fcrtingen erlitten. Eine 44 Jahre alte Frau bog gegen 14.10 Uhr mit einem KIA von der Neuffener Stra\u00dfe nach rechts in die Ersbergstra\u00dfe ab. Hierbei kam es zur Kollision mit dem auf dem parallel verlaufenden Radweg fahrenden 65-j\u00e4hrigen Radler. Durch die Kollision mit dem Pkw st\u00fcrzte der Mann von seinem Pedelec und verletzte sich hierbei. Der 65-J\u00e4hrige musste mit einem Rettungswagen in eine Klinik gebracht werden. \u00dcber die H\u00f6he des Sachschadens liegen noch keine Erkenntnisse vor.<\/p>\n<p style=\"text-align: justify;\"><strong>Filderstadt: Unfall im Flughafentunnel<br \/>\n<\/strong>Aufgrund eines Auffahrunfalls musste am Dienstagnachmittag der Flughafentunnel bei Bernhausen kurzzeitig gesperrt werden. Ein 45-J\u00e4hriger war gegen 16.30 Uhr mit einem Skoda vom Flughafen herkommend in Richtung Bernhausen unterwegs. Aufgrund einer kurzen Unachtsamkeit bemerkte er in der Mitte des Tunnels zu sp\u00e4t, dass der Verkehr vor ihm ins Stocken geraten war. Der Skoda prallte auf den 3,5 Tonner der Marke Opel Combo eines 27 Jahre alten Mannes, der noch auf die Mercedes-Benz V-Klasse eines 40-J\u00e4hrigen geschoben wurde. Der Mercedes touchierte noch einen Sprinter, an dem jedoch ersten Erkenntnissen nach kein Schaden entstanden war. An den anderen beteiligten Fahrzeugen betr\u00e4gt der Schaden zirka 15.000 Euro. Da sie fahrbereit blieben, konnte die Unfallstelle rasch ger\u00e4umt werden, so dass es im Feierabendverkehr zu keinen gr\u00f6\u00dferen Behinderungen kam.<\/p>\n<p style=\"text-align: justify;\"><strong>N\u00fcrtingen: BMW X6 gestohlen (Zeugenaufruf)<br \/>\n<\/strong>Noch unbekannte T\u00e4ter haben in der Zeit zwischen Dienstagabend, 19.30 Uhr, und Mittwochmorgen, 6.05 Uhr, einen grauen BMW X6 gestohlen. Der Fahrzeughalter hatte seinen PKW mit dem amtlichen Kennzeichen NT &#8211; CP 1972 am Dienstagabend am Fahrbahnrand des Rotenbergplatzes in der Braike geparkt und am darauffolgenden Morgen dessen Fehlen festgestellt. Der Zeitwert des Fahrzeugs d\u00fcrfte etwa 30.000 Euro betragen. Der Polizeiposten Ro\u00dfdorf hat die Ermittlungen \u00fcbernommen und nimmt unter Telefon 07022\/60270-0 sachdienliche Hinweise entgegen. Ob ein Zusammenhang zum Fall des in der Nacht zum Dienstag vom Gel\u00e4nde eines Autohauses in der Eichendorffstra\u00dfe in N\u00fcrtingen gestohlenen BMW X5 besteht, wird untersucht.<\/p>\n<p style=\"text-align: justify;\"><strong>Ostfildern: Fu\u00dfg\u00e4nger von Pkw erfasst<br \/>\n<\/strong>Mit Verletzungen noch unbekannten Ausma\u00dfes ist ein Fu\u00dfg\u00e4nger nach einem Verkehrsunfall in der Rudolf-Diesel-Stra\u00dfe in Nellingen am Dienstagabend in eine Klinik gebracht worden. Nach bisherigen Erkenntnissen stieg ein 32-J\u00e4hriger kurz vor 21.30 Uhr aus einem geparkten Pkw aus und \u00fcberquerte ohne auf den Verkehr zu achten die Fahrbahn in Richtung Anselmstra\u00dfe. Ein herannahender 22-j\u00e4hriger Opel-Fahrer erkannte den dunkel gekleideten Fu\u00dfg\u00e4nger zu sp\u00e4t, wodurch dieser vom Pkw erfasst wurde und anschlie\u00dfend auf die Stra\u00dfe st\u00fcrzte. Am Opel entstand ein Schaden von rund 1.000 Euro.<\/p>\n<p style=\"text-align: justify;\"><strong>Landkreise Reutlingen, Esslingen, T\u00fcbingen und Zollernalbkreis: Verdacht der Verbreitung, des Erwerbs und des Besitzes kinder- und jugendpornografischer Inhalte &#8211; \u00fcber zwei Dutzend Durchsuchungsbeschl\u00fcsse vollstreckt<\/strong><br \/>\nAm Dienstag (25.11.2025) sind die Staatsanwaltschaften Hechingen, Stuttgart und T\u00fcbingen sowie das Polizeipr\u00e4sidium Reutlingen in einem gro\u00df angelegten Einsatz gegen mutma\u00dfliche Besitzer kinderpornografischen Materials vorgegangen. Die Ermittlerinnen und Ermittler der Kriminalpolizeidirektion Esslingen vollstreckten dabei mit Unterst\u00fctzung durch das Polizeipr\u00e4sidium Einsatz \u00fcber zwei Dutzend im Vorfeld erlassene Durchsuchungsbeschl\u00fcsse. Insgesamt waren an der Aktion rund 180 Beamtinnen und Beamte beteiligt.<br \/>\nDem Einsatz waren Hinweise US-amerikanischer Sicherheitsbeh\u00f6rden sowie umfangreiche Ermittlungen, unter anderem im Internet vorausgegangen, die in der Identifizierung von insgesamt 31 Tatverd\u00e4chtigen, darunter zwei Frauen m\u00fcndeten. Ihnen wird die Verbreitung, der Erwerb sowie der Besitz kinder- und jugendpornografischer Inhalte zur Last gelegt.<br \/>\nDurch die zust\u00e4ndigen Staatsanwaltschaften wurden daraufhin 28 richterliche Durchsuchungsbeschl\u00fcsse f\u00fcr die in allen vier Landkreisen des Polizeipr\u00e4sidiums Reutlingen wohnhaften Personen im Alter zwischen 21 und 72 Jahren erwirkt. Bei der koordinierten Vollstreckung der Beschl\u00fcsse am Dienstagmorgen (RT: 16 \/ ES: 1 \/ T\u00dc: 6 \/ ZAK: 5) stellten die Polizeibeamtinnen und Polizeibeamten umfangreiche Beweismittel sicher. Darunter befinden sich \u00fcberwiegend Smartphones, Tablets, Notebooks und weitere Speichermedien, die nun ausgewertet werden.<br \/>\nDie kriminalpolizeilichen Ermittlungen, insbesondere zu m\u00f6glichen weiteren Tatverd\u00e4chtigen oder zu den Verbreitungswegen der verbotenen Inhalte, dauern an.<\/p>\n<p style=\"text-align: justify;\"><strong>Ohmden \/ Kirchheim: Einbrecher unterwegs<br \/>\n<\/strong>In Ohmden und Kirchheim haben am Montag Einbrecher ihr Unwesen getrieben. In der Zeit zwischen 7.30 Uhr und 19.15 Uhr hebelte ein Unbekannter die Terrassent\u00fcr eines Einfamilienhauses in der Carl-Scheufelen-Stra\u00dfe in Ohmden auf und suchte im Inneren nach Wertgegenst\u00e4nden. Ob etwas gestohlen wurde, steht abschlie\u00dfend noch nicht fest. Allerdings hinterlie\u00df der T\u00e4ter einen Sachschaden in H\u00f6he von sch\u00e4tzungsweise 2.000 Euro. Ebenfalls gegen 19.15 Uhr wurden Zeugen im Burgtobelweg in Kirchheim auf verd\u00e4chtige Ger\u00e4usche beim Nachbargeb\u00e4ude aufmerksam. Dort versuchten nach derzeitigem Kenntnisstand mehrere Kriminelle, \u00fcber ein Fenster ins Haus zu gelangen. Dies scheiterte jedoch. Die T\u00e4ter konnten trotz der sofort nach dem Notruf eingeleiteten Fahndungsma\u00dfnahmen, an denen auch ein Polizeihubschrauber beteiligt war, nicht mehr angetroffen werden. Das Polizeirevier Kirchheim hat in beiden F\u00e4llen die Ermittlungen aufgenommen und pr\u00fcft dabei insbesondere auch m\u00f6gliche Zusammenh\u00e4nge der Taten.<\/p>\n<p style=\"text-align: justify;\"><strong>N\u00fcrtingen: Kollision zwischen Auto und Linienbus<br \/>\n<\/strong>Zur Kollision zwischen einem Auto und einem Linienbus ist es am Montagnachmittag auf der B 297 gekommen. Gegen 17.20 Uhr war ein 22 Jahre alter Mann mit einem Mini auf der Bundesstra\u00dfe von Kirchheim herkommend in Richtung N\u00fcrtingen-Reudern unterwegs. Ersten Erkenntnissen zufolge geriet er dabei aufgrund von Sekundenschlafs im Bereich einer leichten Rechtskurve auf die Gegenfahrspur. Daraufhin streifte der Pkw die Seite eines entgegenkommenden Linienbusses, wobei sich das linke Vorderrad des Autos im Radkasten einer der Omnibusachsen verkeilte. Das Rad des Mini, der sich um die eigene Achse drehte, wurde herausgerissen. Verletzt wurde nach derzeitigem Kenntnisstand niemand. Der 22-J\u00e4hrige wurde vorsorglich vom Rettungsdienst ins Krankenhaus gebracht. Den Gesamtschaden sch\u00e4tzt die Polizei auf circa 13.000 Euro. Der Mini musste zudem abgeschleppt werden. Im Zuge der Unfallaufnahme war eine zeitweise Vollsperrung des betroffenen Streckenabschnitts der B 297 erforderlich. Dies f\u00fchrte zu entsprechenden Verkehrsbehinderungen.<\/p>\n<p style=\"text-align: justify;\"><strong>Frickenhausen: Fahrzeug in Brand geraten<br \/>\n<\/strong>Dank dem schnellen Eingreifen einer Rettungswagen-Besatzung konnte am Montagmittag ein Fahrzeugbrand rasch gel\u00f6scht werden. Ein 73-J\u00e4hriger war kurz nach zw\u00f6lf Uhr mit einem knapp 40 Jahre alten Wohnmobil von Tischardt herkommend in Richtung Frickenhausen unterwegs. Am Ortsbeginn fing das Fahrzeug aus bislang ungekl\u00e4rter Ursache im Inneren Feuer, worauf der Fahrer anhielt und ausstieg. Eine zuf\u00e4llig vorbeikommende Besatzung eines Rettungswagens bemerkte den Brand und einem der Sanit\u00e4ter gelang es, mit einem Feuerl\u00f6scher die Flammen rasch zu ersticken. Die sofort verst\u00e4ndigte Feuerwehr, die mit zehn Einsatzkr\u00e4ften und zwei Fahrzeugen ausger\u00fcckt war, musste im Anschluss lediglich Nachl\u00f6scharbeiten verrichten. Da sich der Senior Verletzungen zugezogen hatte, wurde er mit dem Rettungswagen anschlie\u00dfend zur medizinischen Versorgung in eine Klinik gebracht. Das Wohnmobil musste abgeschleppt werden. \u00dcber die H\u00f6he des Sachschadens liegen noch keine Erkenntnisse vor.<\/p>\n<p style=\"text-align: justify;\"><strong>Ostfildern: Mit stinkendem Spray in Schulgeb\u00e4ude gespr\u00fcht<br \/>\n<\/strong>Das Verspr\u00fchen eines sogenannten Scherz-Sprays hat am Montagmittag zum Einsatz der Polizei an einer Schule in Nellingen, In den Anlagen, gef\u00fchrt. Dem bisherigen Ermittlungsstand zufolge hatten gegen 13 Uhr zwei Kinder mit einem \u00fcbel riechenden Spray herum gespr\u00fcht, wodurch drei Mitsch\u00fcler leichte Augen- und Atemwegsreizungen erlitten. Eine medizinische Behandlung der betroffenen Kinder im Alter von zehn und elf Jahren war nicht notwendig. Die beiden elf und zw\u00f6lf Jahre alten Verursacher konnten durch die Polizeibeamten vor Ort festgestellt werden. Im Anschluss wurden die Eltern \u00fcber den Vorfall informiert und das Spray einbehalten. Das Polizeirevier Filderstadt ermittelt nun wegen des Verdachts der gef\u00e4hrlichen K\u00f6rperverletzung.<\/p>\n<p style=\"text-align: justify;\"><strong>Kirchheim\/Teck: Beinahe-Brand an Ofenrohr<br \/>\n<\/strong>Feuerwehr und Polizei sind am Montagnachmittag zu einem gemeldeten Brand in die Vordere Stra\u00dfe nach Jesingen geeilt. Dort hatten mehrere Anrufer kurz vor 17 Uhr starken Rauchgeruch an einem Wohnhaus bemerkt und den Notruf gew\u00e4hlt. Die Einsatzkr\u00e4fte stellten bei der \u00dcberpr\u00fcfung ein Rauchrohr zum Kamin fest, welches nahezu komplett mit Gr\u00fcnpflanzen eingewachsen war, die bei der Inbetriebnahme des Ofens infolge der Hitze teilweise in Brand geraten waren. Die acht Kr\u00e4fte der Feuerwehr l\u00f6schten die Pflanzen ab und entfernten sie. Der betroffene Ofenbesitzer wurde zudem auf m\u00f6gliche Gefahren hingewiesen. Ob ein Schaden an der Anlage entstanden ist, bedarf noch der \u00dcberpr\u00fcfung.<\/p>\n<p style=\"text-align: justify;\"><strong>Filderstadt-Bernhausen: Nach Raub und K\u00f6rperverletzung in Haft (Filderstadt)<\/strong><br \/>\nWegen des Verdachts des Raubes und der K\u00f6rperverletzung ermitteln die Staatsanwaltschaft Stuttgart und das Polizeirevier Filderstadt gegen einen 36-J\u00e4hrigen. Der Mann befindet sich zwischenzeitlich in Untersuchungshaft.<br \/>\nAm Freitagmorgen, gegen 5.45 Uhr, war es aus noch ungekl\u00e4rten Gr\u00fcnden am Dr.-Peter-Bl\u00fcmlein-Platz in Bernhausen zu einer Auseinandersetzung zwischen dem 36-J\u00e4hrigen und einer Gruppe von f\u00fcnf Studenten im Alter zwischen 23 und 25 Jahren gekommen, in deren Verlauf der Tatverd\u00e4chtige durch einen Faustschlag ins Gesicht die Brille eines 25-J\u00e4hrigen besch\u00e4digt und einem 23-J\u00e4hrigen dessen Jacke und Rucksack gewaltsam entrissen haben soll. Beides konnte ihm aber von den Gesch\u00e4digten nach wenigen Metern bei seiner Flucht wieder abgenommen werden. Ernsthaft verletzt wurde niemand. Dem 36-J\u00e4hrigen wurde durch die zwischenzeitlich alarmierten Polizeibeamten nach Durchf\u00fchrung der erforderlichen Ma\u00dfnahmen vor Ort ein Platzverweis erteilt, dem er zun\u00e4chst auch umgehend nachkam. Nachdem es wenig sp\u00e4ter in einer nahegelegenen B\u00e4ckerei zu einer erneuten St\u00f6rung durch den 36-J\u00e4hrigen kam, wurde dieser durch Polizeibeamte vorl\u00e4ufig festgenommen und am Samstag auf Antrag der Staatsanwaltschaft Stuttgart dem Haftrichter beim Amtsgericht N\u00fcrtingen vorgef\u00fchrt. Dieser erlie\u00df den von der Staatsanwaltschaft Stuttgart beantragten Haftbefehl und setzte ihn in Vollzug. Der syrische Staatsangeh\u00f6rige wurde in eine Justizvollzugsanstalt eingeliefert. Die Ermittlungen dauern an.<\/p>\n<p style=\"text-align: justify;\"><strong>Reichenbach: In Leitplanke geprallt<br \/>\n<\/strong>Ein Schaden in H\u00f6he von etwa 20.000 Euro ist bei einem Gl\u00e4tteunfall am fr\u00fchen Montagmorgen bei Reichenbach entstanden. Ein 29-J\u00e4hriger befuhr gegen 5.20 Uhr mit einem Mercedes-Benz die Saint-Savine-Br\u00fccke. Auf glatter Fahrbahn geriet sein Fahrzeug ins Schleudern und touchierte die Leitplanke. Der Pkw musste im Anschluss abgeschleppt werden.<\/p>\n<hr \/>\n<p>&nbsp;<\/p>\n","protected":false},"excerpt":{"rendered":"<p>Quelle: ots Dettingen unter Teck: Auffahrunfall mit zwei Leichtverletzten Zu einem folgenschweren Verkehrsunfall mit drei beteiligten Fahrzeugen ist es am Samstagnachmittag auf der Bundesstra\u00dfe 465 gekommen. Gegen 16.50 Uhr befuhr der 23 Jahre alte Lenker eines Skoda Fabia die B465 von Owen kommend in Richtung Dettingen unter Teck. Er bemerkte zu sp\u00e4t, dass sich vor [&hellip;]<\/p>\n","protected":false},"author":4,"featured_media":152245,"comment_status":"closed","ping_status":"open","sticky":false,"template":"","format":"standard","meta":{"inline_featured_image":false,"_exactmetrics_skip_tracking":false,"_exactmetrics_sitenote_active":false,"_exactmetrics_sitenote_note":"","_exactmetrics_sitenote_category":0,"footnotes":""},"categories":[11240],"tags":[14857,14440,68,205,1625],"class_list":{"0":"post-158764","1":"post","2":"type-post","3":"status-publish","4":"format-standard","5":"has-post-thumbnail","7":"category-region-esslingen","8":"tag-die-webzeitung","9":"tag-esslingen","10":"tag-online-zeitung","11":"tag-polizei","12":"tag-report"},"image_feature":"https:\/\/die-webzeitung.de\/stuttgart\/wp-content\/uploads\/sites\/4\/2024\/02\/Polizei-Pix-scaled.jpg","author_name":"Redaktion","pure_taxonomies":{"categories":[{"term_id":11240,"name":"Polizei-Report Esslingen","slug":"region-esslingen","term_group":0,"term_taxonomy_id":11278,"taxonomy":"category","description":"Polizeiberichte aus der Region des Landkreises Esslingen","parent":1619,"count":69,"filter":"raw","image":""}],"tags":[{"term_id":14857,"name":"Die-Webzeitung","slug":"die-webzeitung","term_group":0,"term_taxonomy_id":14876,"taxonomy":"post_tag","description":"","parent":0,"count":3623,"filter":"raw","image":""},{"term_id":14440,"name":"Esslingen","slug":"esslingen","term_group":0,"term_taxonomy_id":3885,"taxonomy":"post_tag","description":"","parent":0,"count":202,"filter":"raw","image":""},{"term_id":68,"name":"Online-Zeitung","slug":"online-zeitung","term_group":0,"term_taxonomy_id":69,"taxonomy":"post_tag","description":"","parent":0,"count":3593,"filter":"raw","image":""},{"term_id":205,"name":"Polizei","slug":"polizei","term_group":0,"term_taxonomy_id":208,"taxonomy":"post_tag","description":"","parent":0,"count":277,"filter":"raw","image":""},{"term_id":1625,"name":"Report","slug":"report","term_group":0,"term_taxonomy_id":1634,"taxonomy":"post_tag","description":"","parent":0,"count":210,"filter":"raw","image":""}]},"_links":{"self":[{"href":"https:\/\/die-webzeitung.de\/stuttgart\/wp-json\/wp\/v2\/posts\/158764","targetHints":{"allow":["GET"]}}],"collection":[{"href":"https:\/\/die-webzeitung.de\/stuttgart\/wp-json\/wp\/v2\/posts"}],"about":[{"href":"https:\/\/die-webzeitung.de\/stuttgart\/wp-json\/wp\/v2\/types\/post"}],"author":[{"embeddable":true,"href":"https:\/\/die-webzeitung.de\/stuttgart\/wp-json\/wp\/v2\/users\/4"}],"replies":[{"embeddable":true,"href":"https:\/\/die-webzeitung.de\/stuttgart\/wp-json\/wp\/v2\/comments?post=158764"}],"version-history":[{"count":12,"href":"https:\/\/die-webzeitung.de\/stuttgart\/wp-json\/wp\/v2\/posts\/158764\/revisions"}],"predecessor-version":[{"id":158834,"href":"https:\/\/die-webzeitung.de\/stuttgart\/wp-json\/wp\/v2\/posts\/158764\/revisions\/158834"}],"wp:featuredmedia":[{"embeddable":true,"href":"https:\/\/die-webzeitung.de\/stuttgart\/wp-json\/wp\/v2\/media\/152245"}],"wp:attachment":[{"href":"https:\/\/die-webzeitung.de\/stuttgart\/wp-json\/wp\/v2\/media?parent=158764"}],"wp:term":[{"taxonomy":"category","embeddable":true,"href":"https:\/\/die-webzeitung.de\/stuttgart\/wp-json\/wp\/v2\/categories?post=158764"},{"taxonomy":"post_tag","embeddable":true,"href":"https:\/\/die-webzeitung.de\/stuttgart\/wp-json\/wp\/v2\/tags?post=158764"}],"curies":[{"name":"wp","href":"https:\/\/api.w.org\/{rel}","templated":true}]}}