{"id":158730,"date":"2025-11-19T15:37:31","date_gmt":"2025-11-19T14:37:31","guid":{"rendered":"https:\/\/die-webzeitung.de\/stuttgart\/?p=158730"},"modified":"2025-11-19T15:37:31","modified_gmt":"2025-11-19T14:37:31","slug":"spaetere-inbetriebnahme-von-stuttgart-21","status":"publish","type":"post","link":"https:\/\/die-webzeitung.de\/stuttgart\/2025\/11\/19\/spaetere-inbetriebnahme-von-stuttgart-21\/","title":{"rendered":"Sp\u00e4tere Inbetriebnahme von Stuttgart 21"},"content":{"rendered":"<h4 style=\"text-align: justify;\"><strong>Stellungnahme des Verband Region Stuttgart zur aktuellen Berichterstattung<\/strong><\/h4>\n<p style=\"text-align: justify;\">Stuttgart.| Angesichts der aktuellen Berichterstattung in mehreren Medien zur abgesagten Inbetriebnahme von Stuttgart 21 erkl\u00e4rte der Vorsitzende des Verbands Region Stuttgart, Rainer Wieland Folgendes:<\/p>\n<p style=\"text-align: justify;\">\u201eDie aktuellen Meldungen zur erneut verschobenen Inbetriebnahme machen uns betroffen. Dies ist vor allem ein verheerendes Signal f\u00fcr den Eintritt der deutschen Schiene in das digitale Zeitalter. Der Verband Region Stuttgart hat in der Vergangenheit vielf\u00e4ltige Anstrengungen unternommen, um das digitale Zeitalter f\u00fcr die Schiene in der Region vorzubereiten \u2013 unter anderem indem wir unsere S-Bahnfahrzeuge auf die neue Technik umger\u00fcstet haben. Stuttgart 21 sollte der Startschuss f\u00fcr die Digitale Schiene in Deutschland und Europa sein.<\/p>\n<p style=\"text-align: justify;\">Die Digitalisierung ist nicht das Problem \u2013 sie ist die L\u00f6sung. Jetzt r\u00e4cht sich jedoch, dass die Digitale Schiene von der Deutschen Bahn viel zu z\u00f6gerlich entwickelt wurde. Wir erwarten von der Deutschen Bahn und den verantwortlichen Personen ein klares und unmissverst\u00e4ndliches Bekenntnis zur Digitalen Schiene in Deutschland \u2013 und dass mit Hochdruck an allen notwendigen Komponenten gearbeitet wird, damit Stuttgart 21 zu dem wird, was es sein soll: ein Bahnhof der Zukunft und ein Vorreiter f\u00fcr die Digitalisierung der Schiene in Deutschland und Europa.<\/p>\n<p style=\"text-align: justify;\">Sollten die jetzt bekannt gewordenen Probleme bereits im Sommer absehbar gewesen sein, w\u00e4re das im \u00dcbrigen ein deutliches Zeichen daf\u00fcr, dass die Bahn nicht nur bei der Umsetzung von Infrastrukturprojekten, sondern auch in ihrer Kommunikation schlecht aufgestellt ist. Wir erwarten einen Paradigmenwechsel in der Kommunikation \u2013 sowohl gegen\u00fcber den Projektpartnern als auch gegen\u00fcber der \u00d6ffentlichkeit,\u201c so Rainer Wieland, Vorsitzender des Verbands Region Stuttgart.<\/p>\n<p style=\"text-align: justify;\">Weiterhin erkl\u00e4rte der Vorsitzende des Verband Region Stuttgart: Ich habe mich mit dem Oberb\u00fcrgermeister der Landeshauptstadt Stuttgart, Dr. Frank Nopper, heute abgestimmt und die Landeshauptstadt und der Verband Region Stuttgart verlangen, entsprechend der Gesch\u00e4ftsordnung der Landkreise eine Sondersitzung durchzuf\u00fchren. Wir erwarten, dass bei dieser Sitzung entsprechend der Ministerpr\u00e4sident und die Bahnchefin, als dem Lenkungskreis angeh\u00f6rende Mitglieder, den Vorsitz f\u00fchren.<\/p>\n<hr \/>\n<p style=\"text-align: justify;\">\n","protected":false},"excerpt":{"rendered":"<p>Stellungnahme des Verband Region Stuttgart zur aktuellen Berichterstattung Stuttgart.| Angesichts der aktuellen Berichterstattung in mehreren Medien zur abgesagten Inbetriebnahme von Stuttgart 21 erkl\u00e4rte der Vorsitzende des Verbands Region Stuttgart, Rainer Wieland Folgendes: \u201eDie aktuellen Meldungen zur erneut verschobenen Inbetriebnahme machen uns betroffen. Dies ist vor allem ein verheerendes Signal f\u00fcr den Eintritt der deutschen Schiene [&hellip;]<\/p>\n","protected":false},"author":4,"featured_media":158731,"comment_status":"closed","ping_status":"open","sticky":false,"template":"","format":"standard","meta":{"inline_featured_image":false,"_exactmetrics_skip_tracking":false,"_exactmetrics_sitenote_active":false,"_exactmetrics_sitenote_note":"","_exactmetrics_sitenote_category":0,"footnotes":""},"categories":[59,2239],"tags":[14857,68,275,206],"class_list":{"0":"post-158730","1":"post","2":"type-post","3":"status-publish","4":"format-standard","5":"has-post-thumbnail","7":"category-aktuell","8":"category-stuttgart-lokal","9":"tag-die-webzeitung","10":"tag-online-zeitung","11":"tag-stuttgart","12":"tag-stuttgart-21"},"image_feature":"https:\/\/die-webzeitung.de\/stuttgart\/wp-content\/uploads\/sites\/4\/2025\/11\/stuttgart-8003211_1280-scaled.jpg","author_name":"Redaktion","pure_taxonomies":{"categories":[{"term_id":59,"name":"Aktuell","slug":"aktuell","term_group":0,"term_taxonomy_id":60,"taxonomy":"category","description":"","parent":0,"count":1017,"filter":"raw","image":""},{"term_id":2239,"name":"Stuttgart","slug":"stuttgart-lokal","term_group":0,"term_taxonomy_id":2252,"taxonomy":"category","description":"Berichte und Informationen aus Stuttgart","parent":1433,"count":941,"filter":"raw","image":""}],"tags":[{"term_id":14857,"name":"Die-Webzeitung","slug":"die-webzeitung","term_group":0,"term_taxonomy_id":14876,"taxonomy":"post_tag","description":"","parent":0,"count":3623,"filter":"raw","image":""},{"term_id":68,"name":"Online-Zeitung","slug":"online-zeitung","term_group":0,"term_taxonomy_id":69,"taxonomy":"post_tag","description":"","parent":0,"count":3593,"filter":"raw","image":""},{"term_id":275,"name":"Stuttgart","slug":"stuttgart","term_group":0,"term_taxonomy_id":281,"taxonomy":"post_tag","description":"","parent":0,"count":1194,"filter":"raw","image":""},{"term_id":206,"name":"Stuttgart 21","slug":"stuttgart-21","term_group":0,"term_taxonomy_id":209,"taxonomy":"post_tag","description":"","parent":0,"count":24,"filter":"raw","image":""}]},"_links":{"self":[{"href":"https:\/\/die-webzeitung.de\/stuttgart\/wp-json\/wp\/v2\/posts\/158730","targetHints":{"allow":["GET"]}}],"collection":[{"href":"https:\/\/die-webzeitung.de\/stuttgart\/wp-json\/wp\/v2\/posts"}],"about":[{"href":"https:\/\/die-webzeitung.de\/stuttgart\/wp-json\/wp\/v2\/types\/post"}],"author":[{"embeddable":true,"href":"https:\/\/die-webzeitung.de\/stuttgart\/wp-json\/wp\/v2\/users\/4"}],"replies":[{"embeddable":true,"href":"https:\/\/die-webzeitung.de\/stuttgart\/wp-json\/wp\/v2\/comments?post=158730"}],"version-history":[{"count":1,"href":"https:\/\/die-webzeitung.de\/stuttgart\/wp-json\/wp\/v2\/posts\/158730\/revisions"}],"predecessor-version":[{"id":158732,"href":"https:\/\/die-webzeitung.de\/stuttgart\/wp-json\/wp\/v2\/posts\/158730\/revisions\/158732"}],"wp:featuredmedia":[{"embeddable":true,"href":"https:\/\/die-webzeitung.de\/stuttgart\/wp-json\/wp\/v2\/media\/158731"}],"wp:attachment":[{"href":"https:\/\/die-webzeitung.de\/stuttgart\/wp-json\/wp\/v2\/media?parent=158730"}],"wp:term":[{"taxonomy":"category","embeddable":true,"href":"https:\/\/die-webzeitung.de\/stuttgart\/wp-json\/wp\/v2\/categories?post=158730"},{"taxonomy":"post_tag","embeddable":true,"href":"https:\/\/die-webzeitung.de\/stuttgart\/wp-json\/wp\/v2\/tags?post=158730"}],"curies":[{"name":"wp","href":"https:\/\/api.w.org\/{rel}","templated":true}]}}