{"id":158690,"date":"2025-11-16T11:18:52","date_gmt":"2025-11-16T10:18:52","guid":{"rendered":"https:\/\/die-webzeitung.de\/stuttgart\/?p=158690"},"modified":"2025-11-16T11:18:52","modified_gmt":"2025-11-16T10:18:52","slug":"haushaltsberatungen-zum-doppelhaushalt-werden-noch-schwieriger","status":"publish","type":"post","link":"https:\/\/die-webzeitung.de\/stuttgart\/2025\/11\/16\/haushaltsberatungen-zum-doppelhaushalt-werden-noch-schwieriger\/","title":{"rendered":"Haushaltsberatungen zum Doppelhaushalt werden noch schwieriger"},"content":{"rendered":"<header class=\"SP-ArticleHeader\">\n<div class=\"SP-Intro\">\n<div class=\"SP-Intro__header\">\n<p id=\"haushaltsberatungen-zum-doppelhaushalt-werden-noch-schwieriger-bm-fuhrmann-wir-stehen-vor-groesseren-herausforderungen-als-gedacht\" class=\"SP-Headline--article\" style=\"text-align: justify;\"><strong>BM Fuhrmann: \u201eWir stehen vor gr\u00f6\u00dferen Herausforderungen als gedacht.\u201c<\/strong><\/p>\n<\/div>\n<p>Stuttgart.| Kurz vor den am Montag beginnenden Haushaltsplanberatungen haben sich die bereits negativen Prognosen f\u00fcr den Stuttgarter Haushalt weiter massiv verschlechtert. Binnen der letzten zwei Wochen sind der Verwaltung aus der Wirtschaft weitere Einbr\u00fcche bei der Gewerbesteuer gemeldet worden.<\/p>\n<\/div>\n<\/header>\n<div class=\"SP-ArticleContent\">\n<div class=\"SP-Section\">\n<div class=\"SP-Section__content\">\n<div class=\"SP-Text\">\n<div class=\"SP-Paragraph\" data-sp-table=\"\" data-sp-table-bootstrapped=\"sp-22\">\n<p style=\"text-align: justify;\">Ertragsverbesserungen durch die Herbststeuersch\u00e4tzung und das Finanzpaket des Landes k\u00f6nnen dies nicht vollst\u00e4ndig kompensieren. Deshalb werden die Beratungen f\u00fcr den n\u00e4chsten Doppelhaushalt der Landeshauptstadt in der kommenden Woche komplett im Zeichen der Konsolidierung stehen. Dar\u00fcber hat die Stadtverwaltung heute, 14. November 2025, den Gemeinderat informiert. Zu beraten sind vordringlich Vorschl\u00e4ge aus den Fraktionen und der Verwaltung, wie die erhebliche Finanzierungsl\u00fccke geschlossen werden kann.<\/p>\n<p style=\"text-align: justify;\"><strong>Einbruch bei Gewerbesteuer\u2010Einnahmen<\/strong><\/p>\n<p style=\"text-align: justify;\">Die Gewerbesteuern machen einen gro\u00dfen Teil der Einnahmen der Landeshauptstadt aus. In den vergangenen drei Jahren lag ihr Anteil zwischen 23 und 30 Prozent der Gesamteinnahmen. Die Einnahmen aus Gewerbesteuern lagen seit 2022 jeweils zwischen rund einer und anderthalb Milliarden Euro. Dagegen geht Finanzb\u00fcrgermeister Thomas Fuhrmann aufgrund der aktuellen wirtschaftlichen Entwicklung f\u00fcr 2025 inzwischen nur noch von rund 750 Millionen Euro an Gewerbesteuerertrag aus. Und die Ans\u00e4tze gegen\u00fcber der Einbringung des Doppelhaushalts m\u00fcssen f\u00fcr 2026 um 200 Millionen auf 700 Millionen Euro und f\u00fcr 2027 um 100 Millionen auf 800 Millionen Euro nach unten korrigiert werden.<\/p>\n<p style=\"text-align: justify;\">Das bringt den im Oktober eingebrachten Haushaltsplan ins Wanken. \u201eDas Fundament, auf das wir aufbauen wollten, ist nicht mehr da\u201c, sagt der Finanzb\u00fcrgermeister. \u201eWir m\u00fcssen zur\u00fcck ans Rei\u00dfbrett. Allererstes Ziel muss es sein, einen genehmigungsf\u00e4higen Haushalt zu erreichen, um unsere eigene Handlungsf\u00e4higkeit zu erhalten. Das wird f\u00fcr 2026\/27 eine gewaltige Herausforderung f\u00fcr alle.\u201c<\/p>\n<p style=\"text-align: justify;\">Die notwendigen Einschnitte werden wahrscheinlich in allen Teilen der Stadtgesellschaft deutlich zu sp\u00fcren sein, so Fuhrmann. Doch das Ziel sei nur zu erreichen, wenn kein Bereich ausgespart wird. Nur so sei es \u00fcberhaupt m\u00f6glich, einen Gestaltungsspielraum zu bewahren, um durch freiwillige F\u00f6rderma\u00dfnahmen \u00fcber die reinen Pflichtaufgaben der Kommune hinaus noch wichtige Akzente f\u00fcr die Stadt setzen zu k\u00f6nnen. \u201eSollte uns das nicht gelingen, w\u00fcrde die haushaltslose Zeit Stillstand in vielen Bereichen bedeuten\u201c, betont Fuhrmann. \u201eDas w\u00fcrde der Stadtgesellschaft sicher mehr schaden als schmerzhafte, aber notwendige K\u00fcrzungen im Haushalt.\u201c<\/p>\n<hr \/>\n<p style=\"text-align: justify;\">\n<\/div>\n<\/div>\n<\/div>\n<\/div>\n<\/div>\n","protected":false},"excerpt":{"rendered":"<p>BM Fuhrmann: \u201eWir stehen vor gr\u00f6\u00dferen Herausforderungen als gedacht.\u201c Stuttgart.| Kurz vor den am Montag beginnenden Haushaltsplanberatungen haben sich die bereits negativen Prognosen f\u00fcr den Stuttgarter Haushalt weiter massiv verschlechtert. Binnen der letzten zwei Wochen sind der Verwaltung aus der Wirtschaft weitere Einbr\u00fcche bei der Gewerbesteuer gemeldet worden. Ertragsverbesserungen durch die Herbststeuersch\u00e4tzung und das Finanzpaket [&hellip;]<\/p>\n","protected":false},"author":4,"featured_media":158691,"comment_status":"closed","ping_status":"open","sticky":false,"template":"","format":"standard","meta":{"inline_featured_image":false,"_exactmetrics_skip_tracking":false,"_exactmetrics_sitenote_active":false,"_exactmetrics_sitenote_note":"","_exactmetrics_sitenote_category":0,"footnotes":""},"categories":[2239],"tags":[14857,197,12760,68,9094,18199,275],"class_list":{"0":"post-158690","1":"post","2":"type-post","3":"status-publish","4":"format-standard","5":"has-post-thumbnail","7":"category-stuttgart-lokal","8":"tag-die-webzeitung","9":"tag-haushalt","10":"tag-landeshauptstadt","11":"tag-online-zeitung","12":"tag-planung","13":"tag-probleme","14":"tag-stuttgart"},"image_feature":"https:\/\/die-webzeitung.de\/stuttgart\/wp-content\/uploads\/sites\/4\/2025\/11\/Geldscheine-trans-1-1-scaled.jpg","author_name":"Redaktion","pure_taxonomies":{"categories":[{"term_id":2239,"name":"Stuttgart","slug":"stuttgart-lokal","term_group":0,"term_taxonomy_id":2252,"taxonomy":"category","description":"Berichte und Informationen aus Stuttgart","parent":1433,"count":941,"filter":"raw","image":""}],"tags":[{"term_id":14857,"name":"Die-Webzeitung","slug":"die-webzeitung","term_group":0,"term_taxonomy_id":14876,"taxonomy":"post_tag","description":"","parent":0,"count":3623,"filter":"raw","image":""},{"term_id":197,"name":"Haushalt","slug":"haushalt","term_group":0,"term_taxonomy_id":199,"taxonomy":"post_tag","description":"","parent":0,"count":16,"filter":"raw","image":""},{"term_id":12760,"name":"Landeshauptstadt","slug":"landeshauptstadt","term_group":0,"term_taxonomy_id":12801,"taxonomy":"post_tag","description":"","parent":0,"count":7,"filter":"raw","image":""},{"term_id":68,"name":"Online-Zeitung","slug":"online-zeitung","term_group":0,"term_taxonomy_id":69,"taxonomy":"post_tag","description":"","parent":0,"count":3593,"filter":"raw","image":""},{"term_id":9094,"name":"Planung","slug":"planung","term_group":0,"term_taxonomy_id":9119,"taxonomy":"post_tag","description":"","parent":0,"count":2,"filter":"raw","image":""},{"term_id":18199,"name":"Probleme","slug":"probleme","term_group":0,"term_taxonomy_id":18218,"taxonomy":"post_tag","description":"","parent":0,"count":1,"filter":"raw","image":""},{"term_id":275,"name":"Stuttgart","slug":"stuttgart","term_group":0,"term_taxonomy_id":281,"taxonomy":"post_tag","description":"","parent":0,"count":1194,"filter":"raw","image":""}]},"_links":{"self":[{"href":"https:\/\/die-webzeitung.de\/stuttgart\/wp-json\/wp\/v2\/posts\/158690","targetHints":{"allow":["GET"]}}],"collection":[{"href":"https:\/\/die-webzeitung.de\/stuttgart\/wp-json\/wp\/v2\/posts"}],"about":[{"href":"https:\/\/die-webzeitung.de\/stuttgart\/wp-json\/wp\/v2\/types\/post"}],"author":[{"embeddable":true,"href":"https:\/\/die-webzeitung.de\/stuttgart\/wp-json\/wp\/v2\/users\/4"}],"replies":[{"embeddable":true,"href":"https:\/\/die-webzeitung.de\/stuttgart\/wp-json\/wp\/v2\/comments?post=158690"}],"version-history":[{"count":1,"href":"https:\/\/die-webzeitung.de\/stuttgart\/wp-json\/wp\/v2\/posts\/158690\/revisions"}],"predecessor-version":[{"id":158692,"href":"https:\/\/die-webzeitung.de\/stuttgart\/wp-json\/wp\/v2\/posts\/158690\/revisions\/158692"}],"wp:featuredmedia":[{"embeddable":true,"href":"https:\/\/die-webzeitung.de\/stuttgart\/wp-json\/wp\/v2\/media\/158691"}],"wp:attachment":[{"href":"https:\/\/die-webzeitung.de\/stuttgart\/wp-json\/wp\/v2\/media?parent=158690"}],"wp:term":[{"taxonomy":"category","embeddable":true,"href":"https:\/\/die-webzeitung.de\/stuttgart\/wp-json\/wp\/v2\/categories?post=158690"},{"taxonomy":"post_tag","embeddable":true,"href":"https:\/\/die-webzeitung.de\/stuttgart\/wp-json\/wp\/v2\/tags?post=158690"}],"curies":[{"name":"wp","href":"https:\/\/api.w.org\/{rel}","templated":true}]}}