{"id":158681,"date":"2025-11-15T20:58:42","date_gmt":"2025-11-15T19:58:42","guid":{"rendered":"https:\/\/die-webzeitung.de\/stuttgart\/?p=158681"},"modified":"2025-11-16T11:11:58","modified_gmt":"2025-11-16T10:11:58","slug":"bahnstrecke-auf-den-fildern-fertig","status":"publish","type":"post","link":"https:\/\/die-webzeitung.de\/stuttgart\/2025\/11\/15\/bahnstrecke-auf-den-fildern-fertig\/","title":{"rendered":"Bahnstrecke auf den Fildern fertig"},"content":{"rendered":"<h4 style=\"text-align: justify;\"><strong>Bahn stellt \u00fcber A 8 Verkehrszeichenbr\u00fccke auf<\/strong><\/h4>\n<p style=\"text-align: justify;\">Stuttgart.| Der Filderabschnitt der neuen Bahnstrecke Stuttgart\u2013Ulm ist fertiggestellt. Im Zuge der Arbeiten an der landschaftsschonend parallel zur Autobahn A 8 verlaufenden Hochgeschwindigkeitstrasse wurden auch einzelne Verkehrsknoten f\u00fcr den Autoverkehr neu geordnet. Die Deutsche Bahn vervollst\u00e4ndigt dazu in den kommenden N\u00e4chten die Beschilderung im Bereich der Anschlussstelle Plieningen.<\/p>\n<p style=\"text-align: justify;\">So werden dort in der Nacht von Montag, 17. November 2025, auf Dienstag, 18. November 2025, \u00fcber der A 8 in Fahrtrichtung Karlsruhe eine provisorisch aufgestellte Verkehrszeichenbr\u00fccke abgebaut und eine neue Verkehrszeichenbr\u00fccke aufgestellt. Die Autobahn wird auf diesem Abschnitt kurz gesperrt. Dazu h\u00e4lt die Polizei zwischen voraussichtlich 23 und 2 Uhr f\u00fcr etwa 20 Minuten den Verkehr in Richtung Karlsruhe an, um einen sicheren Auf- und Abbau zu gew\u00e4hrleisten.<\/p>\n<p style=\"text-align: justify;\">Ebenfalls in der Nacht zum Dienstag, 18. November 2025, wird f\u00fcr die Montage mehrerer Schilder die Abfahrrampe der Anschlussstelle Plieningen zeitweise gesperrt.<\/p>\n<p style=\"text-align: justify;\">Aus demselben Grund wird in der Nacht von Mittwoch, 19. November 2025, auf Donnertag, 20. November 2025, in diesem Bereich die Bundesstra\u00dfe B 312 zeitweise gesperrt.<\/p>\n<p style=\"text-align: justify;\">Die Sperrungen sind jeweils im Zeitraum zwischen 20 und 5.30 Uhr geplant. Bei unvorhergesehen Verz\u00f6gerungen werden die Arbeiten in der jeweils darauffolgenden Nacht abgeschlossen.<\/p>\n<hr \/>\n<p style=\"text-align: justify;\">\n","protected":false},"excerpt":{"rendered":"<p>Bahn stellt \u00fcber A 8 Verkehrszeichenbr\u00fccke auf Stuttgart.| Der Filderabschnitt der neuen Bahnstrecke Stuttgart\u2013Ulm ist fertiggestellt. Im Zuge der Arbeiten an der landschaftsschonend parallel zur Autobahn A 8 verlaufenden Hochgeschwindigkeitstrasse wurden auch einzelne Verkehrsknoten f\u00fcr den Autoverkehr neu geordnet. Die Deutsche Bahn vervollst\u00e4ndigt dazu in den kommenden N\u00e4chten die Beschilderung im Bereich der Anschlussstelle Plieningen. [&hellip;]<\/p>\n","protected":false},"author":4,"featured_media":158682,"comment_status":"closed","ping_status":"open","sticky":false,"template":"","format":"standard","meta":{"inline_featured_image":false,"_exactmetrics_skip_tracking":false,"_exactmetrics_sitenote_active":false,"_exactmetrics_sitenote_note":"","_exactmetrics_sitenote_category":0,"footnotes":""},"categories":[2239],"tags":[111,14857,837,68,13704],"class_list":{"0":"post-158681","1":"post","2":"type-post","3":"status-publish","4":"format-standard","5":"has-post-thumbnail","7":"category-stuttgart-lokal","8":"tag-bahn","9":"tag-die-webzeitung","10":"tag-fildern","11":"tag-online-zeitung","12":"tag-stuttgart-ulm"},"image_feature":"https:\/\/die-webzeitung.de\/stuttgart\/wp-content\/uploads\/sites\/4\/2025\/11\/railway-tracks-3703349_1280-scaled.jpg","author_name":"Redaktion","pure_taxonomies":{"categories":[{"term_id":2239,"name":"Stuttgart","slug":"stuttgart-lokal","term_group":0,"term_taxonomy_id":2252,"taxonomy":"category","description":"Berichte und Informationen aus Stuttgart","parent":1433,"count":941,"filter":"raw","image":""}],"tags":[{"term_id":111,"name":"Bahn","slug":"bahn","term_group":0,"term_taxonomy_id":113,"taxonomy":"post_tag","description":"","parent":0,"count":36,"filter":"raw","image":""},{"term_id":14857,"name":"Die-Webzeitung","slug":"die-webzeitung","term_group":0,"term_taxonomy_id":14876,"taxonomy":"post_tag","description":"","parent":0,"count":3623,"filter":"raw","image":""},{"term_id":837,"name":"Fildern","slug":"fildern","term_group":0,"term_taxonomy_id":846,"taxonomy":"post_tag","description":"","parent":0,"count":4,"filter":"raw","image":""},{"term_id":68,"name":"Online-Zeitung","slug":"online-zeitung","term_group":0,"term_taxonomy_id":69,"taxonomy":"post_tag","description":"","parent":0,"count":3593,"filter":"raw","image":""},{"term_id":13704,"name":"Stuttgart-Ulm","slug":"stuttgart-ulm","term_group":0,"term_taxonomy_id":13746,"taxonomy":"post_tag","description":"","parent":0,"count":3,"filter":"raw","image":""}]},"_links":{"self":[{"href":"https:\/\/die-webzeitung.de\/stuttgart\/wp-json\/wp\/v2\/posts\/158681","targetHints":{"allow":["GET"]}}],"collection":[{"href":"https:\/\/die-webzeitung.de\/stuttgart\/wp-json\/wp\/v2\/posts"}],"about":[{"href":"https:\/\/die-webzeitung.de\/stuttgart\/wp-json\/wp\/v2\/types\/post"}],"author":[{"embeddable":true,"href":"https:\/\/die-webzeitung.de\/stuttgart\/wp-json\/wp\/v2\/users\/4"}],"replies":[{"embeddable":true,"href":"https:\/\/die-webzeitung.de\/stuttgart\/wp-json\/wp\/v2\/comments?post=158681"}],"version-history":[{"count":1,"href":"https:\/\/die-webzeitung.de\/stuttgart\/wp-json\/wp\/v2\/posts\/158681\/revisions"}],"predecessor-version":[{"id":158683,"href":"https:\/\/die-webzeitung.de\/stuttgart\/wp-json\/wp\/v2\/posts\/158681\/revisions\/158683"}],"wp:featuredmedia":[{"embeddable":true,"href":"https:\/\/die-webzeitung.de\/stuttgart\/wp-json\/wp\/v2\/media\/158682"}],"wp:attachment":[{"href":"https:\/\/die-webzeitung.de\/stuttgart\/wp-json\/wp\/v2\/media?parent=158681"}],"wp:term":[{"taxonomy":"category","embeddable":true,"href":"https:\/\/die-webzeitung.de\/stuttgart\/wp-json\/wp\/v2\/categories?post=158681"},{"taxonomy":"post_tag","embeddable":true,"href":"https:\/\/die-webzeitung.de\/stuttgart\/wp-json\/wp\/v2\/tags?post=158681"}],"curies":[{"name":"wp","href":"https:\/\/api.w.org\/{rel}","templated":true}]}}