{"id":158658,"date":"2025-11-12T17:23:00","date_gmt":"2025-11-12T16:23:00","guid":{"rendered":"https:\/\/die-webzeitung.de\/stuttgart\/2025\/11\/12\/stadionsicherheit-und-fankultur-gemeinsam-erhalten\/"},"modified":"2025-11-12T17:23:00","modified_gmt":"2025-11-12T16:23:00","slug":"stadionsicherheit-und-fankultur-gemeinsam-erhalten","status":"publish","type":"post","link":"https:\/\/die-webzeitung.de\/stuttgart\/2025\/11\/12\/stadionsicherheit-und-fankultur-gemeinsam-erhalten\/","title":{"rendered":"Stadionsicherheit und Fankultur gemeinsam erhalten"},"content":{"rendered":"<p style=\"text-align: justify;\">Auf Einladung der Innenministerkonferenz haben Vertreter von Politik, Polizei, dem Deutschen Fu\u00dfball-Bund (DFB), der DFL Deutsche Fu\u00dfball Liga und der Koordinierungsstelle Fanprojekte (KOS) in den vergangenen Monaten intensiv \u00fcber die Sicherheit in Fu\u00dfballstadien in der eingesetzten Bund-L\u00e4nder-offenen-Arbeitsgruppe (BLoAG) diskutiert. Ausgangspunkt war ein Spitzengespr\u00e4ch von Innen- und Sportministern mit Vertretern des Fu\u00dfballs im Oktober 2024. Dessen Hintergrund waren insbesondere die Zahl von Einsatzstunden der Polizei rund um die Fu\u00dfballspiele sowie \u00f6ffentlichkeitswirksame Gewaltvorf\u00e4lle.<\/p>\n<p style=\"text-align: justify;\">Der deutsche Profifu\u00dfball ist bekannt f\u00fcr eine vielf\u00e4ltige, einzigartige Fankultur und stimmungsvolle Stadien. Das Stadionerlebnis in Deutschland ist zudem sicher. Die offiziellen Statistiken, etwa der Zentralen Informationsstelle Sportein\u00e4tze (ZIS) der Polizei, sowie Umfragen unter Besucherinnen und Besuchern der Stadien best\u00e4tigen dies ausdr\u00fccklich. Zudem arbeiten DFB, DFL, Klubs und alle Netzwerkpartner gemeinsam stetig und intensiv an der weiteren Verbesserung der Stadionsicherheit unter Wahrung der positiven Fankultur.<\/p>\n<p style=\"text-align: justify;\">Die vielf\u00e4ltige deutsche Fankultur ist im internationalen Vergleich einzigartig. Sie ger\u00e4t jedoch aktuell von zwei Seiten unter Druck. Zum einen durch die Gewaltbereitschaft krimineller Einzelt\u00e4ter, zum anderen stehen infolgedessen aus der Politik Androhungen von zum Teil auch kollektiv wirkenden beh\u00f6rdlichen Ma\u00dfnahmen im Raum, die viele Fans und Unbeteiligte betreffen w\u00fcrden. In der BLoAG wurden beispielsweise die Reduzierung beziehungsweise Streichung von Kartenkontingenten f\u00fcr G\u00e4stefans oder die Verpflichtung zur Personalisierung von Tickets gefordert. Thematisiert wurde auch, dass von den Beh\u00f6rden Sicherheitskonzepte der Klubs nicht mehr genehmigt werden, so dass Spiele im Zweifel nicht stattfinden k\u00f6nnten.<\/p>\n<p style=\"text-align: justify;\">Aus Sicht des Fu\u00dfballs sollten derartige einseitige Eingriffe der Beh\u00f6rden unbedingt vermieden werden, weil sie nicht auf die T\u00e4ter zielen und zur Zielerreichung ungeeignet sind. Ziel des DFB und der DFL war und ist es in allen Gespr\u00e4chen, im Sinne des Fu\u00dfballs geeignete und zielf\u00fchrende Ma\u00dfnahmen zu vereinbaren, welche die Sicherheit rund um Fu\u00dfballspiele weiter verbessern und zugleich Einsatzstunden der Polizei reduzieren k\u00f6nnen. Zugleich galt es aber, ungeeigneten, nicht erforderlichen und\/oder nicht angemessenen Forderungen mit Aufkl\u00e4rung und sachlichen Argumenten entgegenzutreten. In den Gespr\u00e4chen wurden unterschiedliche Standpunkte sehr deutlich.<\/p>\n<p style=\"text-align: justify;\">Mit aktuellen Zwischenergebnissen aus der BLoAG hat sich unter anderem das Pr\u00e4sidium des DFL e.V. in der Sitzung am gestrigen Dienstag unter Beteiligung des DFB-Pr\u00e4sidenten detailliert auseinandergesetzt &#8211; und neben der Zustimmung zu sinnvollen Ma\u00dfnahmen klare Forderungen zur Zusammenarbeit zwischen Fu\u00dfball, Politik und Beh\u00f6rden formuliert.<\/p>\n<p style=\"text-align: justify;\">Ein wichtiges Mittel im Konsens mit der Politik bleibt die Pr\u00e4vention, gepaart mit einer vertrauensvollen Zusammenarbeit aller Netzwerkpartner. Auch die von DFB und DFL zugesagte Erh\u00f6hung der Mittel f\u00fcr die sozialp\u00e4dagogischen Fanprojekte soll dem Ausbau der Pr\u00e4ventionsarbeit dienen. Zudem sind die in vielen Bundesl\u00e4ndern vorhandenen Stadionallianzen bereits ein wirksames Instrument.<\/p>\n<p style=\"text-align: justify;\">Erg\u00e4nzt werden muss die Pr\u00e4vention durch konsequentes, aber auch transparentes Vorgehen des organisierten Fu\u00dfballs gegen individuelle St\u00f6rer und Gewaltt\u00e4ter. Hierzu kann es keine unterschiedlichen Auffassungen geben &#8211; gerade dann, wenn wir unsere Fankultur erhalten und beh\u00f6rdliche Eingriffe in den Spielbetrieb vermeiden wollen.<\/p>\n<p style=\"text-align: justify;\">Einigkeit besteht derzeit in Bezug auf die St\u00e4rkung des Sicherheits- und Fanmanagements der Klubs und die St\u00e4rkung von Pr\u00e4ventionsma\u00dfnahmen (insbesondere der Stadionallianzen). Zudem soll die Einrichtung einer verbandsseitig zentralen Instanz zur Rechts- und Fachaufsicht im Hinblick auf Stadionverbote umgesetzt werden. Positiv ist zu bewerten, dass die vorhandenen dezentralen Strukturen lokaler Stadionverbotskommissionen mit ihren Sanktionsrechten bestehen bleiben sollen. Darauf hatten die Experten aus DFB, DFL und Klubs mit guten Argumenten hingewirkt. Die neue Instanz dient als \u00fcbergeordnete Fachaufsicht, um ein einheitliches, konsequentes, effektives, effizientes und faires Stadionverbotsverfahren zu gew\u00e4hrleisten.<\/p>\n<p style=\"text-align: justify;\">Im Hinblick auf die Einzelt\u00e4terverfolgung fordert der Fu\u00dfball zudem ausdr\u00fccklich, dass ein Stadionverbot sich auf konkrete, nachweisliche Tatsachen von hinreichendem Gewicht st\u00fctzen muss, die in der Mitteilung zur Einleitung eines Ermittlungsverfahrens an die lokale Stadionverbotskommission ausf\u00fchrlich dargelegt werden m\u00fcssen. Stadionverbote &#8220;mit der Gie\u00dfkanne&#8221; kann es nicht geben. Ein Stadionverbot muss sich gegen Personen richten, bei denen die Besorgnis besteht, dass sie St\u00f6rungen bei Fu\u00dfballveranstaltungen verursachen werden. Entsprechend bedarf es beschleunigter Verfahren mit angemessenen Fristen. Hierzu erwarten wir verbindliche Zusagen und konkrete Ma\u00dfnahmen von Politik und Polizei.<\/p>\n<p style=\"text-align: justify;\">Ein klares Bekenntnis des Fu\u00dfballs zum Ausbau der Pr\u00e4vention geht mit ersten weiteren Ma\u00dfnahmen einher &#8211; explizit einer Erh\u00f6hung der Zahl der Fanbeauftragten sowie der St\u00e4rkung der Sicherheitsbeauftragten und Veranstaltungsleiter der Klubs. Bereits bei der Mitgliederversammlung des DFL e.V. Anfang Dezember sollen diese f\u00fcr die Bundesliga und 2. Bundesliga beschlossen werden.<\/p>\n<p style=\"text-align: justify;\">DFB und DFL bleiben dem gemeinsamen Ziel verpflichtet, das hohe Sicherheitsniveau auch k\u00fcnftig zu gew\u00e4hrleisten, Polizeieinsatzstunden zu reduzieren und eine positive Fankultur zu erhalten.<\/p>\n<hr \/>\n<p style=\"text-align: justify;\">\n","protected":false},"excerpt":{"rendered":"<p>Auf Einladung der Innenministerkonferenz haben Vertreter von Politik, Polizei, dem Deutschen Fu\u00dfball-Bund (DFB), der DFL Deutsche Fu\u00dfball Liga und der Koordinierungsstelle Fanprojekte (KOS) in den vergangenen Monaten intensiv \u00fcber die Sicherheit in Fu\u00dfballstadien in der eingesetzten Bund-L\u00e4nder-offenen-Arbeitsgruppe (BLoAG) diskutiert. Ausgangspunkt war ein Spitzengespr\u00e4ch von Innen- und Sportministern mit Vertretern des Fu\u00dfballs im Oktober 2024. Dessen [&hellip;]<\/p>\n","protected":false},"author":4,"featured_media":0,"comment_status":"closed","ping_status":"open","sticky":false,"template":"","format":"standard","meta":{"inline_featured_image":false,"_exactmetrics_skip_tracking":false,"_exactmetrics_sitenote_active":false,"_exactmetrics_sitenote_note":"","_exactmetrics_sitenote_category":0,"footnotes":""},"categories":[110],"tags":[14857,18195,129,68,646,11328],"class_list":{"0":"post-158658","1":"post","2":"type-post","3":"status-publish","4":"format-standard","6":"category-sport","7":"tag-die-webzeitung","8":"tag-fankultur","9":"tag-fusball","10":"tag-online-zeitung","11":"tag-sicherheit","12":"tag-stadion"},"image_feature":null,"author_name":"Redaktion","pure_taxonomies":{"categories":[{"term_id":110,"name":"Sport","slug":"sport","term_group":0,"term_taxonomy_id":112,"taxonomy":"category","description":"Sportberichte","parent":0,"count":1043,"filter":"raw","image":""}],"tags":[{"term_id":14857,"name":"Die-Webzeitung","slug":"die-webzeitung","term_group":0,"term_taxonomy_id":14876,"taxonomy":"post_tag","description":"","parent":0,"count":3623,"filter":"raw","image":""},{"term_id":18195,"name":"Fankultur","slug":"fankultur","term_group":0,"term_taxonomy_id":18214,"taxonomy":"post_tag","description":"","parent":0,"count":1,"filter":"raw","image":""},{"term_id":129,"name":"Fu\u00dfball","slug":"fusball","term_group":0,"term_taxonomy_id":131,"taxonomy":"post_tag","description":"","parent":0,"count":171,"filter":"raw","image":""},{"term_id":68,"name":"Online-Zeitung","slug":"online-zeitung","term_group":0,"term_taxonomy_id":69,"taxonomy":"post_tag","description":"","parent":0,"count":3593,"filter":"raw","image":""},{"term_id":646,"name":"Sicherheit","slug":"sicherheit","term_group":0,"term_taxonomy_id":654,"taxonomy":"post_tag","description":"","parent":0,"count":17,"filter":"raw","image":""},{"term_id":11328,"name":"Stadion","slug":"stadion","term_group":0,"term_taxonomy_id":11366,"taxonomy":"post_tag","description":"","parent":0,"count":1,"filter":"raw","image":""}]},"_links":{"self":[{"href":"https:\/\/die-webzeitung.de\/stuttgart\/wp-json\/wp\/v2\/posts\/158658","targetHints":{"allow":["GET"]}}],"collection":[{"href":"https:\/\/die-webzeitung.de\/stuttgart\/wp-json\/wp\/v2\/posts"}],"about":[{"href":"https:\/\/die-webzeitung.de\/stuttgart\/wp-json\/wp\/v2\/types\/post"}],"author":[{"embeddable":true,"href":"https:\/\/die-webzeitung.de\/stuttgart\/wp-json\/wp\/v2\/users\/4"}],"replies":[{"embeddable":true,"href":"https:\/\/die-webzeitung.de\/stuttgart\/wp-json\/wp\/v2\/comments?post=158658"}],"version-history":[{"count":0,"href":"https:\/\/die-webzeitung.de\/stuttgart\/wp-json\/wp\/v2\/posts\/158658\/revisions"}],"wp:attachment":[{"href":"https:\/\/die-webzeitung.de\/stuttgart\/wp-json\/wp\/v2\/media?parent=158658"}],"wp:term":[{"taxonomy":"category","embeddable":true,"href":"https:\/\/die-webzeitung.de\/stuttgart\/wp-json\/wp\/v2\/categories?post=158658"},{"taxonomy":"post_tag","embeddable":true,"href":"https:\/\/die-webzeitung.de\/stuttgart\/wp-json\/wp\/v2\/tags?post=158658"}],"curies":[{"name":"wp","href":"https:\/\/api.w.org\/{rel}","templated":true}]}}