{"id":158630,"date":"2025-11-10T10:45:31","date_gmt":"2025-11-10T09:45:31","guid":{"rendered":"https:\/\/die-webzeitung.de\/stuttgart\/2025\/11\/10\/barock-volleys-ziehen-ins-pokal-viertelfinale-ein\/"},"modified":"2025-11-10T10:50:51","modified_gmt":"2025-11-10T09:50:51","slug":"barock-volleys-ziehen-ins-pokal-viertelfinale-ein","status":"publish","type":"post","link":"https:\/\/die-webzeitung.de\/stuttgart\/2025\/11\/10\/barock-volleys-ziehen-ins-pokal-viertelfinale-ein\/","title":{"rendered":"Barock Volleys ziehen ins Pokal-Viertelfinale ein"},"content":{"rendered":"<ul>\n<li style=\"text-align: justify;\"><b>Die Barock Volleys MTV Ludwigsburg stehen nach einem 3:0-Sieg gegen die Blue Volleys Gotha in der n\u00e4chsten Runde des Zoi DVV-Pokals<\/b><\/li>\n<li style=\"text-align: justify;\"><b>Im Viertelfinale empf\u00e4ngt Ludwigsburg am 26. November die Powervolleys D\u00fcren \u00a0<\/b><\/li>\n<\/ul>\n<div style=\"text-align: justify;\">Am Ende sorgte der Aufsteiger f\u00fcr klare Verh\u00e4ltnisse: Die Barock Volleys MTV Ludwigsburg haben sich am Sonntag im Achtelfinale des Zoi DVV-Pokals beim Zweitligameister Blue Volleys Gotha mit 3:0 (25:20, 25:18, 25:20) durchgesetzt. Zum MVP der Partie wurde Ludwigsburgs Zuspieler Tomi Saarinen gew\u00e4hlt. Der Gegner der Ludwigsburger im Pokal-Viertelfinale wird nun der letztj\u00e4hrige Pokalfinalist Powervolleys D\u00fcren. Die Partie wird am 26. November in Ludwigsburg ausgetragen \u2013 das ergab die Auslosung am Sonntagabend.<\/div>\n<div><\/div>\n<div style=\"text-align: justify;\">Nach der Partie am Sonntag in Th\u00fcringen analysierte Ludwigsburgs Trainer Hasse Mattila: \u201eDas war heute nicht unsere beste Leistung, aber im Pokal z\u00e4hlt nur das Ergebnis.\u201c Der Sportdirektor der Barock Volleys, Michael Dornheim, sagte nach dem Spiel: \u201eGotha war der erwartet schwere Gegner. Wir haben solide gespielt, sind aber zu leichtsinnig mit einfachen B\u00e4llen umgegangen. Man sieht an den anderen Achtelfinal-Spielen, dass es nicht immer einfach ist bei vermeintlich leichteren Gegnern zu gewinnen, deshalb bin ich sehr froh, dass wir eine Runde weiter sind.\u201c Die Ausgangslage vor dem Viertelfinale gegen D\u00fcren ist angesichts der \u00fcberzeugenden Leistungen des Gegners und der Tabellensituation sehr klar: \u201eD\u00fcren reist als haushoher Favorit nach Ludwigsburg.\u201c<\/div>\n<div><\/div>\n<div style=\"text-align: justify;\"><b>Kapit\u00e4n Bonin mit 14 Punkten erfolgreichster Angreifer<\/b><\/div>\n<div><\/div>\n<div style=\"text-align: justify;\">\n<p>In der Achtelfinalpartie am Sonntag startete der Zweitligameister aus Th\u00fcringen gut in die Partie, Ludwigsburgs Motor stotterte dagegen zu Beginn etwas. Kapit\u00e4n Ben-Simon Bonin ging mit einer starken Leistung voran und brachte gleich drei Angriffe hintereinander im gegnerischen Feld unter und damit sein Team ins Spiel. Sein Pendant auf der Au\u00dfenposition war diesmal Pascal Winter statt Tim K\u00f6pfli, der wegen muskul\u00e4rer Probleme zuhause in Ludwigsburg geblieben war. Bis Satzmitte konnte Gotha den Satz offen gestalten, in der Crunchtime zogen die Barock Volleys aber an und Ludwigsburgs Diagonalangreifer Nyherowo Omene kam besser ins Spiel. Auch in Satz 2 und 3 \u00fcbernahm in engen Situationen immer wieder Kapit\u00e4n Bonin Verantwortung und f\u00fchrte seine Mannschaft an \u2013 er war mit 14 Punkten am Ende der erfolgreichste Angreifer.<\/p>\n<hr \/>\n<\/div>\n","protected":false},"excerpt":{"rendered":"<p>Die Barock Volleys MTV Ludwigsburg stehen nach einem 3:0-Sieg gegen die Blue Volleys Gotha in der n\u00e4chsten Runde des Zoi DVV-Pokals Im Viertelfinale empf\u00e4ngt Ludwigsburg am 26. November die Powervolleys D\u00fcren \u00a0 Am Ende sorgte der Aufsteiger f\u00fcr klare Verh\u00e4ltnisse: Die Barock Volleys MTV Ludwigsburg haben sich am Sonntag im Achtelfinale des Zoi DVV-Pokals beim [&hellip;]<\/p>\n","protected":false},"author":4,"featured_media":158631,"comment_status":"closed","ping_status":"open","sticky":false,"template":"","format":"standard","meta":{"inline_featured_image":false,"_exactmetrics_skip_tracking":false,"_exactmetrics_sitenote_active":false,"_exactmetrics_sitenote_note":"","_exactmetrics_sitenote_category":0,"footnotes":""},"categories":[110],"tags":[17904,131,14857,6,68,10629],"class_list":{"0":"post-158630","1":"post","2":"type-post","3":"status-publish","4":"format-standard","5":"has-post-thumbnail","7":"category-sport","8":"tag-barock-volleys","9":"tag-bundesliga","10":"tag-die-webzeitung","11":"tag-ludwigsburg","12":"tag-online-zeitung","13":"tag-volleyball"},"image_feature":"https:\/\/die-webzeitung.de\/stuttgart\/wp-content\/uploads\/sites\/4\/2025\/11\/MTV-Lueneburg_2_OM300899_20251021_DxO-scaled.jpg","author_name":"Redaktion","pure_taxonomies":{"categories":[{"term_id":110,"name":"Sport","slug":"sport","term_group":0,"term_taxonomy_id":112,"taxonomy":"category","description":"Sportberichte","parent":0,"count":1043,"filter":"raw","image":""}],"tags":[{"term_id":17904,"name":"Barock-Volleys","slug":"barock-volleys","term_group":0,"term_taxonomy_id":17923,"taxonomy":"post_tag","description":"","parent":0,"count":39,"filter":"raw","image":""},{"term_id":131,"name":"Bundesliga","slug":"bundesliga","term_group":0,"term_taxonomy_id":133,"taxonomy":"post_tag","description":"","parent":0,"count":699,"filter":"raw","image":""},{"term_id":14857,"name":"Die-Webzeitung","slug":"die-webzeitung","term_group":0,"term_taxonomy_id":14876,"taxonomy":"post_tag","description":"","parent":0,"count":3623,"filter":"raw","image":""},{"term_id":6,"name":"Ludwigsburg","slug":"ludwigsburg","term_group":0,"term_taxonomy_id":6,"taxonomy":"post_tag","description":"","parent":0,"count":180,"filter":"raw","image":""},{"term_id":68,"name":"Online-Zeitung","slug":"online-zeitung","term_group":0,"term_taxonomy_id":69,"taxonomy":"post_tag","description":"","parent":0,"count":3593,"filter":"raw","image":""},{"term_id":10629,"name":"Volleyball","slug":"volleyball","term_group":0,"term_taxonomy_id":10665,"taxonomy":"post_tag","description":"","parent":0,"count":90,"filter":"raw","image":""}]},"_links":{"self":[{"href":"https:\/\/die-webzeitung.de\/stuttgart\/wp-json\/wp\/v2\/posts\/158630","targetHints":{"allow":["GET"]}}],"collection":[{"href":"https:\/\/die-webzeitung.de\/stuttgart\/wp-json\/wp\/v2\/posts"}],"about":[{"href":"https:\/\/die-webzeitung.de\/stuttgart\/wp-json\/wp\/v2\/types\/post"}],"author":[{"embeddable":true,"href":"https:\/\/die-webzeitung.de\/stuttgart\/wp-json\/wp\/v2\/users\/4"}],"replies":[{"embeddable":true,"href":"https:\/\/die-webzeitung.de\/stuttgart\/wp-json\/wp\/v2\/comments?post=158630"}],"version-history":[{"count":1,"href":"https:\/\/die-webzeitung.de\/stuttgart\/wp-json\/wp\/v2\/posts\/158630\/revisions"}],"predecessor-version":[{"id":158632,"href":"https:\/\/die-webzeitung.de\/stuttgart\/wp-json\/wp\/v2\/posts\/158630\/revisions\/158632"}],"wp:featuredmedia":[{"embeddable":true,"href":"https:\/\/die-webzeitung.de\/stuttgart\/wp-json\/wp\/v2\/media\/158631"}],"wp:attachment":[{"href":"https:\/\/die-webzeitung.de\/stuttgart\/wp-json\/wp\/v2\/media?parent=158630"}],"wp:term":[{"taxonomy":"category","embeddable":true,"href":"https:\/\/die-webzeitung.de\/stuttgart\/wp-json\/wp\/v2\/categories?post=158630"},{"taxonomy":"post_tag","embeddable":true,"href":"https:\/\/die-webzeitung.de\/stuttgart\/wp-json\/wp\/v2\/tags?post=158630"}],"curies":[{"name":"wp","href":"https:\/\/api.w.org\/{rel}","templated":true}]}}