{"id":158622,"date":"2025-11-10T10:40:42","date_gmt":"2025-11-10T09:40:42","guid":{"rendered":"https:\/\/die-webzeitung.de\/stuttgart\/?p=158622"},"modified":"2025-11-16T12:52:53","modified_gmt":"2025-11-16T11:52:53","slug":"polizei-report-kreis-esslingen-woche-46-4","status":"publish","type":"post","link":"https:\/\/die-webzeitung.de\/stuttgart\/2025\/11\/10\/polizei-report-kreis-esslingen-woche-46-4\/","title":{"rendered":"Polizei-Report Kreis Esslingen | Woche 46"},"content":{"rendered":"<p><em>Quelle: ots<\/em><\/p>\n<p style=\"text-align: justify;\"><strong>Esslingen: In Recyclinghof eingebrochen<br \/>\n<\/strong>Ein aufmerksamer Spazierg\u00e4nger hat am Samstagnachmittag zu einem raschen Fahndungserfolg beigetragen. Gegen 14 Uhr meldete der aufmerksame Mitb\u00fcrger zwei m\u00e4nnliche Personen, die auff\u00e4llig um den Recyclinghof in der Hohenheimer Stra\u00dfe herumschlichen. Noch w\u00e4hrend des Anrufs bei der Polizei begaben sich die beiden Personen auf das Gel\u00e4nde. Eine \u00dcberpr\u00fcfung mit mehreren Streifenwagen f\u00fchrte zur Ergreifung zweier 22 und 37 Jahre alten M\u00e4nner, die offenbar den gel\u00e4ndeumschlie\u00dfenden Zaun \u00fcberwanden und sich aus einem Elektroschrott-Container diverse Multimedia-Ger\u00e4te einsteckten. Nach Beendigung der polizeilichen Ma\u00dfnahmen wurden die T\u00e4ter auf freien Fu\u00df gesetzt.<\/p>\n<p style=\"text-align: justify;\"><strong>Leinfelden-Echterdingen: Einbr\u00fcche in Musikschule und Kinderg\u00e4rten<br \/>\n<\/strong>In der Nacht von Freitag auf Samstag ist es zu mehreren Einbr\u00fcchen in Kindertageseinrichtungen und eine Musikschule gekommen. Unbekannte T\u00e4ter hebelten die T\u00fcr einer Einrichtung in der Geranienstra\u00dfe auf und entwendeten Bargeld. Ein weiterer Einbruch ereignete sich in der Kirchstra\u00dfe, wo die T\u00fcr eines Kindergartens gewaltsam aufgehebelt und schwer besch\u00e4digt wurde. Mutma\u00dflich dieselben T\u00e4ter warfen in der Folge eine Scheibe der darunterliegenden Musikschule ein. Bei einem Kindergarten in Stetten, in den bereits in der Nacht zum Samstag eingebrochen wurde, beobachtete ein Anwohner zwei Personen, wie diese eine zum Schutz vor weiteren Einbr\u00fcchen angebrachte Holzplatte entfernten. Als die T\u00e4ter den Zeugen erkannten, ergriffen sie sofort die Flucht. Eine umgehend eingeleitete Fahndung nach den Unbekannten blieb bislang erfolglos. Die H\u00f6he der entstandenen Sch\u00e4den, sowie die genaue H\u00f6he des Diebesgutes sind Gegenstand weiterer Ermittlungen des Polizeireviers Filderstadt.<\/p>\n<p style=\"text-align: justify;\"><strong>Filderstadt: Mehrere Gartenh\u00fctten aufgebrochen<br \/>\n<\/strong>Mehrere Gartenh\u00fctten im Gebiet &#8220;Auf der Heid&#8221; im Ortsteil Plattenhardt sind zwischen Sonntag, dem 9. November 2025 und Samstag, dem 15. November 2025, zum Ziel eines unbekannten Einbrechers geworden. Der T\u00e4ter brach hierbei unter Anwendung von Gewalt in die H\u00fctten ein und stahl zahlreiche Gartenger\u00e4te. Der Wert des Diebesgutes steht noch nicht fest. Das Polizeirevier Filderstadt hat die Ermittlungen aufgenommen.<\/p>\n<p style=\"text-align: justify;\"><strong>Owen: In Wohnhaus eingebrochen<br \/>\n<\/strong>Ein Einfamilienhaus im Hopfenweg ist am Samstagabend Ziel eines Einbruchs geworden. Zwischen 17.45 Uhr und 21 Uhr verschaffte sich unbekannter T\u00e4ter \u00fcber die Terrassent\u00fcre gewaltsam Zutritt zum Haus und durchw\u00fchlte das Inventar. Nach dem derzeitigen Ermittlungsstand wurde unter anderem Schmuck in bislang unbekannter H\u00f6he entwendet. Die Sicherung der vorgefundenen Spuren wurde von Spezialisten der Kriminaltechnik \u00fcbernommen.<\/p>\n<p style=\"text-align: justify;\"><strong>Neckartenzlingen: R\u00e4uberischer Ladendiebstahl<br \/>\n<\/strong>Unter anderem wegen des Verdachts des r\u00e4uberischen Diebstahls ermittelt das Polizeirevier N\u00fcrtingen gegen einen 35-j\u00e4hrigen Mann. Dieser wurde am Samstagabend gegen 19.45 Uhr von den Mitarbeitern eines Supermarkts in Neckartenzlingen dabei beobachtet, wie er Waren ohne sie zu bezahlen aus dem Gesch\u00e4ft brachte. Als er vor der T\u00fcr angesprochen wurde, griff der T\u00e4ter die Mitarbeiter an. Selbst beim Eintreffen der Polizei hatte er sich noch nicht beruhigt und musste mit Zwang zur Dienststelle gebracht werden, um seine Identit\u00e4t festzustellen. Der Ladendieb stand mit einem Wert von mehr als zwei Promille deutlich unter Alkoholeinfluss. Im Zuge der Ermittlungen ergaben sich Hinweise, dass er mit einem E-Scooter zum Tatort gefahren war, weshalb nun auch Ermittlungen im Zusammenhang mit einer m\u00f6glichen Trunkenheitsfahrt gef\u00fchrt werden. Hierzu musste der T\u00e4ter auf dem Revier eine Blutentnahme \u00fcber sich ergehen lassen, bevor er seinen Weg zu Fu\u00df fortsetzen durfte.<\/p>\n<p style=\"text-align: justify;\"><strong>N\u00fcrtingen: Unfall aufgrund medizinischer Ursache<br \/>\n<\/strong>Vermutlich aufgrund einer medizinischen Ursache ist ersten Ermittlungen der Esslinger Verkehrspolizei nach eine Zweirad-Lenkerin am Mittwochabend in N\u00fcrtingen gest\u00fcrzt und kurze Zeit sp\u00e4ter in einer Klinik verstorben. Die 52-J\u00e4hrige befuhr kurz nach 18 Uhr mit einer Vespa die Alleenstra\u00dfe von der Metzinger Stra\u00dfe herkommend. Kurz vor der Kreuzung Gerberstra\u00dfe\/Brunnsteige kam sie nach links von der Fahrbahn ab und kollidierte mit einer Verkehrsinsel sowie dem darauf befindlichen Verkehrszeichen. Anschlie\u00dfend st\u00fcrzte die Frau zu Boden und blieb regungslos liegen. Zeugen leiteten sofort Erste-Hilfe-Ma\u00dfnahmen ein, die vom Rettungsdienst \u00fcbernommen wurden. Die 52-J\u00e4hrige wurde im Anschluss mit einem Rettungswagen in eine Klinik verbracht, wo sie kurze Zeit sp\u00e4ter verstarb.<\/p>\n<p style=\"text-align: justify;\"><strong>Esslingen: Mann von Zug erfasst und verstorben<br \/>\n<\/strong>Ein Mann ist am Mittwochnachmittag im Bahnhof von Esslingen von einem Zug erfasst worden. Den derzeitigen Ermittlungen zufolge begab sich der Senior gegen 16.20 Uhr aus einem Geb\u00fcsch heraus auf die Gleise und legte sich nieder. Er wurde von einem einfahrenden Zug erfasst und so schwer verletzt, dass er nach der Einlieferung in eine Klinik durch den Rettungsdienst verstarb. Der Bahnverkehr musste bis kurz vor 17.30 Uhr voll gesperrt werden<\/p>\n<p style=\"text-align: justify;\"><strong>Esslingen-Zell: Kartonagen in Brand geraten<br \/>\n<\/strong>Zum Brand auf der Ladefl\u00e4che eines VW-Transporters mussten die Einsatzkr\u00e4fte von Feuerwehr und Polizei am Mittwochmittag in die K\u00f6rschstra\u00dfe ausr\u00fccken. Ein 28-J\u00e4hriger war dort gegen 13.50 Uhr mit seinem Transporter unterwegs, als er von Verkehrsteilnehmern auf Rauch und kleineren Flammen auf der offenen Ladefl\u00e4che seines mit Kartonagen beladenen Fahrzeugs aufmerksam gemacht wurde. Die sofort alarmierte Feuerwehr konnte den Brand rasch l\u00f6schen, sodass die Flammen nicht auf das komplette Fahrzeug \u00fcbergreifen konnten. Der entstandene Sachschaden an dem Transporter wird auf rund 10.000 Euro gesch\u00e4tzt. Das Polizeirevier Esslingen hat die Ermittlungen zur Brandursache aufgenommen und pr\u00fcft ob ein Zusammenhang mit einem kurzen Stop des Fahrers wenige Minuten zuvor an einer B\u00e4ckerei in der Sedanstra\u00dfe in Altbach bestehen k\u00f6nnte.<\/p>\n<p style=\"text-align: justify;\"><strong>Stuttgart-Vaihingen \/ Leinfelden \/ Bad Ditzenbach: Mutma\u00dflich gef\u00e4lschte Markenware verkauft &#8211; Tatverd\u00e4chtigen vorl\u00e4ufig festgenommen<\/strong><br \/>\nPolizeibeamte haben am Dienstag (11.11.2025) in Leinfelden einen 37 Jahre alten Mann vorl\u00e4ufig festgenommen, der im Verdacht steht, gef\u00e4lschte Markenware verkauft zu haben. Der 37-J\u00e4hrige soll \u00fcber ein Online Verkaufsportal gef\u00e4lschte Markenkopfh\u00f6rer zum Verkauf angeboten und einem 25 Jahre alten Mann am 04.11.2025 am Bahnhof in Vaihingen verkauft haben. Als dem 25-J\u00e4hrigen der Schwindel auffiel, alarmierte dieser die Polizei. Ermittlungen f\u00fchrten die Beamten auf die Spur des Tatverd\u00e4chtigen. Sie nahmen ihn am Dienstag gegen 13.00 Uhr an der Echterdinger Stra\u00dfe in Leinfelden vorl\u00e4ufig fest. Bei der Durchsuchung seiner Wohnung in Bad Ditzenbach fanden die Beamten eine Vielzahl von mutma\u00dflich gef\u00e4lschter Markenware, die sie beschlagnahmten. Nach Abschluss der polizeilichen Ma\u00dfnahmen setzten die Beamten den 37-J\u00e4hrigen wieder auf freien Fu\u00df. Die Ermittlungen dauern an.<\/p>\n<p style=\"text-align: justify;\"><strong>Leinfelden-Echterdingen: Kind bei Verkehrsunfall verletzt<br \/>\n<\/strong>Ein Kind ist bei einem Verkehrsunfall am Dienstagmorgen in Leinfelden verletzt worden. Den derzeitigen Ermittlungen zufolge war ein 58 Jahre alter Mann mit seinem Wagen gegen 7.10 Uhr auf der Rohrer Stra\u00dfe in Richtung Stuttgarter Stra\u00dfe unterwegs und hielt vor dem dortigen Zebrastreifen an. Nach dem Anfahren erfasste das Auto eine elfj\u00e4hrige Radlerin, die zuvor ebenfalls angehalten hatte und dann den Fu\u00dfg\u00e4nger\u00fcberweg passieren wollte. Das M\u00e4dchen st\u00fcrzte zu Boden und erlitt ersten Erkenntnissen zufolge leichte Verletzungen. Der Schaden am Fahrrad betr\u00e4gt circa 250 Euro. Ob das Auto auch besch\u00e4digt wurde, steht noch nicht fest.<\/p>\n<p style=\"text-align: justify;\"><strong>Ostfildern: Autos durch Steine besch\u00e4digt (Zeugenaufruf)<br \/>\n<\/strong>Wegen des Verdachts des gef\u00e4hrlichen Eingriffs in den Stra\u00dfenverkehr ermittelt das Polizeirevier Filderstadt seit Dienstagnachmittag gegen Unbekannt. Kurz nach 17.30 Uhr waren der Lenker eines gelben Mini Cooper sowie der Fahrer eines wei\u00dfen Tesla auf der L 1192 von Nellingen herkommend in Richtung Esslingen-Berkheim unterwegs. Auf H\u00f6he der Br\u00fccke \u00fcber die Landesstra\u00dfe, im Bereich der Berkheimer Stra\u00dfe, wurden beide Fahrzeuge durch Steine besch\u00e4digt. Am Mini durchschlug ein ungef\u00e4hr faustgro\u00dfer Stein gar die Windschutzscheibe. Insgesamt d\u00fcrfte der entstandene Sachschaden sch\u00e4tzungsweise 6.000 Euro betragen. Der genaue Tathergang ist noch unklar, weshalb das Polizeirevier Filderstadt um Zeugenhinweise bittet. Entsprechende Hinweise zur Tat oder zu verd\u00e4chtigen Personen werden unter der Telefonnummer 0711\/7091-3 entgegengenommen.<\/p>\n<p style=\"text-align: justify;\"><strong>Kohlberg: Kupferdiebe unterwegs (Zeugenaufruf)<br \/>\n<\/strong>Kupferdiebe haben ihr Unwesen auf dem Kohlberger Friedhof getrieben und mehrere Zentner des Buntmetalls gestohlen. In der Zeit von Montag, 15.45 Uhr, bis Dienstag, 7.30 Uhr, montierten die T\u00e4ter Abdeckbleche der dortigen Aussegnungshalle ab und nahmen diese mit. Die Bleche haben eine Gesamtl\u00e4nge von knapp 60 Metern und eine Breite von 40 Zentimetern. Weiterhin rissen sie mehr als zehn Meter der innenliegenden Dachrinne heraus und nahmen diese ebenfalls mit. Ersten Sch\u00e4tzungen nach d\u00fcrfte das Diebesgut ein Gewicht von etwa 200 kg haben. Der Wert des Kupfers sowie der angerichtete Sachschaden d\u00fcrften sich jeweils auf mehrere tausend Euro belaufen. Mitarbeiter des Bauhofs hatten den Diebstahl bemerkt und daraufhin die Polizei verst\u00e4ndigt. Der Polizeiposten Neuffen hat die Ermittlungen aufgenommen und bittet unter Telefon 07025\/91169-0 um sachdienliche Hinweise insbesondere zum Verbleib des Buntmetalls.<\/p>\n<p style=\"text-align: justify;\"><strong>Kirchheim: Gro\u00dfeinsatz an Schulen nach Alarmausl\u00f6sung<br \/>\n<\/strong>Zu einem gr\u00f6\u00dferen Einsatz von Polizei und Rettungsdienst ist es am Dienstag an einer Kirchheimer Schule in der Hahnweidstra\u00dfe gekommen. Durch einen Unbekannten wurde gegen 7.55 Uhr missbr\u00e4uchlich die Amok-Alarmanlage in einem der Schulgeb\u00e4ude ausgel\u00f6st. Daraufhin r\u00fcckten starke Polizeikr\u00e4fte, darunter auch Beamte des Polizeipr\u00e4sidiums Einsatz, an die Schule aus. Im Anschluss wurden die knapp 900 Sch\u00fclerinnen und Sch\u00fcler sowie die Lehrkr\u00e4fte des Gymnasiums aus den verschiedenen Schulgeb\u00e4uden klassenweise herausbegleitet und zu einer Sammelstelle in der Sporthalle einer benachbarten Schule gef\u00fchrt. F\u00fcr die Eltern wurde ebenfalls eine Sammelstelle in der N\u00e4he eingerichtet. Der Rettungsdienst k\u00fcmmerte sich im Anschluss um die Kinder und ihre Angeh\u00f6rigen. Eine Sch\u00fclerin musste aufgrund einer Kreislaufschw\u00e4che vor Ort behandelt werden. Ersten Erkenntnissen nach hatte es keine sonstigen Verletzten gegeben. Gegen elf Uhr konnten die Schulgeb\u00e4ude wieder an die Lehrkr\u00e4fte und die Schulleitung \u00fcbergeben werden. Unterricht fand jedoch keiner mehr statt.<br \/>\nGegen 9.50 Uhr wurde ein Brandmeldealarm an einer weiteren Schule in der Jesinger Halde missbr\u00e4uchlich benutzt. Daraufhin wurde auch dieses Geb\u00e4ude ger\u00e4umt und nach \u00dcberpr\u00fcfung durch die Feuerwehr kurz darauf wieder freigegeben. Der Unterricht konnte nach einer halbe Stunde fortgesetzt werden.<br \/>\nDas Polizeirevier Kirchheim hat Ermittlungen wegen Missbrauchs von Notrufeinrichtungen aufgenommen. Ob es einen Tatzusammenhang zwischen den beiden missbr\u00e4uchlichen Alarmausl\u00f6sungen gibt, ist Gegenstand der polizeilichen Ermittlungen.<\/p>\n<p style=\"text-align: justify;\"><strong>Esslingen: In Fachklinik gebracht<br \/>\n<\/strong>Wegen des Verdachts der Bedrohung ermittelt das Polizeirevier Esslingen seit Montagnachmittag gegen einen psychisch auff\u00e4lligen 24-J\u00e4hrigen. Den derzeitigen Ermittlungen zufolge stand der Mann kurz vor 15.30 Uhr beim Bahnhof auf der Fahrbahn, weshalb eine Autofahrerin anhielt und nach einiger Wartezeit hupte. Nachdem sich der 24-J\u00e4hrige zur Seite gedreht hatte und die Frau langsam vorbeifuhr, soll er gegen den Radlauf des Pkw getreten haben. Ob dabei ein Schaden entstand, steht noch nicht fest. Anschlie\u00dfend soll der 24-J\u00e4hrige ein Messer aus der Hosentasche geholt und dem weiterfahrenden Wagen gefolgt sein. Eine zuf\u00e4llig vor Ort befindliche Streifenwagenbesatzung sprach den Mann zu Boden, legte ihm Handschlie\u00dfen an und beschlagnahmte das Messer. Er wurde im Anschluss in eine Fachklinik gebracht.<\/p>\n<p style=\"text-align: justify;\"><strong>Esslingen: Papiertonne in Brand gesetzt<br \/>\n<\/strong>Wegen des Verdachts der Brandlegung an einer Papiertonne ermittelt seit Montagvormittag das Polizeirevier Esslingen. Zeugen hatten kurz vor zw\u00f6lf Uhr einen brennenden Papierm\u00fcllbeh\u00e4lter in der Hirschstra\u00dfe bemerkt und die Feuerwehr verst\u00e4ndigt. Die Tonne brannte trotz des schnellen Eingreifens der Einsatzkr\u00e4fte fast vollst\u00e4ndig ab. Dabei entstand ein Schaden von etwa 50 Euro. Hinweise auf den Verursacher liegen nicht vor.<\/p>\n<p style=\"text-align: justify;\"><strong>Esslingen: In Wohnung eingebrochen und Elektroequipment geklaut<br \/>\n<\/strong>Ein Unbekannter ist zwischen Freitag und Sonntag in eine Wohnung in der Esslinger Stra\u00dfe im Stadtteil Hegensberg eingebrochen. Der Einbrecher drang dazu zwischen 7.30 Uhr und 19.30 Uhr gewaltsam \u00fcber eine Eingangst\u00fcr in die R\u00e4umlichkeiten ein und entwendete mehrere mobile Rechner. Der Wert des Diebesgutes sowie der angerichtete Sachschaden d\u00fcrften mehrere tausend Euro betragen.<\/p>\n<p style=\"text-align: justify;\"><strong>Esslingen: Alkoholfahrt endet mit Unfall und F\u00fchrerscheinabgabe<br \/>\n<\/strong>Wegen des Verdachts der Stra\u00dfenverkehrsgef\u00e4hrdung ermittelt das Polizeirevier Esslingen seit Sonntagabend gegen einen 65-J\u00e4hrigen. Der Mann war gegen 20.15 Uhr mit seinem Mercedes auf der Fabrikstra\u00dfe unterwegs. Beim Abbiegevorgang in die Neckarstra\u00dfe missachtete er den Vorrang eines entgegenkommenden VW Touran, den ein 41-J\u00e4hriger steuerte und stie\u00df mit diesem zusammen. Die verst\u00e4ndigten Polizeibeamten stellten w\u00e4hrend der Unfallaufnahme nicht nur einen Sachschaden von mindestens 8.000 Euro fest, sondern auch eine Alkoholfahne bei dem 65-j\u00e4hrigen Mercedesfahrer. Ein Vortest ergab einen Wert von \u00fcber 1,1 Promille. Der Mann musste im Anschluss neben einer Blutprobe auch seinen F\u00fchrerschein abgeben.<\/p>\n<p style=\"text-align: justify;\"><strong>Owen: Mit Gegenverkehr kollidiert<br \/>\n<\/strong>Bei einem schweren Verkehrsunfall auf der K 1243 bei Owen sind am Sonntagabend mehrere Personen verletzt worden. Ein 82-J\u00e4hriger war gegen 18.30 Uhr mit einem Mercedes auf der Kreisstra\u00dfe aus Richtung N\u00fcrtingen kommend unterwegs. In einer langgezogenen Rechtskurve geriet er mit seinem Wagen nach links und streifte zun\u00e4chst den Volvo eines 51-J\u00e4hrigen, bevor er in der Folge frontal versetzt mit dem VW Golf eines 25-J\u00e4hrigen zusammenstie\u00df. Der Golf \u00fcberschlug sich daraufhin und blieb im angrenzenden Gr\u00fcnstreifen auf dem Dach liegen. Der Wagen des 82-j\u00e4hrigen Unfallverursachers landete ebenfalls im Gr\u00fcnstreifen. Die Lenker des Mercedes und des VW Golf wurden mit Verletzungen noch unbekannten Ausma\u00dfes durch den Rettungsdienst in Kliniken gebracht. Ihre Pkw wurden so schwer besch\u00e4digt, dass sie abgeschleppt werden mussten. F\u00fcr die Unfallaufnahme wurde die Kreisstra\u00dfe Richtung N\u00fcrtingen bis circa 21.45 Uhr komplett gesperrt. Der Gesamtschaden des Unfalls bel\u00e4uft sich auf rund 35.000 Euro.<\/p>\n<p style=\"text-align: justify;\"><strong>Filderstadt: Gegen Baum geprallt<br \/>\n<\/strong>Schwerverletzt ist ein Pkw-Lenker nach einem Verkehrsunfall am Sonntagabend auf der L 1209 in eine Klinik gebracht worden. Der 64 Jahre alte Mann befuhr kurz vor 18.30 Uhr mit seinem VW Tiguan die Landesstra\u00dfe in Fahrtrichtung Filderstadt. Im Bereich einer Linkskurve geriet der 64-J\u00e4hrige von der Stra\u00dfe ab und prallte gegen ein Verkehrszeichen sowie einen Baum. W\u00e4hrend der Unfallaufnahme stellten die Polizeibeamten bei dem Mann eine starke Alkoholisierung fest. Der diesbez\u00fcgliche Vortest ergab einen Wert von \u00fcber drei Promille. Der verletzte 64-J\u00e4hrige musste deshalb eine Blutprobe abgeben. Sein F\u00fchrerschein wurde noch vor Ort beschlagnahmt. Der Schaden am Pkw, der von einem Abschlepper abtransportiert wurde, d\u00fcrfte sich auf etwa 8.000 Euro belaufen.<\/p>\n<p style=\"text-align: justify;\"><strong>Weilheim\/Teck: Betrunken nach Verkehrsunfall gefl\u00fcchtet<br \/>\n<\/strong>Deutlich alkoholisiert war ein 50-J\u00e4hriger, der am Sonntagnachmittag an der Einm\u00fcndung Brunnenstra\u00dfe \/ Kirchheimer Stra\u00dfe einen Verkehrsunfall verursacht hat und anschlie\u00dfend gefl\u00fcchtet ist. Der Mann war gegen 15.15 Uhr mit seinem Audi auf der Kirchheimer Stra\u00dfe unterwegs und wollte nach links in die Brunnenstra\u00dfe einbiegen. Nachdem er zun\u00e4chst verkehrsbedingt warten musste, fuhr wieder an und missachtete dabei die Vorfahrt eines 33-J\u00e4hrigen, der mit seinem Mercedes von der Kirchheimer Stra\u00dfe in die Brunnenstra\u00dfe einbog. W\u00e4hrend der Mercedes-Fahrer nach der Kollision unverz\u00fcglich an der dortigen Bushaltestelle anhielt, setzte der Unfallverursacher seine Fahrt fort und fl\u00fcchtete. Er konnte wenig sp\u00e4ter im Verlauf der sofort eingeleiteten Fahndungsma\u00dfnahmen in der Brunnenstra\u00dfe in seinem Audi fahrend festgestellt und angehalten werden. Nachdem eine \u00dcberpr\u00fcfung seiner Verkehrst\u00fcchtigkeit einen vorl\u00e4ufigen Atemalkoholwert von mehr als 1,7 Promille ergeben hatte, musste eine Blutentnahme angeordnet werden. Sein F\u00fchrerschein wurde noch an Ort und Stelle beschlagnahmt. Verletzt wurde bei dem Unfall niemand. Der entstandene Sachschaden an den beiden Autos wird auf insgesamt knapp 5.000 Euro gesch\u00e4tzt.<\/p>\n<p style=\"text-align: justify;\"><strong>N\u00fcrtingen: Unfall mit zwei Verletzten<br \/>\n<\/strong>Ein Verkehrsunfall mit zwei Verletzten hat sich am Sonntagnachmittag im N\u00fcrtinger Stadtteil Ro\u00dfdorf ereignet. Eine 45-J\u00e4hrige war gegen 17.10 Uhr mit einem Skoda auf der Berliner Stra\u00dfe abw\u00e4rts in Richtung Humpfenbachtal unterwegs. An der abknickenden Vorfahrtsstra\u00dfe mit dem Ro\u00dfdorfweg kam es zur Kollision mit dem Mazda eines 26 Jahre alten Mannes. Dieser wollte von der Neuffener Stra\u00dfe herkommend dem vorfahrtsberechtigten Stra\u00dfenverlauf nach links folgen. Die Kollision war so heftig, dass sich zwei Frauen im Alter von 36 und 47 Jahren in dem Mazda verletzten. Sie mussten mit Rettungswagen in eine Klinik zur medizinischen Versorgung gebracht werden. Zudem war das Fahrzeug des Mannes nicht mehr fahrbereit. Es wurde abgeschleppt. Der Schaden bel\u00e4uft sich auf rund 10.000 Euro.<\/p>\n<p style=\"text-align: justify;\"><strong>Leinfelden-Echterdingen: Einbruch in B\u00fcros und Schulgeb\u00e4ude<br \/>\n<\/strong>Ein Unbekannter ist \u00fcber das Wochenende in mehrere B\u00fcros und ein angrenzendes Schulgeb\u00e4ude in der Schimmelwiesenstra\u00dfe in Echterdingen eingebrochen. Zwischen Freitagnachmittag, 17 Uhr, und Sonntagmittag, 13.30 Uhr, verschaffte sich der T\u00e4ter gewaltsam Zutritt zu mehreren B\u00fcror\u00e4umen, in welchen er Geld in noch unbekannter H\u00f6he entwendete. Im Anschluss stieg er durch ein weiteres Fenster in ein angrenzendes Schulgeb\u00e4ude ein. Erkenntnisse zu m\u00f6glichem Diebesgut liegen bislang noch nicht vor. Der Polizeiposten Leinfelden-Echterdingen hat mit Unterst\u00fctzung von Spurensicherungsexperten der Kriminalpolizei die Ermittlungen aufgenommen.<\/p>\n<p style=\"text-align: justify;\"><strong>Leinfelden-Echterdingen \/ Filderstadt: Pkw gestohlen und verunfallt (Zeugenaufruf)<br \/>\n<\/strong>Wegen einer ganzen Reihe von Straftaten ermittelt das Polizeirevier Flughafen nach einem Autodiebstahl am Sonntagvormittag. Den derzeitigen Ermittlungen zufolge sollen zwei M\u00e4nner im Alter von 44 und 37 Jahren kurz vor elf Uhr auf einem Parkplatz auf dem Flughafengel\u00e4nde einen silbernen VW Golf gestohlen haben und bei der Fahrt aus dem Geb\u00e4ude gegen einen geparkten Wagen gesto\u00dfen sein. Das Parkhaus sollen sie trotz geschlossener Schranke mit dem Fahrzeug verlassen haben, um anschlie\u00dfend in Richtung Autobahn zu fl\u00fcchten. Besch\u00e4digt wurde die Schranke offenbar nicht. Ein Zeuge, der dies beobachtet hatte, verst\u00e4ndigte anschlie\u00dfend die Polizei. Wie bislang bekannt ist, \u00fcberfuhr der VW Golf den Kreisverkehr in der T\u00fcbinger Stra\u00dfe in Bernhausen und war danach nicht mehr fahrtauglich. Die beiden Tatverd\u00e4chtigen sollen den besch\u00e4digten Wagen in der Folge zur\u00fcckgelassen haben. Sie konnten im Rahmen der polizeilichen Fahndung unweit des Unfallorts angetroffen und vor\u00fcbergehend festgenommen werden. Wie sich weiter herausstellte, ist der 44-J\u00e4hrige, der den Wagen gelenkt haben soll, nicht im Besitz einer Fahrerlaubnis. Beide M\u00e4nner waren zudem erheblich alkoholisiert. Der insgesamt verursachte Sachschaden d\u00fcrfte sich auf mehrere tausend Euro belaufen. Der VW Golf musste abgeschleppt werden. Das Polizeirevier Flughafen sucht nun Zeugen oder m\u00f6gliche Gesch\u00e4digte, die die Fahrt oder den Unfall des silbernen VW Golf beobachtet haben oder dabei selbst gef\u00e4hrdet wurden. Entsprechende Hinweise werden unter der Telefonnummer 0711\/78780-0 entgegengenommen.<\/p>\n<hr \/>\n<p style=\"text-align: justify;\">\n","protected":false},"excerpt":{"rendered":"<p>Quelle: ots Esslingen: In Recyclinghof eingebrochen Ein aufmerksamer Spazierg\u00e4nger hat am Samstagnachmittag zu einem raschen Fahndungserfolg beigetragen. Gegen 14 Uhr meldete der aufmerksame Mitb\u00fcrger zwei m\u00e4nnliche Personen, die auff\u00e4llig um den Recyclinghof in der Hohenheimer Stra\u00dfe herumschlichen. Noch w\u00e4hrend des Anrufs bei der Polizei begaben sich die beiden Personen auf das Gel\u00e4nde. Eine \u00dcberpr\u00fcfung mit [&hellip;]<\/p>\n","protected":false},"author":4,"featured_media":152245,"comment_status":"closed","ping_status":"open","sticky":false,"template":"","format":"standard","meta":{"inline_featured_image":false,"_exactmetrics_skip_tracking":false,"_exactmetrics_sitenote_active":false,"_exactmetrics_sitenote_note":"","_exactmetrics_sitenote_category":0,"footnotes":""},"categories":[11240],"tags":[14857,14440,68,205,1625],"class_list":{"0":"post-158622","1":"post","2":"type-post","3":"status-publish","4":"format-standard","5":"has-post-thumbnail","7":"category-region-esslingen","8":"tag-die-webzeitung","9":"tag-esslingen","10":"tag-online-zeitung","11":"tag-polizei","12":"tag-report"},"image_feature":"https:\/\/die-webzeitung.de\/stuttgart\/wp-content\/uploads\/sites\/4\/2024\/02\/Polizei-Pix-scaled.jpg","author_name":"Redaktion","pure_taxonomies":{"categories":[{"term_id":11240,"name":"Polizei-Report Esslingen","slug":"region-esslingen","term_group":0,"term_taxonomy_id":11278,"taxonomy":"category","description":"Polizeiberichte aus der Region des Landkreises Esslingen","parent":1619,"count":69,"filter":"raw","image":""}],"tags":[{"term_id":14857,"name":"Die-Webzeitung","slug":"die-webzeitung","term_group":0,"term_taxonomy_id":14876,"taxonomy":"post_tag","description":"","parent":0,"count":3623,"filter":"raw","image":""},{"term_id":14440,"name":"Esslingen","slug":"esslingen","term_group":0,"term_taxonomy_id":3885,"taxonomy":"post_tag","description":"","parent":0,"count":202,"filter":"raw","image":""},{"term_id":68,"name":"Online-Zeitung","slug":"online-zeitung","term_group":0,"term_taxonomy_id":69,"taxonomy":"post_tag","description":"","parent":0,"count":3593,"filter":"raw","image":""},{"term_id":205,"name":"Polizei","slug":"polizei","term_group":0,"term_taxonomy_id":208,"taxonomy":"post_tag","description":"","parent":0,"count":277,"filter":"raw","image":""},{"term_id":1625,"name":"Report","slug":"report","term_group":0,"term_taxonomy_id":1634,"taxonomy":"post_tag","description":"","parent":0,"count":210,"filter":"raw","image":""}]},"_links":{"self":[{"href":"https:\/\/die-webzeitung.de\/stuttgart\/wp-json\/wp\/v2\/posts\/158622","targetHints":{"allow":["GET"]}}],"collection":[{"href":"https:\/\/die-webzeitung.de\/stuttgart\/wp-json\/wp\/v2\/posts"}],"about":[{"href":"https:\/\/die-webzeitung.de\/stuttgart\/wp-json\/wp\/v2\/types\/post"}],"author":[{"embeddable":true,"href":"https:\/\/die-webzeitung.de\/stuttgart\/wp-json\/wp\/v2\/users\/4"}],"replies":[{"embeddable":true,"href":"https:\/\/die-webzeitung.de\/stuttgart\/wp-json\/wp\/v2\/comments?post=158622"}],"version-history":[{"count":10,"href":"https:\/\/die-webzeitung.de\/stuttgart\/wp-json\/wp\/v2\/posts\/158622\/revisions"}],"predecessor-version":[{"id":158701,"href":"https:\/\/die-webzeitung.de\/stuttgart\/wp-json\/wp\/v2\/posts\/158622\/revisions\/158701"}],"wp:featuredmedia":[{"embeddable":true,"href":"https:\/\/die-webzeitung.de\/stuttgart\/wp-json\/wp\/v2\/media\/152245"}],"wp:attachment":[{"href":"https:\/\/die-webzeitung.de\/stuttgart\/wp-json\/wp\/v2\/media?parent=158622"}],"wp:term":[{"taxonomy":"category","embeddable":true,"href":"https:\/\/die-webzeitung.de\/stuttgart\/wp-json\/wp\/v2\/categories?post=158622"},{"taxonomy":"post_tag","embeddable":true,"href":"https:\/\/die-webzeitung.de\/stuttgart\/wp-json\/wp\/v2\/tags?post=158622"}],"curies":[{"name":"wp","href":"https:\/\/api.w.org\/{rel}","templated":true}]}}