{"id":158585,"date":"2025-11-05T16:03:25","date_gmt":"2025-11-05T15:03:25","guid":{"rendered":"https:\/\/die-webzeitung.de\/stuttgart\/?p=158585"},"modified":"2025-12-05T12:05:25","modified_gmt":"2025-12-05T11:05:25","slug":"schnell-informiert-per-whatsapp","status":"publish","type":"post","link":"https:\/\/die-webzeitung.de\/stuttgart\/2025\/11\/05\/schnell-informiert-per-whatsapp\/","title":{"rendered":"Schnell informiert per WhatsApp"},"content":{"rendered":"<p style=\"text-align: justify;\">Ostfildern.| Die Stadt Ostfildern erweitert ihr Angebot zur Information der B\u00fcrgerinnen und B\u00fcrger. Ab sofort betreibt die Stadt einen eigenen WhatsApp-Kanal. Mit diesem kostenfreien Service bleibt die B\u00fcrgerschaft stets auf dem Laufenden.<\/p>\n<p style=\"text-align: justify;\">Mit dem neuen Informationskanal wird allen B\u00fcrgerinnen und B\u00fcrgern eine moderne, schnelle und unkomplizierte M\u00f6glichkeit geboten, wichtige Nachrichten direkt aufs Smartphone zu erhalten.<\/p>\n<p style=\"text-align: justify;\">\u00dcber den WhatsApp-Kanal informiert die Stadt w\u00f6chentlich \u00fcber aktuelle Themen aus der Verwaltung. Es wird Hinweise zu aktuellen Veranstaltungen und Stra\u00dfensperrungen sowie Neuigkeiten aus dem Gemeinderat geben. So bleibt die B\u00fcrgerschaft stets auf dem Laufenden, egal ob zuhause oder unterwegs.<\/p>\n<p style=\"text-align: justify;\">Auch f\u00fcr Krisenf\u00e4lle ist der WhatsApp-Kanal eine wertvolle Bereicherung, da wichtige Informationen f\u00fcr die B\u00fcrgerschaft so auch im Ernstfall schnell und unkompliziert verbreitet werden k\u00f6nnen.<\/p>\n<p style=\"text-align: justify;\">Der Service ist kostenfrei und f\u00fcr alle offen. Der Kanal stellt allerdings eine Einwegkommunikation dar, das bedeutet, dass Abonnenten und Abonnentinnen lediglich Nachrichten empfangen k\u00f6nnen. Eine Option, \u00fcber den WhatsApp-Kanal selbst mit der Stadtverwaltung in Kontakt zu treten, besteht nicht.<\/p>\n<p style=\"text-align: justify;\">Um Push-Benachrichtigungen \u00fcber neue Nachrichten der Stadtverwaltung zu erhalten, m\u00fcssen die Nutzerinnen und Nutzer die Benachrichtigungen \u00fcber die Glocke am rechten oberen Bildrand ihres Smartphones aktivieren.<\/p>\n<hr \/>\n<p style=\"text-align: justify;\">\n","protected":false},"excerpt":{"rendered":"<p>Ostfildern.| Die Stadt Ostfildern erweitert ihr Angebot zur Information der B\u00fcrgerinnen und B\u00fcrger. Ab sofort betreibt die Stadt einen eigenen WhatsApp-Kanal. Mit diesem kostenfreien Service bleibt die B\u00fcrgerschaft stets auf dem Laufenden. Mit dem neuen Informationskanal wird allen B\u00fcrgerinnen und B\u00fcrgern eine moderne, schnelle und unkomplizierte M\u00f6glichkeit geboten, wichtige Nachrichten direkt aufs Smartphone zu erhalten. [&hellip;]<\/p>\n","protected":false},"author":4,"featured_media":0,"comment_status":"closed","ping_status":"open","sticky":false,"template":"","format":"standard","meta":{"inline_featured_image":false,"_exactmetrics_skip_tracking":false,"_exactmetrics_sitenote_active":false,"_exactmetrics_sitenote_note":"","_exactmetrics_sitenote_category":0,"footnotes":""},"categories":[2247],"tags":[14857,68,14439],"class_list":{"0":"post-158585","1":"post","2":"type-post","3":"status-publish","4":"format-standard","6":"category-kreis-esslingen","7":"tag-die-webzeitung","8":"tag-online-zeitung","9":"tag-ostfildern"},"image_feature":null,"author_name":"Redaktion","pure_taxonomies":{"categories":[{"term_id":2247,"name":"Kreis Esslingen","slug":"kreis-esslingen","term_group":0,"term_taxonomy_id":2260,"taxonomy":"category","description":"Informationen aus dem Landkreis Esslingen","parent":171,"count":214,"filter":"raw","image":""}],"tags":[{"term_id":14857,"name":"Die-Webzeitung","slug":"die-webzeitung","term_group":0,"term_taxonomy_id":14876,"taxonomy":"post_tag","description":"","parent":0,"count":3623,"filter":"raw","image":""},{"term_id":68,"name":"Online-Zeitung","slug":"online-zeitung","term_group":0,"term_taxonomy_id":69,"taxonomy":"post_tag","description":"","parent":0,"count":3593,"filter":"raw","image":""},{"term_id":14439,"name":"Ostfildern","slug":"ostfildern","term_group":0,"term_taxonomy_id":1797,"taxonomy":"post_tag","description":"","parent":0,"count":35,"filter":"raw","image":""}]},"_links":{"self":[{"href":"https:\/\/die-webzeitung.de\/stuttgart\/wp-json\/wp\/v2\/posts\/158585","targetHints":{"allow":["GET"]}}],"collection":[{"href":"https:\/\/die-webzeitung.de\/stuttgart\/wp-json\/wp\/v2\/posts"}],"about":[{"href":"https:\/\/die-webzeitung.de\/stuttgart\/wp-json\/wp\/v2\/types\/post"}],"author":[{"embeddable":true,"href":"https:\/\/die-webzeitung.de\/stuttgart\/wp-json\/wp\/v2\/users\/4"}],"replies":[{"embeddable":true,"href":"https:\/\/die-webzeitung.de\/stuttgart\/wp-json\/wp\/v2\/comments?post=158585"}],"version-history":[{"count":1,"href":"https:\/\/die-webzeitung.de\/stuttgart\/wp-json\/wp\/v2\/posts\/158585\/revisions"}],"predecessor-version":[{"id":158586,"href":"https:\/\/die-webzeitung.de\/stuttgart\/wp-json\/wp\/v2\/posts\/158585\/revisions\/158586"}],"wp:attachment":[{"href":"https:\/\/die-webzeitung.de\/stuttgart\/wp-json\/wp\/v2\/media?parent=158585"}],"wp:term":[{"taxonomy":"category","embeddable":true,"href":"https:\/\/die-webzeitung.de\/stuttgart\/wp-json\/wp\/v2\/categories?post=158585"},{"taxonomy":"post_tag","embeddable":true,"href":"https:\/\/die-webzeitung.de\/stuttgart\/wp-json\/wp\/v2\/tags?post=158585"}],"curies":[{"name":"wp","href":"https:\/\/api.w.org\/{rel}","templated":true}]}}