{"id":158572,"date":"2025-11-04T17:27:41","date_gmt":"2025-11-04T16:27:41","guid":{"rendered":"https:\/\/die-webzeitung.de\/stuttgart\/?p=158572"},"modified":"2025-11-04T17:27:41","modified_gmt":"2025-11-04T16:27:41","slug":"stuttgart-leuchtet","status":"publish","type":"post","link":"https:\/\/die-webzeitung.de\/stuttgart\/2025\/11\/04\/stuttgart-leuchtet\/","title":{"rendered":"\u201eStuttgart leuchtet\u201c"},"content":{"rendered":"<h4 style=\"text-align: justify;\"><strong>Lange Einkaufsnacht am 8. November \u2013 Genussmomente im i-Punkt<\/strong><\/h4>\n<p style=\"text-align: justify;\">Stuttgart.| Zur langen Einkaufsnacht \u201eStuttgart leuchtet\u201c am Samstag, 8. November 2025, lockt die Tourist-Information i-Punkt im Haus des Tourismus am Stuttgarter Marktplatz mit regionalen Spezialit\u00e4ten und neuen Weihnachtsprodukten. Das Highlight in diesem Jahr: die neue ErlebnisCard.<\/p>\n<p style=\"text-align: justify;\">Am 8. November l\u00e4dt die lange Einkaufsnacht \u201eStuttgart leuchtet\u201c zum abendlichen Bummel durch die illuminierte Stuttgarter Innenstadt ein. Auch die Tourist-Information i-Punkt am Marktplatz h\u00e4lt besondere Angebote bereit: Die ErlebnisCard bietet Inhaberinnen und Inhabern 365 Tage lang Vorteile bei \u00fcber 70 Kultur- und Freizeiteinrichtungen in der Region Stuttgart. W\u00e4hrend der langen Einkaufsnacht kann die Karte direkt im i-Punkt erworben werden.<\/p>\n<p style=\"text-align: justify;\">Von 17 bis 20 Uhr erwarten Besucherinnen und Besucher im i-Punkt zudem kostenlose Getr\u00e4nke sowie eine Verkostung regionaler Spezialit\u00e4ten. Die teilnehmenden Ausstellerinnen und Aussteller \u2013 Mias Feinkost, Kevin Kugel, Stuggi Schorle, Neckar Bl\u00f6rre und die Eselsm\u00fchle \u2013 bieten in der langen Einkaufsnacht zehn Prozent Rabatt auf ihr Sortiment. Au\u00dferdem stellt der i-Punkt die ersten Weihnachtsprodukte vor.<\/p>\n<p style=\"text-align: justify;\">Die Tourist-Information im Haus des Tourismus ist am 8. November von 10 bis 22 Uhr ge\u00f6ffnet.<\/p>\n<hr \/>\n<p style=\"text-align: justify;\">\n","protected":false},"excerpt":{"rendered":"<p>Lange Einkaufsnacht am 8. November \u2013 Genussmomente im i-Punkt Stuttgart.| Zur langen Einkaufsnacht \u201eStuttgart leuchtet\u201c am Samstag, 8. November 2025, lockt die Tourist-Information i-Punkt im Haus des Tourismus am Stuttgarter Marktplatz mit regionalen Spezialit\u00e4ten und neuen Weihnachtsprodukten. Das Highlight in diesem Jahr: die neue ErlebnisCard. Am 8. November l\u00e4dt die lange Einkaufsnacht \u201eStuttgart leuchtet\u201c zum [&hellip;]<\/p>\n","protected":false},"author":4,"featured_media":158573,"comment_status":"closed","ping_status":"open","sticky":false,"template":"","format":"standard","meta":{"inline_featured_image":false,"_exactmetrics_skip_tracking":false,"_exactmetrics_sitenote_active":false,"_exactmetrics_sitenote_note":"","_exactmetrics_sitenote_category":0,"footnotes":""},"categories":[2239],"tags":[14857,10384,16179,68,275],"class_list":{"0":"post-158572","1":"post","2":"type-post","3":"status-publish","4":"format-standard","5":"has-post-thumbnail","7":"category-stuttgart-lokal","8":"tag-die-webzeitung","9":"tag-einkaufsnacht","10":"tag-i-punkt","11":"tag-online-zeitung","12":"tag-stuttgart"},"image_feature":"https:\/\/die-webzeitung.de\/stuttgart\/wp-content\/uploads\/sites\/4\/2025\/11\/langenacht-scaled.jpg","author_name":"Redaktion","pure_taxonomies":{"categories":[{"term_id":2239,"name":"Stuttgart","slug":"stuttgart-lokal","term_group":0,"term_taxonomy_id":2252,"taxonomy":"category","description":"Berichte und Informationen aus Stuttgart","parent":1433,"count":941,"filter":"raw","image":""}],"tags":[{"term_id":14857,"name":"Die-Webzeitung","slug":"die-webzeitung","term_group":0,"term_taxonomy_id":14876,"taxonomy":"post_tag","description":"","parent":0,"count":3623,"filter":"raw","image":""},{"term_id":10384,"name":"Einkaufsnacht","slug":"einkaufsnacht","term_group":0,"term_taxonomy_id":10419,"taxonomy":"post_tag","description":"","parent":0,"count":2,"filter":"raw","image":""},{"term_id":16179,"name":"i-Punkt","slug":"i-punkt","term_group":0,"term_taxonomy_id":16198,"taxonomy":"post_tag","description":"","parent":0,"count":2,"filter":"raw","image":""},{"term_id":68,"name":"Online-Zeitung","slug":"online-zeitung","term_group":0,"term_taxonomy_id":69,"taxonomy":"post_tag","description":"","parent":0,"count":3593,"filter":"raw","image":""},{"term_id":275,"name":"Stuttgart","slug":"stuttgart","term_group":0,"term_taxonomy_id":281,"taxonomy":"post_tag","description":"","parent":0,"count":1194,"filter":"raw","image":""}]},"_links":{"self":[{"href":"https:\/\/die-webzeitung.de\/stuttgart\/wp-json\/wp\/v2\/posts\/158572","targetHints":{"allow":["GET"]}}],"collection":[{"href":"https:\/\/die-webzeitung.de\/stuttgart\/wp-json\/wp\/v2\/posts"}],"about":[{"href":"https:\/\/die-webzeitung.de\/stuttgart\/wp-json\/wp\/v2\/types\/post"}],"author":[{"embeddable":true,"href":"https:\/\/die-webzeitung.de\/stuttgart\/wp-json\/wp\/v2\/users\/4"}],"replies":[{"embeddable":true,"href":"https:\/\/die-webzeitung.de\/stuttgart\/wp-json\/wp\/v2\/comments?post=158572"}],"version-history":[{"count":1,"href":"https:\/\/die-webzeitung.de\/stuttgart\/wp-json\/wp\/v2\/posts\/158572\/revisions"}],"predecessor-version":[{"id":158574,"href":"https:\/\/die-webzeitung.de\/stuttgart\/wp-json\/wp\/v2\/posts\/158572\/revisions\/158574"}],"wp:featuredmedia":[{"embeddable":true,"href":"https:\/\/die-webzeitung.de\/stuttgart\/wp-json\/wp\/v2\/media\/158573"}],"wp:attachment":[{"href":"https:\/\/die-webzeitung.de\/stuttgart\/wp-json\/wp\/v2\/media?parent=158572"}],"wp:term":[{"taxonomy":"category","embeddable":true,"href":"https:\/\/die-webzeitung.de\/stuttgart\/wp-json\/wp\/v2\/categories?post=158572"},{"taxonomy":"post_tag","embeddable":true,"href":"https:\/\/die-webzeitung.de\/stuttgart\/wp-json\/wp\/v2\/tags?post=158572"}],"curies":[{"name":"wp","href":"https:\/\/api.w.org\/{rel}","templated":true}]}}