{"id":158534,"date":"2025-11-01T19:13:47","date_gmt":"2025-11-01T18:13:47","guid":{"rendered":"https:\/\/die-webzeitung.de\/stuttgart\/?p=158534"},"modified":"2025-11-02T09:52:26","modified_gmt":"2025-11-02T08:52:26","slug":"unterschriften-gegen-bebauung-des-gleisvorfelds-verfehlen-das-noetige-quorum","status":"publish","type":"post","link":"https:\/\/die-webzeitung.de\/stuttgart\/2025\/11\/01\/unterschriften-gegen-bebauung-des-gleisvorfelds-verfehlen-das-noetige-quorum\/","title":{"rendered":"Unterschriften gegen Bebauung des Gleisvorfelds verfehlen das n\u00f6tige Quorum"},"content":{"rendered":"<h4 style=\"text-align: justify;\"><strong>Stadt der Zukunft:\u00a0Ausz\u00e4hlung abgeschlossen<\/strong><\/h4>\n<p style=\"text-align: justify;\">Stuttgart.| Das Statistische Amt der Stadt Stuttgart hat die Pr\u00fcfung der Unterschriften abgeschlossen, die die B\u00fcrgerinitiative \u201eBahnhof mit Zukunft\u201c f\u00fcr ein B\u00fcrgerbegehren gegen die Bebauung des Gleisvorfelds am Hauptbahnhof eingereicht hat. Demnach wurde das erforderliche Quorum von 20.000 g\u00fcltigen Unterschriften nicht erreicht.<\/p>\n<p style=\"text-align: justify;\">Der Gemeinderat der Landeshauptstadt Stuttgart hatte am 15. Juli 2025 mit 16 Ja- und 3 Nein-Stimmen die Aufstellung des Bebauungsplans f\u00fcr das Areal A2, die heutigen Zulaufgleise des Kopfbahnhofs, beschlossen. Bereits im Vorfeld hatte eine B\u00fcrgerinitiative ein B\u00fcrgerbegehren unter dem Titel \u201eMehr Bahnhof = Mehr Zukunft\u201c gegen diesen Aufstellungsbeschluss angek\u00fcndigt und am 15. Juli die Sammlung von Unterschriften mit einer Auftaktveranstaltung gestartet. Ziel der Unterschriftensammlung war es, einen B\u00fcrgerentscheid \u00fcber den bereits vom Gemeinderat gefassten Aufstellungsbeschluss herbeizuf\u00fchren.<\/p>\n<p style=\"text-align: justify;\"><strong>Eingehende Pr\u00fcfung abgeschlossen<\/strong><\/p>\n<p style=\"text-align: justify;\">Innerhalb des gesetzlich festgelegten dreimonatigen Zeitraums kamen \u00fcber 20.000 Unterschriften zusammen, die am Abend des 15. Oktober fristgerecht bei der Stadt Stuttgart eingereicht wurden. Die Pr\u00fcfung durch das Statistische Amt ergab, dass davon 18.270 Unterschriften g\u00fcltig sind. Das bedeutet, sie wurden von Personen abgegeben, die EU-B\u00fcrger sind, seit mindestens drei Monaten in Stuttgart gemeldet und \u00fcber 16 Jahre alt sind. Die erforderliche Zahl von 20.000 g\u00fcltigen Unterschriften wurde damit nicht erreicht, wie das Statistische Amt am Freitag, 31. Oktober 2025, mitteilte.<\/p>\n<p style=\"text-align: justify;\">Nach Ablauf der drei Monate wurden in den Folgetagen weitere Unterschriften bei der Stadt nachgereicht. Auch diese wurden gepr\u00fcft. Insgesamt gingen bis zum 27. Oktober insgesamt 19.835 g\u00fcltige Unterschriften beim Statistischen Amt ein. Da die erforderlichen 20.000 g\u00fcltigen Unterschriften f\u00fcr das Erreichen des Quorums auch mit den nachgereichten Unterschriften nicht erreicht wurden, ist die Frage der unterschiedlichen rechtlichen Beurteilung des Fristendes durch die Stadtverwaltung einerseits und die B\u00fcrgerinitiative andererseits nicht relevant.<\/p>\n<hr \/>\n<p style=\"text-align: justify;\">\n","protected":false},"excerpt":{"rendered":"<p>Stadt der Zukunft:\u00a0Ausz\u00e4hlung abgeschlossen Stuttgart.| Das Statistische Amt der Stadt Stuttgart hat die Pr\u00fcfung der Unterschriften abgeschlossen, die die B\u00fcrgerinitiative \u201eBahnhof mit Zukunft\u201c f\u00fcr ein B\u00fcrgerbegehren gegen die Bebauung des Gleisvorfelds am Hauptbahnhof eingereicht hat. Demnach wurde das erforderliche Quorum von 20.000 g\u00fcltigen Unterschriften nicht erreicht. Der Gemeinderat der Landeshauptstadt Stuttgart hatte am 15. Juli [&hellip;]<\/p>\n","protected":false},"author":4,"featured_media":158535,"comment_status":"closed","ping_status":"open","sticky":false,"template":"","format":"standard","meta":{"inline_featured_image":false,"_exactmetrics_skip_tracking":false,"_exactmetrics_sitenote_active":false,"_exactmetrics_sitenote_note":"","_exactmetrics_sitenote_category":0,"footnotes":""},"categories":[2239],"tags":[11027,14857,18191,68,18190,275],"class_list":{"0":"post-158534","1":"post","2":"type-post","3":"status-publish","4":"format-standard","5":"has-post-thumbnail","7":"category-stuttgart-lokal","8":"tag-bebauung","9":"tag-die-webzeitung","10":"tag-gleisvorfeld","11":"tag-online-zeitung","12":"tag-quorum","13":"tag-stuttgart"},"image_feature":"https:\/\/die-webzeitung.de\/stuttgart\/wp-content\/uploads\/sites\/4\/2025\/10\/Stuttgart-Rosenstein-Teilgebiet-A-von-Westen-Foto-Stadt-Stuttgart-Stadtmessungsamt-scaled.jpg","author_name":"Redaktion","pure_taxonomies":{"categories":[{"term_id":2239,"name":"Stuttgart","slug":"stuttgart-lokal","term_group":0,"term_taxonomy_id":2252,"taxonomy":"category","description":"Berichte und Informationen aus Stuttgart","parent":1433,"count":941,"filter":"raw","image":""}],"tags":[{"term_id":11027,"name":"Bebauung","slug":"bebauung","term_group":0,"term_taxonomy_id":11065,"taxonomy":"post_tag","description":"","parent":0,"count":2,"filter":"raw","image":""},{"term_id":14857,"name":"Die-Webzeitung","slug":"die-webzeitung","term_group":0,"term_taxonomy_id":14876,"taxonomy":"post_tag","description":"","parent":0,"count":3623,"filter":"raw","image":""},{"term_id":18191,"name":"Gleisvorfeld","slug":"gleisvorfeld","term_group":0,"term_taxonomy_id":18210,"taxonomy":"post_tag","description":"","parent":0,"count":1,"filter":"raw","image":""},{"term_id":68,"name":"Online-Zeitung","slug":"online-zeitung","term_group":0,"term_taxonomy_id":69,"taxonomy":"post_tag","description":"","parent":0,"count":3593,"filter":"raw","image":""},{"term_id":18190,"name":"Quorum","slug":"quorum","term_group":0,"term_taxonomy_id":18209,"taxonomy":"post_tag","description":"","parent":0,"count":1,"filter":"raw","image":""},{"term_id":275,"name":"Stuttgart","slug":"stuttgart","term_group":0,"term_taxonomy_id":281,"taxonomy":"post_tag","description":"","parent":0,"count":1194,"filter":"raw","image":""}]},"_links":{"self":[{"href":"https:\/\/die-webzeitung.de\/stuttgart\/wp-json\/wp\/v2\/posts\/158534","targetHints":{"allow":["GET"]}}],"collection":[{"href":"https:\/\/die-webzeitung.de\/stuttgart\/wp-json\/wp\/v2\/posts"}],"about":[{"href":"https:\/\/die-webzeitung.de\/stuttgart\/wp-json\/wp\/v2\/types\/post"}],"author":[{"embeddable":true,"href":"https:\/\/die-webzeitung.de\/stuttgart\/wp-json\/wp\/v2\/users\/4"}],"replies":[{"embeddable":true,"href":"https:\/\/die-webzeitung.de\/stuttgart\/wp-json\/wp\/v2\/comments?post=158534"}],"version-history":[{"count":1,"href":"https:\/\/die-webzeitung.de\/stuttgart\/wp-json\/wp\/v2\/posts\/158534\/revisions"}],"predecessor-version":[{"id":158536,"href":"https:\/\/die-webzeitung.de\/stuttgart\/wp-json\/wp\/v2\/posts\/158534\/revisions\/158536"}],"wp:featuredmedia":[{"embeddable":true,"href":"https:\/\/die-webzeitung.de\/stuttgart\/wp-json\/wp\/v2\/media\/158535"}],"wp:attachment":[{"href":"https:\/\/die-webzeitung.de\/stuttgart\/wp-json\/wp\/v2\/media?parent=158534"}],"wp:term":[{"taxonomy":"category","embeddable":true,"href":"https:\/\/die-webzeitung.de\/stuttgart\/wp-json\/wp\/v2\/categories?post=158534"},{"taxonomy":"post_tag","embeddable":true,"href":"https:\/\/die-webzeitung.de\/stuttgart\/wp-json\/wp\/v2\/tags?post=158534"}],"curies":[{"name":"wp","href":"https:\/\/api.w.org\/{rel}","templated":true}]}}