{"id":158486,"date":"2025-10-27T14:53:06","date_gmt":"2025-10-27T13:53:06","guid":{"rendered":"https:\/\/die-webzeitung.de\/stuttgart\/?p=158486"},"modified":"2025-10-27T14:53:06","modified_gmt":"2025-10-27T13:53:06","slug":"neue-behelfsbruecke-ueber-den-neckar-in-bad-cannstatt-in-position-gebracht","status":"publish","type":"post","link":"https:\/\/die-webzeitung.de\/stuttgart\/2025\/10\/27\/neue-behelfsbruecke-ueber-den-neckar-in-bad-cannstatt-in-position-gebracht\/","title":{"rendered":"Neue Behelfsbr\u00fccke \u00fcber den Neckar in Bad Cannstatt in Position gebracht"},"content":{"rendered":"<p style=\"text-align: justify;\">Stuttgart.| In Bad Cannstatt wurde am Sonntagabend die neue Behelfsbr\u00fccke \u00fcber den Neckar eingehoben. Sie verbindet ab Mitte November f\u00fcr den Fu\u00df- und Radverkehr die dortige Altstadt mit Wilhelma, Pragstra\u00dfe und der Neckarvorstadt.<\/p>\n<p style=\"text-align: justify;\">Am Sonntagabend ist die neue Behelfsbr\u00fccke \u00fcber den Neckar in Bad Cannstatt in Position gebracht worden. Gegen 21 Uhr hob der mehr als 1.000 Tonnen schwere Raupenkran die 70 Meter lange und rund 125 Tonnen schwere Stahlbr\u00fccke aus dem Transportschiff. Mithilfe von F\u00fchrungsleinen wurde sie um 90 Grad gedreht und bis gegen 22.30 Uhr auf den vorbereiteten Widerlagern pr\u00e4zise abgesetzt. Der Einhub verlief reibungslos und planm\u00e4\u00dfig.<\/p>\n<p style=\"text-align: justify;\">Die Behelfsbr\u00fccke stellt damit wieder eine wichtige Verbindung zwischen Bad Cannstatt, der Wilhelma, dem Rosensteinpark und dem Bereich um die Pragstra\u00dfe her. Sie ersetzt vor\u00fcbergehend die im Juli 2024 abgebrochene Rosensteinbr\u00fccke. Mit einer Breite von rund 4,20 Metern erm\u00f6glicht sie f\u00fcr den Fu\u00df- und Radverkehr den direkten Weg \u00fcber den Neckar.<\/p>\n<p style=\"text-align: justify;\">Die Fachwerkbr\u00fccke besteht aus verschraubten, feuerverzinkten Stahltr\u00e4gern. Der Br\u00fcckenbelag besteht aus glasfaserverst\u00e4rkten Kunststoffplatten (GFK-Planken), die fest auf den Stahltr\u00e4gern montiert sind.<\/p>\n<p style=\"text-align: justify;\">In den vergangenen Wochen wurde die Konstruktion auf dem Gel\u00e4nde der Firma Kaatsch in Plochingen durch die Firma Max Wild vormontiert. Am Freitag, 24. Oktober, wurde die fertige Br\u00fccke mithilfe von zwei Mobilkr\u00e4nen im Hafen von Plochingen auf das Binnenschiff MS \u201eOleander\u201c verladen. Anschlie\u00dfend erfolgte der Transport \u00fcber den Neckar bis zum Kraftwerk M\u00fcnster. Von dort brachte das Schiff die Behelfsbr\u00fccke am Sonntagabend gegen 20 Uhr nach Bad Cannstatt. Vor Ort wurde das Transportschiff in der Neckarfahrrinne positioniert und mit ausfahrbaren St\u00fctzen stabilisiert.<\/p>\n<p style=\"text-align: justify;\">In den kommenden Tagen folgt der Abbau des Raupenkrans sowie die Wiederherstellung der Rampen. Geplant ist, die Behelfsbr\u00fccke Mitte November f\u00fcr den Fu\u00df\u2010 und Radverkehr freizugeben.<\/p>\n<p style=\"text-align: justify;\">Die Arbeiten werden von der Max Wild GmbH aus Berkheim im Auftrag der Landeshauptstadt Stuttgart ausgef\u00fchrt.<\/p>\n<hr \/>\n<p style=\"text-align: justify;\">\n","protected":false},"excerpt":{"rendered":"<p>Stuttgart.| In Bad Cannstatt wurde am Sonntagabend die neue Behelfsbr\u00fccke \u00fcber den Neckar eingehoben. Sie verbindet ab Mitte November f\u00fcr den Fu\u00df- und Radverkehr die dortige Altstadt mit Wilhelma, Pragstra\u00dfe und der Neckarvorstadt. Am Sonntagabend ist die neue Behelfsbr\u00fccke \u00fcber den Neckar in Bad Cannstatt in Position gebracht worden. Gegen 21 Uhr hob der mehr [&hellip;]<\/p>\n","protected":false},"author":4,"featured_media":158487,"comment_status":"closed","ping_status":"open","sticky":false,"template":"","format":"standard","meta":{"inline_featured_image":false,"_exactmetrics_skip_tracking":false,"_exactmetrics_sitenote_active":false,"_exactmetrics_sitenote_note":"","_exactmetrics_sitenote_category":0,"footnotes":""},"categories":[2239],"tags":[10126,12576,14857,68,275],"class_list":{"0":"post-158486","1":"post","2":"type-post","3":"status-publish","4":"format-standard","5":"has-post-thumbnail","7":"category-stuttgart-lokal","8":"tag-bad-cannstatt","9":"tag-bruecke","10":"tag-die-webzeitung","11":"tag-online-zeitung","12":"tag-stuttgart"},"image_feature":"https:\/\/die-webzeitung.de\/stuttgart\/wp-content\/uploads\/sites\/4\/2025\/10\/badcabbstattbtuecke.jpg","author_name":"Redaktion","pure_taxonomies":{"categories":[{"term_id":2239,"name":"Stuttgart","slug":"stuttgart-lokal","term_group":0,"term_taxonomy_id":2252,"taxonomy":"category","description":"Berichte und Informationen aus Stuttgart","parent":1433,"count":941,"filter":"raw","image":""}],"tags":[{"term_id":10126,"name":"Bad Cannstatt","slug":"bad-cannstatt","term_group":0,"term_taxonomy_id":10157,"taxonomy":"post_tag","description":"","parent":0,"count":10,"filter":"raw","image":""},{"term_id":12576,"name":"Br\u00fccke","slug":"bruecke","term_group":0,"term_taxonomy_id":12616,"taxonomy":"post_tag","description":"","parent":0,"count":2,"filter":"raw","image":""},{"term_id":14857,"name":"Die-Webzeitung","slug":"die-webzeitung","term_group":0,"term_taxonomy_id":14876,"taxonomy":"post_tag","description":"","parent":0,"count":3623,"filter":"raw","image":""},{"term_id":68,"name":"Online-Zeitung","slug":"online-zeitung","term_group":0,"term_taxonomy_id":69,"taxonomy":"post_tag","description":"","parent":0,"count":3593,"filter":"raw","image":""},{"term_id":275,"name":"Stuttgart","slug":"stuttgart","term_group":0,"term_taxonomy_id":281,"taxonomy":"post_tag","description":"","parent":0,"count":1194,"filter":"raw","image":""}]},"_links":{"self":[{"href":"https:\/\/die-webzeitung.de\/stuttgart\/wp-json\/wp\/v2\/posts\/158486","targetHints":{"allow":["GET"]}}],"collection":[{"href":"https:\/\/die-webzeitung.de\/stuttgart\/wp-json\/wp\/v2\/posts"}],"about":[{"href":"https:\/\/die-webzeitung.de\/stuttgart\/wp-json\/wp\/v2\/types\/post"}],"author":[{"embeddable":true,"href":"https:\/\/die-webzeitung.de\/stuttgart\/wp-json\/wp\/v2\/users\/4"}],"replies":[{"embeddable":true,"href":"https:\/\/die-webzeitung.de\/stuttgart\/wp-json\/wp\/v2\/comments?post=158486"}],"version-history":[{"count":1,"href":"https:\/\/die-webzeitung.de\/stuttgart\/wp-json\/wp\/v2\/posts\/158486\/revisions"}],"predecessor-version":[{"id":158488,"href":"https:\/\/die-webzeitung.de\/stuttgart\/wp-json\/wp\/v2\/posts\/158486\/revisions\/158488"}],"wp:featuredmedia":[{"embeddable":true,"href":"https:\/\/die-webzeitung.de\/stuttgart\/wp-json\/wp\/v2\/media\/158487"}],"wp:attachment":[{"href":"https:\/\/die-webzeitung.de\/stuttgart\/wp-json\/wp\/v2\/media?parent=158486"}],"wp:term":[{"taxonomy":"category","embeddable":true,"href":"https:\/\/die-webzeitung.de\/stuttgart\/wp-json\/wp\/v2\/categories?post=158486"},{"taxonomy":"post_tag","embeddable":true,"href":"https:\/\/die-webzeitung.de\/stuttgart\/wp-json\/wp\/v2\/tags?post=158486"}],"curies":[{"name":"wp","href":"https:\/\/api.w.org\/{rel}","templated":true}]}}