{"id":158470,"date":"2025-10-27T11:08:57","date_gmt":"2025-10-27T10:08:57","guid":{"rendered":"https:\/\/die-webzeitung.de\/stuttgart\/?p=158470"},"modified":"2025-11-03T14:58:41","modified_gmt":"2025-11-03T13:58:41","slug":"polizei-report-kreis-esslingen-woche-44-4","status":"publish","type":"post","link":"https:\/\/die-webzeitung.de\/stuttgart\/2025\/10\/27\/polizei-report-kreis-esslingen-woche-44-4\/","title":{"rendered":"Polizei-Report Kreis Esslingen | Woche 44"},"content":{"rendered":"<p><em>Quelle: ots<\/em><\/p>\n<p style=\"text-align: justify;\"><strong>Altbach: Unter Alkoholeinwirkung in Unfall verwickelt<br \/>\n<\/strong>Am sp\u00e4ten Samstagabend meldeten Zeugen gegen 22.35 Uhr der Polizei einen Mann, der sich zun\u00e4chst auf einem Tankstellengel\u00e4nde in Deizisau auff\u00e4llig unsicher bewegte und sich kurze Zeit sp\u00e4ter mit einem wei\u00dfen Peugeot in Richtung Altbach entfernte. Wenige Minuten sp\u00e4ter kollidierte dieser Peugeot in der Ortsmitte Altbach, im Kreuzungsbereich Esslinger Stra\u00dfe (L1192) \/Sedanstra\u00dfe, mit einem BMW X1, welcher bei ausgeschalteter Ampel, von der Sedanstra\u00dfe in einem zu engen Bogen nach links auf die bevorrechtigte Esslinger Stra\u00dfe eingebogen war und hierbei den Peugeot rammte. Durch die kurze Zeit sp\u00e4ter eingetroffenen Polizeibeamten konnte bei dem 55-j\u00e4hrigen Peugeot-Lenker eine deutliche alkoholische Beeinflussung festgestellt werden. Ein Atemalkoholtest ergab einen Wert von knapp \u00fcber drei Promille, weshalb bei ihm eine Blutentnahme durchgef\u00fchrt und sein F\u00fchrerschein einbehalten wurde. An beiden Fahrzeugen entstand Sachschaden von mehreren tausend Euro. Der Peugeot musste abgeschleppt werden. Vorsorglich wurde f\u00fcr die 22j\u00e4hrige BMW-Lenkerin der Rettungsdienst angefordert. Eine weitere medizinische Versorgung war aber nicht erforderlich.<\/p>\n<p style=\"text-align: justify;\"><strong>Kirchheim unter Teck: Vor Polizeikontrolle gefl\u00fcchtet<br \/>\n<\/strong>Am fr\u00fchen Sonntagmorgen, gegen 01.00 Uhr, sollte auf einem Feldweg in der N\u00e4he von Kirchheim unter Teck ein Audi-Fahrer einer Verkehrskontrolle unterzogen werden. Der Pkw-Lenker missachtete allerdings die Anhaltezeichen und entzog sich der Kontrolle, in dem er sich mit erh\u00f6hter Geschwindigkeit von der Kontroll\u00f6rtlichkeit entfernte. Die Polizeibeamten folgten dem Fahrzeug, verloren es jedoch kurze Zeit sp\u00e4ter aus den Augen. Nach kurzer Fahndung konnten sie den Audi im Bereich der Verbindungsstra\u00dfe &#8220;Am Hohenreisach&#8221; verlassen feststellen. Augenscheinlich war er mit einem Absperrpoller kollidiert. Nach intensiver Absuche der n\u00e4heren Umgebung konnte die Streife einen 22-j\u00e4hrigen Mann antreffen. Es handelte sich hierbei um den Sohn des Fahrzeughalters. Nach derzeitigen Ermittlungsstand wird davon ausgegangen, dass der 22-J\u00e4hrige das Fahrzeug lenkte. Zudem stand er unter Drogeneinfluss und ist nicht im Besitz einer Fahrerlaubnis. Er musste sich einer Blutentnahme unterziehen. Am Fahrzeug sowie am Poller entstand ein Gesamtsachschaden von mehreren tausend Euro. Das Polizeirevier Kirchheim hat die Ermittlungen aufgenommen.<\/p>\n<p style=\"text-align: justify;\"><strong>Halloween-Bilanz des Polizeipr\u00e4sidiums Reutlingen 2025<\/strong><br \/>\nIn der Nacht von Freitag auf Samstag kam es im Zust\u00e4ndigkeitsbereich des Polizeipr\u00e4sidiums Reutlingen zu circa 120 Eins\u00e4tzen im Zusammenhang mit Halloween. Im Vergleich zum Vorjahr stellt dies eine deutlich geringere Anzahl an Eins\u00e4tzen dar. Die Polizei war mit erh\u00f6hter Pr\u00e4senz und intensiven Kontrollen auch in diesem Jahr im gesamten Bereich des Polizeipr\u00e4sidiums im Einsatz. Es wurden zahlreiche B\u00fcrgergespr\u00e4che und Kontrollen durchgef\u00fchrt. Bei den Eins\u00e4tzen handelte es sich haupts\u00e4chlich um Ruhest\u00f6rungen, Sachbesch\u00e4digungen, das widerrechtliche Abbrennen von Feuerwerksk\u00f6rpern sowie weitere Ruhest\u00f6rungen. Zu sp\u00e4terer Stunde kam es vereinzelt zu Streitigkeiten und K\u00f6rperverletzungsdelikten, die sich meist infolge des zunehmenden Alkoholkonsums entwickelt hatten. In Weilheim an der Teck wurde am Samstagmorgen an einer Realschule ein besch\u00e4digtes Fenster festgestellt. Nach dem derzeitigen Ermittlungsstand muss von der Verwendung eines Sprengk\u00f6rpers ausgegangen werden, da Tr\u00fcmmer des aufgesprengten Fensters und Rollladens weit verteilt lagen. Aus der Schule wurde, soweit bekannt, nichts gestohlen. Gegen 20.40 Uhr kam es in Leinfelden-Echterdingen in der Kanalstra\u00dfe zu einem Raub durch Jugendliche. Drei Freunde im Alter von 13 Jahren wurden im Bereich der Kanalstra\u00dfe von f\u00fcnf maskierten Jugendlichen aggressiv angesprochen. Der R\u00e4delsf\u00fchrer forderte eines der drei Kinder auf, seinen Geldbeutel herauszuholen. Der 13-J\u00e4hrige \u00fcbergab dem unbekannten Maskierten daraufhin einen geringen Geldbetrag und S\u00fc\u00dfigkeiten. W\u00e4hrenddessen wurden zwei der drei Kinder gegen das Bein getreten. In N\u00fcrtingen kam es in der Nacht zum Samstag, nach einer Halloween-Veranstaltung, zur k\u00f6rperlichen Auseinandersetzung zwischen einem 18-j\u00e4hrigen Mann und einem P\u00e4rchen. Der 18-J\u00e4hrige schlug gegen 2.15 Uhr zun\u00e4chst einem 27-j\u00e4hrigen Mann ins Gesicht, der jedoch unverletzt blieb. Die 25-j\u00e4hrige Begleiterin des \u00c4lteren erhielt von dem Heranwachsenden einen derart starken Sto\u00df, dass sie hinfiel und sich eine Beinfraktur zuzog. Die junge Frau musste infolgedessen in einem Krankenhaus behandelt werden.<\/p>\n<p style=\"text-align: justify;\"><strong>N\u00fcrtingen: Unliebsamer Gast<br \/>\n<\/strong>Mehrere Streifenwagenbesatzungen sind in der Nacht zum Samstag zu einer Auseinandersetzung zwischen Partyg\u00e4sten und einem unerw\u00fcnschten Gast in der Kirchstra\u00dfe ausger\u00fcckt. Ein 41-j\u00e4hriger Mann schlich sich, trotz fehlender Einladung, auf die Feier und verhielt sich insbesondere gegen\u00fcber Frauen unangemessen. Daher sollte er von der Veranstaltung verwiesen werden, woraufhin er eine Glasflasche zerbrach und mit dem Splitter in Richtung eines Partygastes stach, ohne diesen zu treffen. Weitere Besucher kamen hinzu und verwiesen den St\u00f6renfried von der Veranstaltung, woraufhin sich ein Gerangel entwickelte, das sich bis zum Eintreffen der ersten Streifenwagen fortsetzte. Die ankommenden Einsatzkr\u00e4fte konnten die alkoholisierten Parteien nur mit M\u00fche und unter dem Einsatz von Pfefferspray voneinander trennen. Bei der Schlichtung der Auseinandersetzung verletzte sich eine Polizeibeamtin leicht, konnte jedoch ihren Dienst fortsetzen. Das Polizeirevier N\u00fcrtingen hat die Ermittlungen zum genauen Hergang der Geschehnisse aufgenommen. Dem 41-J\u00e4hrigen wurde ein Platzverweis erteilt, dem er nachkam.<\/p>\n<p style=\"text-align: justify;\"><strong>Ostfildern: Mit Pfefferspray gespr\u00fcht<br \/>\n<\/strong>Zu einem K\u00f6rperverletzungsdelikt durch das Einsetzen von Pfefferspray ist es am Freitagabend in Kemnat in der Eberhardstra\u00dfe gekommen. Kurz vor 23 Uhr kam es an der \u00d6rtlichkeit zun\u00e4chst zu verbalen Streitigkeiten zwischen zwei Damen im Alter von 46 und 56 Jahren, sowie einem 58-j\u00e4hrigen Mann. Im Zuge der verbalen Auseinandersetzung spr\u00fchte die 46-J\u00e4hrige Pfefferspray in die Gesichter der anderen zwei Personen. Diese erlitten leichte Verletzungen und wurden vor Ort durch eine Besatzung des Rettungsdienstes medizinisch versorgt. Der Polizeirevier Filderstadt hat die Ermittlungen aufgenommen.<\/p>\n<p style=\"text-align: justify;\"><strong>Esslingen: Geschlagen und bedroht (Zeugenaufruf)<br \/>\n<\/strong>Noch unklar sind die Hintergr\u00fcnde einer Auseinandersetzung in der Kr\u00e4merstra\u00dfe am Donnerstagabend. Nach bisherigen Erkenntnissen soll ein 16-J\u00e4hriger in Begleitung einer 15 Jahre alten Jugendlichen gegen 18.45 Uhr von einem Unbekannten angesprochen worden sein. In der Folge soll der Mann den 16-J\u00e4hrigen mit einem Kopfsto\u00df sowie Schl\u00e4gen angegangen haben. Nachdem die beiden Jugendlichen fl\u00fcchteten, soll der Mann sie ein St\u00fcck weit verfolgt und w\u00e4hrenddessen ein Messer in der Hand gehalten haben. Eine sofortige Fahndung nach dem Unbekannten verlief zun\u00e4chst ohne Ergebnis. Der Mann wird als 40-50 Jahre alt, etwa 170 cm gro\u00df, leicht korpulent, bekleidet mit einer M\u00fctze, einer dunklen Jacke sowie Inear-Kopfh\u00f6rer tragend beschrieben. Die auf der Flucht verlorene M\u00fctze und die Kopfh\u00f6rer konnten zwischenzeitlich aufgefunden werden. Hinweise zu dem Gesuchten nimmt das Polizeirevier Esslingen unter der Telefonnummer 0711\/3990-330 entgegen.<\/p>\n<p style=\"text-align: justify;\"><strong>Leinfelden-Echterdingen: Brand an Wohnhaus<br \/>\n<\/strong>Zu einem Brand vor einem Wohngeb\u00e4ude sind die Einsatzkr\u00e4fte in der Nacht von Donnerstag auf Freitag in die Geranienstra\u00dfe in Leinfelden ausger\u00fcckt. Gegen 2.15 Uhr entdeckten Zeugen brennende Altkleider vor einer Kindertagesst\u00e4tte, die sich in dem betreffenden Wohnhaus befindet. Das Feuer hatte das Geb\u00e4ude bereits besch\u00e4digt. Die Feuerwehr, die mit drei Fahrzeugen und 15 Feuerwehrleuten im Einsatz war, konnte den Brand schnell kontrollieren und Schlimmeres verhindern. Die Wohnungen, sowie deren Bewohner im Geb\u00e4ude trugen keinen Schaden davon und konnten in ihren Wohnungen bleiben. Nach derzeitigem Ermittlungsstand sind die Hintergr\u00fcnde des brennenden Unrates vor dem Wohnkomplex noch unklar, die Kriminalpolizei hat die Ermittlungen \u00fcbernommen. Der entstandene Sachschaden d\u00fcrfte sich den ersten Sch\u00e4tzungen zufolge auf circa zehntausend Euro belaufen.<\/p>\n<p style=\"text-align: justify;\"><strong>Esslingen: Vorfahrt von Bus missachtet<br \/>\n<\/strong>Ein Verkehrsunfall zwischen einem Pkw und einem Linienbus hat sich am Donnerstagabend in der Schelztorstra\u00dfe ereignet. Kurz vor 18.45 Uhr fuhr ein 39-J\u00e4hriger mit seinem Opel Astra auf der Kandlerstra\u00dfe und wollte an der Einm\u00fcndung zur Schelztorstra\u00dfe nach links abbiegen. Hierbei missachtete der Mann die Vorfahrt eines die Schelztorstra\u00dfe in Richtung Berliner Stra\u00dfe fahrenden Linienbusses, den ein 61-J\u00e4hriger steuerte. Durch den Zusammenprall st\u00fcrzten mehrere Fahrg\u00e4ste im Bus. Nach bisherigen Erkenntnissen erlitt hierbei eine 67-J\u00e4hrige leichte Verletzungen. Sie konnte vor Ort durch den Rettungsdienst behandelt werden. Am Bus und Pkw entstand ein Sachschaden in H\u00f6he von etwa 5.000 Euro.<\/p>\n<p style=\"text-align: justify;\"><strong>Gro\u00dfbettlingen: Im Kreisverkehr zusammengeprallt<br \/>\n<\/strong>Eine verletzte Verkehrsteilnehmerin und ein Schaden von rund 18.000 Euro sind die Folgen eines Unfalls am Donnerstagnachmittag auf der K 1231. Gegen 15 Uhr fuhr eine 51-J\u00e4hrige mit ihrem BMW X4 von Gro\u00dfbettlingen kommend in den Kreisverkehr ein. Zur selben Zeit bog ein 79-J\u00e4hriger mit einem Suzuki SX4 aus Richtung N\u00fcrtingen kommend in den Kreisel ein, missachtete hierbei die f\u00fcr ihn geltende Vorfahrt der BWM-Fahrerin und stie\u00df mit dieser zusammen. Die Frau wurde mit leichten Verletzungen in eine Klinik gefahren.<\/p>\n<p style=\"text-align: justify;\"><strong>Altenriet: Angegriffene Mutter verstorben<\/strong><br \/>\nDie 66-j\u00e4hrige Frau, die am Montag, den 20.10.2025, mutma\u00dflich von ihrem Sohn in der gemeinsamen Wohnung in Altenriet angegriffen worden war, ist am vergangenen Freitag (24. Oktober 2025) im Krankenhaus ihren Verletzungen erlegen.<br \/>\nDie Ermittlungen gegen den 31-j\u00e4hrigen Sohn werden nun wegen des Verdachts eines vollendeten T\u00f6tungsdelikts gef\u00fchrt. Wie berichtet, konnte der Tatverd\u00e4chtige kurz nach der Tat im Zuge der Fahndung von den alarmierten Polizeibeamten festgenommen werden. Er befindet sich bereits in einer Klinik f\u00fcr forensische Psychiatrie.<\/p>\n<p style=\"text-align: justify;\"><strong>Kirchheim: Fu\u00dfg\u00e4nger nach Sturz verstorben<br \/>\n<\/strong>Ein \u00e4lterer Mann ist am Mittwochabend am Bahnhof \u00d6tlingen auf den Asphalt gest\u00fcrzt und hat dabei eine schwere Kopfverletzung erlitten. Der 87 Jahre alte Senior war kurz vor 18 Uhr zu Fu\u00df auf einem ansteigenden Fu\u00dfweg beim S-Bahnhof unterwegs. Aus bislang ungekl\u00e4rter Ursache kam er hierbei zu Fall. Er musste mit einem Rettungswagen in eine Klinik gebracht werden. Zur Unterst\u00fctzung war die Feuerwehr an den Ungl\u00fccksort ausger\u00fcckt. Im Laufe des Donnerstagmorgens verstarb der Mann im Krankenhaus an den Folgen des Unfalls.<\/p>\n<p style=\"text-align: justify;\"><strong>Esslingen: Brand in Wohnung<br \/>\n<\/strong>Zu einem Brand in einer Wohnung eines Mehrfamilienhauses in der Hohenstaufenstra\u00dfe im Stadtteil Zollberg sind die Einsatzkr\u00e4fte am Donnerstagmorgen ausger\u00fcckt. Ersten Ermittlungen zufolge war es gegen 8.50 Uhr in der Wohnung, m\u00f6glicherweise aufgrund eines technischen Defekts an einer Mehrfachsteckdose oder den Batterien einer Fernbedienung im Schlafzimmer, zu einem Brand gekommen, der sich auf das umliegende Inventar ausweitete. Die Feuerwehr, die mit sechs Fahrzeugen und 24 Feuerwehrleuten im Einsatz war, hatte den Brand schnell unter Kontrolle und konnte so ein \u00dcbergreifen der Flammen auf die anderen R\u00e4ume verhindern. Verletzt wurde niemand, sodass der Rettungsdienst, der mit einem Fahrzeug vor Ort war, nicht eingesetzt werden musste. W\u00e4hrend die betroffene Wohnung aufgrund des Rauchgasniederschlags derzeit unbewohnbar ist, konnten die umliegenden Wohnungen wieder betreten werden. Der entstandene Sachschaden d\u00fcrfte sich ersten Sch\u00e4tzungen zufolge auf mehrere zehntausend Euro belaufen. Der Polizeiposten Esslingen Berkheim-Zollberg hat die Ermittlungen aufgenommen.<\/p>\n<p style=\"text-align: justify;\"><strong>K\u00f6ngen: Pkw \u00fcbersehen und mitgeschoben<br \/>\n<\/strong>Ein nicht allt\u00e4glicher Verkehrsunfall hat sich am Mittwochvormittag auf der B 313 in Fahrtrichtung N\u00fcrtingen ereignet. Dort \u00fcberholte gegen 10.30 Uhr ein 23 Jahre alter MAN-Lkw-Fahrer auf der linken Fahrspur einen anderen Lkw. Nach Beendigung des \u00dcberholvorgangs wollte der 23-J\u00e4hrige wieder auf den rechten Fahrstreifen wechseln, \u00fcbersah hierbei jedoch den Mercedes C200 eines 31-J\u00e4hrigen. Der Pkw wurde am Heck erfasst, gedreht und im weiteren Verlauf quer vor dem Lkw hergeschoben. Die beiden Fahrzeuge kamen erst nach rund 160 Metern zum Stillstand. Der 31-j\u00e4hrige Mercedes-Lenker wurde mit nach bisherigen Erkenntnissen leichten Verletzungen in eine Klinik gebracht. Der Gesamtschaden an den beteiligten Fahrzeugen und an den ebenfalls in Mitleidenschaft gezogenen Schutzplanken bel\u00e4uft sich auf rund 17.000 Euro. Zur Unfallaufnahme und Beseitigung der Tr\u00fcmmer musste die Bundesstra\u00dfe kurzzeitig komplett gesperrt werden.<\/p>\n<p style=\"text-align: justify;\"><strong>Esslingen: Unfall aufgrund medizinischer Ursache<br \/>\n<\/strong>Aufgrund einer medizinischen Ursache ist es am Dienstagvormittag auf der Schorndorfer Stra\u00dfe zu einem Verkehrsunfall gekommen. Ein 82-J\u00e4hriger war gegen 11.15 Uhr mit einem Suzuki in Richtung Stadtmitte unterwegs. An der Kreuzung mit der Plochinger Stra\u00dfe \/ Ulmer Stra\u00dfe hielt er zun\u00e4chst hinter dem Skoda eines 50 Jahre alten Mannes vor der roten Ampel an. Zeugenangaben nach beschleunigte der Senior kurze Zeit sp\u00e4ter, prallte gegen den Skoda und blieb regungslos hinter dem Steuer sitzen. Ersthelfer leiteten umgehend Erste Hilfe ein. Diese wurde im Anschluss von einem Notarzt und dem Rettungsdienst \u00fcbernommen. Der 82-J\u00e4hrige musste im Anschluss mit einem Rettungswagen in eine Klinik gebracht werden, wo er trotz aller \u00e4rztlichen Bem\u00fchungen verstarb. Sein Fahrzeug wurde abgeschleppt. Der Schaden bel\u00e4uft sich auf etwa 2.500 Euro. Zur Unterst\u00fctzung r\u00fcckte die Feuerwehr ebenfalls an die Unfallstelle aus. Zur Beseitigung ausgelaufener Betriebsstoffe kamen zus\u00e4tzlich Mitarbeiter der Stadt Esslingen vor Ort.<\/p>\n<p style=\"text-align: justify;\"><strong>Leinfelden-Echterdingen: Scheiben eingeschlagen und in Gewahrsam genommen<br \/>\n<\/strong>Ein aggressiver Bewohner einer st\u00e4dtischen Unterkunft in der Steinbeisstra\u00dfe ist am Morgen in Gewahrsam genommen worden. Der 30-J\u00e4hrige war gegen neun Uhr zunehmend in Rage geraten, da er sich aufgrund des L\u00e4rms anderer Bewohner gest\u00f6rt f\u00fchlte. Zun\u00e4chst schlug er deshalb die Eingangst\u00fcr des Geb\u00e4udes ein. Im weiteren Verlauf warf er dann an gleich mehreren Geb\u00e4uden Fensterscheiben mit Steinen ein, bevor er versuchte einen Angestellten k\u00f6rperlich anzugehen. Die verst\u00e4ndigten Polizeibeamten nahmen den Mann daraufhin in Gewahrsam.<\/p>\n<p style=\"text-align: justify;\"><strong>A8 Gemarkung Denkendorf: Transporter kippt nach Unfall um<\/strong><br \/>\nDrei verletzte Personen, ein Sachschaden in H\u00f6he von insgesamt etwa 25.000 Euro sowie eine f\u00fcr mehrere Stunden gesperrte Fahrbahn sind die Bilanz eines Verkehrsunfalls, der sich am Dienstag (28.10.2025), gegen 3.00 Uhr auf der Bundesautobahn 8 in Fahrtrichtung Karlsruhe ereignete.<br \/>\nEine 30 Jahre alte Ford-Lenkerin fuhr auf dem mittleren Fahrstreifen, als sie zwischen den Anschlussstellen Wendlingen und Esslingen mutma\u00dflich kurz wegnickte. Daraufhin fuhr sie auf einen vor ihr fahrenden VW eines 25-J\u00e4hrigen auf. Durch die erhebliche Wucht der Kollision, wurde der VW nach links gegen eine Schutzplanke abgewiesen, w\u00e4hrend der Ford nach rechts gegen einen Renault Master geschleudert wurde. Der Transporter kippte daraufhin um und prallte gegen eine Schutzplanke am rechten Fahrbahnrand.<br \/>\nSowohl die 30-J\u00e4hrige als auch der 25-J\u00e4hrige sowie der 58 Jahre alte Renault-Lenker wurden vom Rettungsdienst in Krankenh\u00e4user gebracht. Das Ausma\u00df der Verletzungen ist bislang noch nicht bekannt.<br \/>\nAlle beteiligten Fahrzeuge waren nicht mehr fahrbereit und mussten abschleppt werden. F\u00fcr die Bergung des Transporters war ein Kran erforderlich.<br \/>\nDie BAB 8 musste f\u00fcr Abschlepp- und Reinigungsma\u00dfnahmen bis etwa 8.15 Uhr voll gesperrt werden. Gegen 4.30 Uhr konnte bereits der linke Fahrstreifen f\u00fcr den Verkehr freigeben werden. Davor wurden die Fahrzeuge \u00fcber die Anschlussstelle Wendlingen von der Autobahn abgeleitet.<br \/>\nNeben Polizei und Rettungsdienst waren auch die Feuerwehr und die Autobahnmeisterei im Einsatz.<\/p>\n<p style=\"text-align: justify;\"><strong>Filderstadt: Auf Kreisverkehr geschanzt<br \/>\n<\/strong>Ein schadenstr\u00e4chtiger Verkehrsunfall hat sich am Montagmittag beim Kreisverkehr in der Echterdinger Stra\u00dfe in Bernhausen ereignet. Ein 59-J\u00e4hriger war kurz vor 12.30 Uhr mit einer Mercedes-Benz M-Klasse von der Ortsmitte herkommend unterwegs. Beim Kreisel am Airfield kam er mit seinem Wagen nach links von der Fahrbahn ab, \u00fcberfuhr eine Verkehrsinsel und besch\u00e4digte das sich darauf befindliche Verkehrszeichen. Anschlie\u00dfend schanzte der Fahrer mit seinem Wagen auf die dortige Verkehrsinsel und blieb auf der Gr\u00fcnfl\u00e4che stehen. Bei der Unfallaufnahme stellten die Beamten fest, dass der 59-J\u00e4hrige zu tief ins Glas geschaut hatte. Ein Test ergab einen Wert von deutlich \u00fcber zwei Promille. Nach einer Blutentnahme musste er seinen F\u00fchrerschein aush\u00e4ndigen. Da sich der Unfallverursacher leicht verletzt hatte, musste er mit einem Rettungswagen zur Behandlung in eine Klinik gebracht werden. Der Mercedes wurde von einem Abschleppwagen geborgen und mitgenommen. Der Schaden an dem Pkw wird auf 40.000 Euro gesch\u00e4tzt. \u00dcber den Schaden auf dem Kreisverkehr liegen noch keine Erkenntnisse vor.<\/p>\n<p style=\"text-align: justify;\"><strong>Owen: Riskant \u00fcberholt<br \/>\n<\/strong>Ein riskantes \u00dcberholman\u00f6ver ist die Ursache eines schadenstr\u00e4chtigen Verkehrsunfalls, der sich am Freitagmittag auf der K1243 zwischen Owen und N\u00fcrtingen ereignet hat. Eine 53-J\u00e4hrige war gegen 13.15 Uhr mit ihrem Seat auf der Kreisstra\u00dfe in Richtung N\u00fcrtingen unterwegs. Nach dem Freilichtmuseum setzte sie zum \u00dcberholen eines vorausfahrenden Wohnwagengespanns an, wobei sie einen entgegenkommenden Lkw \u00fcbersah. In der Folge fuhr sie mittig zwischen dem Lkw und dem Toyota mit Wohnwagenanh\u00e4nger durch und touchierte beide. W\u00e4hrend der 48 Jahre alte Lkw-Fahrer sein tonnenschweres Fahrzeug auf der Fahrbahn halten und abbremsen konnte, wurde das Wohnwagengespann nach rechts auf die Gr\u00fcnfl\u00e4che abgewiesen, wo es zum Stehen kam. Der Seat kam nach rund 100 Metern im linken Stra\u00dfengraben zum Halten. Die Unfallverursacherin und drei im Toyota mitfahrende Kinder im Alter von f\u00fcnf, acht und zw\u00f6lf Jahren erlitten bei der Kollision nach vorl\u00e4ufigen Erkenntnissen leichte Verletzungen. Alle vier wurden vom Rettungsdienst, der mit zwei Rettungswagen im Einsatz war, ins Krankenhaus gebracht. Der 41 Jahre Fahrer des Wohnwagengespanns, seine 43 Jahre alte Beifahrerin und der Lkw-Fahrer blieben unverletzt. Der Seat und der Toyota mit Wohnwagen waren nach dem Unfall so schwer besch\u00e4digt, dass sie abgeschleppt werden mussten. Der entstandene Sachschaden wird auf insgesamt rund 30.000 Euro gesch\u00e4tzt. F\u00fcr die Dauer der Rettungs- und Bergungsma\u00dfnahmen sowie zur Unfallaufnahme musste die Kreisstra\u00dfe bis etwa 16.30 Uhr voll gesperrt werden.<\/p>\n<p style=\"text-align: justify;\"><strong>Weilheim\/Teck: Betrunken gefahren<br \/>\n<\/strong>Deutlich alkoholisiert war eine 39-J\u00e4hrige, die die Polizei am Montagabend in der Neidlinger Stra\u00dfe aus dem Verkehr gezogen hat. Gegen 23.30 Uhr war die Frau den Polizeibeamten aufgefallen, weil sie zusammen mit ihrem 16 Jahre alten Sohn zu zweit auf einem E-Scooter unterwegs war. Bei der nachfolgenden Verkehrskontrolle schlug den Beamten deutlicher Alkoholgeruch entgegen. Nachdem eine Atemalkohol\u00fcberpr\u00fcfung einen vorl\u00e4ufigen Wert von mehr als 2,4 Promille ergab, musste eine Blutentnahme angeordnet werden. Die Frau sieht jetzt einer entsprechenden Strafanzeige bei der Staatsanwaltschaft entgegen.<\/p>\n<p style=\"text-align: justify;\"><strong>Aichtal-Neuenhaus: Baumst\u00e4mme gestohlen (Zeugenaufruf)<br \/>\n<\/strong>Mehr als ein dutzend Baumst\u00e4mme im Wert von mehreren tausend Euro sind in der Nacht von Freitag auf Samstag von einem Grundst\u00fcck an der L1185 zwischen Aichtal-Neuenhaus und Burkhardtsm\u00fchle gestohlen worden. Zwischen Freitag, 16.15 Uhr, und Samstag, neun Uhr, lie\u00dfen Unbekannte die gef\u00e4llten Buchen und Eschen, die auf einem Grundst\u00fcck, links der L1185, rund 600 Meter vor der Burkhardtsm\u00fchle gelagert waren, mitgehen. Zum Aufladen und Abtransport der Baumst\u00e4mme ist professionelles Ladegeschirr und entsprechend schweres Ger\u00e4t wie ein Baumstammgreifer und ein Lkw oder ein land- oder forstwirtschaftliches Fahrzeug notwendig. Der Polizeiposten Neckartenzlingen hat die Ermittlungen aufgenommen und bittet unter der Telefonnummer 07127\/975530 um Hinweise.<\/p>\n<p style=\"text-align: justify;\"><strong>Esslingen: Auseinandersetzung unter Jugendlichen<br \/>\n<\/strong>Zu einer Auseinandersetzung unter Jugendlichen ist es am Sonntagabend im Esslingen Maillepark gekommen. Gegen 20 Uhr wurde eine vierk\u00f6pfige Gruppe im Bereich des Trinkbrunnen von vier weiteren Jungs angesprochen und beleidigt. Im Anschluss kam es zu einer verbalen Auseinandersetzung, die in einer Schl\u00e4gerei endete. Hierbei wurden drei der vier 15-J\u00e4hrigen von der anderen Gruppierung verletzt. Einer der Tatverd\u00e4chtigen soll auch ein Messer gehabt haben, dem die Angegriffenen ausweichen konnten. Zwei Verletzte mussten vom Rettungsdienst in eine Klinik gebracht werden. Der dritte Verletzte konnte vor Ort versorgt werden. Bis zum Eintreffen der Polizei waren die Beschuldigten in Richtung Sirnauer Stra\u00dfe davongerannt. Eine Fahndung verlief negativ. Das Polizeirevier Esslingen geht ersten Hinweisen zu den Tatverd\u00e4chtigen nach und hat Ermittlungen wegen gef\u00e4hrlicher K\u00f6rperverletzung aufgenommen.<\/p>\n<p style=\"text-align: justify;\"><strong>Weilheim\/Teck: B\u00f6ller gez\u00fcndet und Briefkasten besch\u00e4digt<br \/>\n<\/strong>Bislang Unbekannte haben am fr\u00fchen Sonntagmorgen in der Kelterstra\u00dfe Feuerwerksk\u00f6rper gez\u00fcndet. Zwischen 00.30 Uhr und 1.15 Uhr lie\u00dfen sie hierbei mehrere B\u00f6ller in einem Briefkasten detonieren. Durch die Wucht der Detonation wurden Teile des Beh\u00e4lters gegen einen parkenden Pkw geschleudert, an dem ebenfalls Sachschaden entstand. Die anschlie\u00dfenden Fahndungsma\u00dfnahmen der Polizei nach den T\u00e4tern verliefen bislang ohne Erfolg.<\/p>\n<hr \/>\n<p>&nbsp;<\/p>\n","protected":false},"excerpt":{"rendered":"<p>Quelle: ots Altbach: Unter Alkoholeinwirkung in Unfall verwickelt Am sp\u00e4ten Samstagabend meldeten Zeugen gegen 22.35 Uhr der Polizei einen Mann, der sich zun\u00e4chst auf einem Tankstellengel\u00e4nde in Deizisau auff\u00e4llig unsicher bewegte und sich kurze Zeit sp\u00e4ter mit einem wei\u00dfen Peugeot in Richtung Altbach entfernte. Wenige Minuten sp\u00e4ter kollidierte dieser Peugeot in der Ortsmitte Altbach, im [&hellip;]<\/p>\n","protected":false},"author":4,"featured_media":152245,"comment_status":"closed","ping_status":"open","sticky":false,"template":"","format":"standard","meta":{"inline_featured_image":false,"_exactmetrics_skip_tracking":false,"_exactmetrics_sitenote_active":false,"_exactmetrics_sitenote_note":"","_exactmetrics_sitenote_category":0,"footnotes":""},"categories":[11240],"tags":[14857,14440,68,205,1625],"class_list":{"0":"post-158470","1":"post","2":"type-post","3":"status-publish","4":"format-standard","5":"has-post-thumbnail","7":"category-region-esslingen","8":"tag-die-webzeitung","9":"tag-esslingen","10":"tag-online-zeitung","11":"tag-polizei","12":"tag-report"},"image_feature":"https:\/\/die-webzeitung.de\/stuttgart\/wp-content\/uploads\/sites\/4\/2024\/02\/Polizei-Pix-scaled.jpg","author_name":"Redaktion","pure_taxonomies":{"categories":[{"term_id":11240,"name":"Polizei-Report Esslingen","slug":"region-esslingen","term_group":0,"term_taxonomy_id":11278,"taxonomy":"category","description":"Polizeiberichte aus der Region des Landkreises Esslingen","parent":1619,"count":69,"filter":"raw","image":""}],"tags":[{"term_id":14857,"name":"Die-Webzeitung","slug":"die-webzeitung","term_group":0,"term_taxonomy_id":14876,"taxonomy":"post_tag","description":"","parent":0,"count":3623,"filter":"raw","image":""},{"term_id":14440,"name":"Esslingen","slug":"esslingen","term_group":0,"term_taxonomy_id":3885,"taxonomy":"post_tag","description":"","parent":0,"count":202,"filter":"raw","image":""},{"term_id":68,"name":"Online-Zeitung","slug":"online-zeitung","term_group":0,"term_taxonomy_id":69,"taxonomy":"post_tag","description":"","parent":0,"count":3593,"filter":"raw","image":""},{"term_id":205,"name":"Polizei","slug":"polizei","term_group":0,"term_taxonomy_id":208,"taxonomy":"post_tag","description":"","parent":0,"count":277,"filter":"raw","image":""},{"term_id":1625,"name":"Report","slug":"report","term_group":0,"term_taxonomy_id":1634,"taxonomy":"post_tag","description":"","parent":0,"count":210,"filter":"raw","image":""}]},"_links":{"self":[{"href":"https:\/\/die-webzeitung.de\/stuttgart\/wp-json\/wp\/v2\/posts\/158470","targetHints":{"allow":["GET"]}}],"collection":[{"href":"https:\/\/die-webzeitung.de\/stuttgart\/wp-json\/wp\/v2\/posts"}],"about":[{"href":"https:\/\/die-webzeitung.de\/stuttgart\/wp-json\/wp\/v2\/types\/post"}],"author":[{"embeddable":true,"href":"https:\/\/die-webzeitung.de\/stuttgart\/wp-json\/wp\/v2\/users\/4"}],"replies":[{"embeddable":true,"href":"https:\/\/die-webzeitung.de\/stuttgart\/wp-json\/wp\/v2\/comments?post=158470"}],"version-history":[{"count":14,"href":"https:\/\/die-webzeitung.de\/stuttgart\/wp-json\/wp\/v2\/posts\/158470\/revisions"}],"predecessor-version":[{"id":158555,"href":"https:\/\/die-webzeitung.de\/stuttgart\/wp-json\/wp\/v2\/posts\/158470\/revisions\/158555"}],"wp:featuredmedia":[{"embeddable":true,"href":"https:\/\/die-webzeitung.de\/stuttgart\/wp-json\/wp\/v2\/media\/152245"}],"wp:attachment":[{"href":"https:\/\/die-webzeitung.de\/stuttgart\/wp-json\/wp\/v2\/media?parent=158470"}],"wp:term":[{"taxonomy":"category","embeddable":true,"href":"https:\/\/die-webzeitung.de\/stuttgart\/wp-json\/wp\/v2\/categories?post=158470"},{"taxonomy":"post_tag","embeddable":true,"href":"https:\/\/die-webzeitung.de\/stuttgart\/wp-json\/wp\/v2\/tags?post=158470"}],"curies":[{"name":"wp","href":"https:\/\/api.w.org\/{rel}","templated":true}]}}