{"id":158452,"date":"2025-10-25T19:03:51","date_gmt":"2025-10-25T18:03:51","guid":{"rendered":"https:\/\/die-webzeitung.de\/stuttgart\/?p=158452"},"modified":"2025-10-26T11:05:02","modified_gmt":"2025-10-26T10:05:02","slug":"meilenstein-fuer-das-klinikum-stuttgart","status":"publish","type":"post","link":"https:\/\/die-webzeitung.de\/stuttgart\/2025\/10\/25\/meilenstein-fuer-das-klinikum-stuttgart\/","title":{"rendered":"Meilenstein f\u00fcr das Klinikum Stuttgart"},"content":{"rendered":"<h4 class=\"m_229115706160355034mynewsHeadline\" style=\"text-align: justify;\"><strong>Gemeinderat beschlie\u00dft Finanzierung des n\u00e4chsten Bauabschnitts<\/strong><\/h4>\n<p style=\"text-align: justify;\">Stuttgart.|\u00a0Stuttgart finanziert den n\u00e4chsten Bauabschnitt des Katharinenhospitals. Bis 2029 entstehen neue Notaufnahme und Zentral-OP. Stadt und Land investieren 1,28 Milliarden Euro in moderne Medizin.<\/p>\n<div>\n<p style=\"text-align: justify;\">Der Gemeinderat hat einen zentralen Schritt zur weiteren Modernisierung des Klinikums Stuttgart beschlossen. Die Vollversammlung votierte am 23. Oktober einstimmig f\u00fcr die Finanzierung der n\u00e4chsten gro\u00dfen Bauetappe am Katharinenhospital. Damit ist die finanzielle Grundlage f\u00fcr eine der bedeutendsten st\u00e4dtischen Investitionen der kommenden Jahre gesichert.<\/p>\n<p style=\"text-align: justify;\">Bereits 2022 wurde der erste gro\u00dfe Neubau mit rund 40.000 Quadratmetern f\u00fcr Innere Medizin und Intensivtherapie in Betrieb genommen, 2024 folgte das \u201eTumorzentrum Eva Mayr-Stihl\u201c mit weiteren 14.000 Quadratmetern f\u00fcr die onkologische Versorgung. Der aktuelle Beschluss sichert nun die Finanzierung der n\u00e4chsten Bauabschnitte und gibt zugleich die Planung der abschlie\u00dfenden Etappe frei.<\/p>\n<p style=\"text-align: justify;\">In Vorbereitung darauf wurde in den vergangenen Monaten ein achtst\u00f6ckiges Hochhaus auf dem Klinikgel\u00e4nde r\u00fcckgebaut. Bis Ende 2029 entstehen hier unter anderem eine neue, leistungsf\u00e4hige Interdisziplin\u00e4re Notaufnahme (INA), in der k\u00fcnftig j\u00e4hrlich rund 40.000 Patientinnen und Patienten behandelt werden, sowie ein erweiterter, hochmoderner Zentral-OP.<\/p>\n<p style=\"text-align: justify;\"><strong>Stadt und Land investieren in die Gesundheitsversorgung der Zukunft<\/strong><\/p>\n<p style=\"text-align: justify;\">B\u00fcrgermeister Thomas Fuhrmann betonte: \u201eMit dem Beschluss des Gemeinderats ist die Finanzierung f\u00fcr die n\u00e4chsten Schritte gesichert. Der Neubau des Katharinenhospitals ist eine Investition in die Zukunft der Gesundheitsversorgung in unserer Stadt \u2013 modern, nachhaltig und verl\u00e4sslich.\u201c<\/p>\n<p style=\"text-align: justify;\">Das Klinikum Stuttgart \u2013 mit rund 2.500 Betten das gr\u00f6\u00dfte Krankenhaus der Maximalversorgung in Baden-W\u00fcrttemberg \u2013 ist ein zentraler Bestandteil der regionalen Daseinsvorsorge. Das Gesamtbudget f\u00fcr das Bauprojekt bel\u00e4uft sich auf rund 1,28 Milliarden Euro.<\/p>\n<p style=\"text-align: justify;\">Die Planung wurde an die erweiterten Aufgaben nach der \u00dcbernahme der Sportklinik, der Integration der ehemaligen Sana Herzchirurgie und des Krankenhauses vom Roten Kreuz im Jahr 2024 angepasst. So wurde etwa eine zus\u00e4tzliche Etage mit weiteren OP-S\u00e4len eingeplant.<\/p>\n<p style=\"text-align: justify;\">Marya Verdel, Kaufm\u00e4nnische Vorst\u00e4ndin des Klinikums Stuttgart, erkl\u00e4rt:\u00a0\u201eDie medizinische Kompetenz und Leistungsf\u00e4higkeit des Klinikums sind in den letzten Jahren deutlich gewachsen \u2013 das spiegelt sich auch in der aktuellen Bauplanung wider. Damit stellen wir sicher, dass das Klinikum Stuttgart den steigenden Anforderungen auch langfristig gerecht wird.\u201c<\/p>\n<p style=\"text-align: justify;\">Der Medizinische Vorstand Prof. Jan Steffen J\u00fcrgensen erg\u00e4nzt: \u201eDiese Entscheidung ist eine sehr gute Nachricht \u2013 f\u00fcr die rund 600.000 Patientinnen und Patienten, die wir j\u00e4hrlich versorgen, und f\u00fcr unsere 9.500 Besch\u00e4ftigten, die sichere und moderne Arbeitsbedingungen erhalten. Daf\u00fcr sind wir dem Gemeinderat sehr dankbar.\u201c<\/p>\n<p style=\"text-align: justify;\">Die Finanzierung des Gro\u00dfprojekts erfolgt ma\u00dfgeblich durch F\u00f6rdermittel des Landes Baden-W\u00fcrttemberg. Die Stadt Stuttgart tr\u00e4gt k\u00fcnftig 460,8 Millionen Euro der Gesamtkosten \u2013 rund 197 Millionen Euro mehr als bisher vorgesehen. Diese Mittel werden in den kommenden Haushalten bereitgestellt. Das Klinikum selbst bringt 156 Millionen Euro aus Eigenmitteln ein.<\/p>\n<p style=\"text-align: justify;\"><strong>Nachhaltig, effizient, zukunftsweisend<\/strong><\/p>\n<p style=\"text-align: justify;\">Das neue Katharinenhospital steht nicht nur f\u00fcr medizinischen Fortschritt, sondern auch f\u00fcr nachhaltiges Bauen. Geplant sind Photovoltaikanlagen, W\u00e4rmepumpen, W\u00e4rmer\u00fcckgewinnungssysteme und eine intelligente Geb\u00e4udeautomation, die Energieverbrauch und Raumklima optimiert. Zwei gro\u00dfe Zisternen speichern Regenwasser f\u00fcr die Bew\u00e4sserung von Dach- und Freifl\u00e4chen. Begr\u00fcnte Areale und eine neue \u201eGr\u00fcnfuge\u201c zum Stadtgarten verbessern die Luftzirkulation und tragen zur K\u00fchlung der Innenstadt bei.<\/p>\n<p style=\"text-align: justify;\">Die Fertigstellung des n\u00e4chsten Bauabschnitts (Haus A) ist f\u00fcr Ende 2029, die des letzten Abschnitts (Haus BE) f\u00fcr 2033 vorgesehen.<\/p>\n<hr \/>\n<p style=\"text-align: justify;\">\n<\/div>\n","protected":false},"excerpt":{"rendered":"<p>Gemeinderat beschlie\u00dft Finanzierung des n\u00e4chsten Bauabschnitts Stuttgart.|\u00a0Stuttgart finanziert den n\u00e4chsten Bauabschnitt des Katharinenhospitals. Bis 2029 entstehen neue Notaufnahme und Zentral-OP. Stadt und Land investieren 1,28 Milliarden Euro in moderne Medizin. Der Gemeinderat hat einen zentralen Schritt zur weiteren Modernisierung des Klinikums Stuttgart beschlossen. Die Vollversammlung votierte am 23. Oktober einstimmig f\u00fcr die Finanzierung der n\u00e4chsten [&hellip;]<\/p>\n","protected":false},"author":4,"featured_media":158453,"comment_status":"closed","ping_status":"open","sticky":false,"template":"","format":"standard","meta":{"inline_featured_image":false,"_exactmetrics_skip_tracking":false,"_exactmetrics_sitenote_active":false,"_exactmetrics_sitenote_note":"","_exactmetrics_sitenote_category":0,"footnotes":""},"categories":[2239],"tags":[14857,18180,201,68,275],"class_list":{"0":"post-158452","1":"post","2":"type-post","3":"status-publish","4":"format-standard","5":"has-post-thumbnail","7":"category-stuttgart-lokal","8":"tag-die-webzeitung","9":"tag-kh","10":"tag-klinikum","11":"tag-online-zeitung","12":"tag-stuttgart"},"image_feature":"https:\/\/die-webzeitung.de\/stuttgart\/wp-content\/uploads\/sites\/4\/2025\/10\/KlinikumS\u00a9Die-Webzeitung.de_-scaled.jpg","author_name":"Redaktion","pure_taxonomies":{"categories":[{"term_id":2239,"name":"Stuttgart","slug":"stuttgart-lokal","term_group":0,"term_taxonomy_id":2252,"taxonomy":"category","description":"Berichte und Informationen aus Stuttgart","parent":1433,"count":941,"filter":"raw","image":""}],"tags":[{"term_id":14857,"name":"Die-Webzeitung","slug":"die-webzeitung","term_group":0,"term_taxonomy_id":14876,"taxonomy":"post_tag","description":"","parent":0,"count":3623,"filter":"raw","image":""},{"term_id":18180,"name":"KH","slug":"kh","term_group":0,"term_taxonomy_id":18199,"taxonomy":"post_tag","description":"","parent":0,"count":1,"filter":"raw","image":""},{"term_id":201,"name":"Klinikum","slug":"klinikum","term_group":0,"term_taxonomy_id":204,"taxonomy":"post_tag","description":"","parent":0,"count":4,"filter":"raw","image":""},{"term_id":68,"name":"Online-Zeitung","slug":"online-zeitung","term_group":0,"term_taxonomy_id":69,"taxonomy":"post_tag","description":"","parent":0,"count":3593,"filter":"raw","image":""},{"term_id":275,"name":"Stuttgart","slug":"stuttgart","term_group":0,"term_taxonomy_id":281,"taxonomy":"post_tag","description":"","parent":0,"count":1194,"filter":"raw","image":""}]},"_links":{"self":[{"href":"https:\/\/die-webzeitung.de\/stuttgart\/wp-json\/wp\/v2\/posts\/158452","targetHints":{"allow":["GET"]}}],"collection":[{"href":"https:\/\/die-webzeitung.de\/stuttgart\/wp-json\/wp\/v2\/posts"}],"about":[{"href":"https:\/\/die-webzeitung.de\/stuttgart\/wp-json\/wp\/v2\/types\/post"}],"author":[{"embeddable":true,"href":"https:\/\/die-webzeitung.de\/stuttgart\/wp-json\/wp\/v2\/users\/4"}],"replies":[{"embeddable":true,"href":"https:\/\/die-webzeitung.de\/stuttgart\/wp-json\/wp\/v2\/comments?post=158452"}],"version-history":[{"count":1,"href":"https:\/\/die-webzeitung.de\/stuttgart\/wp-json\/wp\/v2\/posts\/158452\/revisions"}],"predecessor-version":[{"id":158454,"href":"https:\/\/die-webzeitung.de\/stuttgart\/wp-json\/wp\/v2\/posts\/158452\/revisions\/158454"}],"wp:featuredmedia":[{"embeddable":true,"href":"https:\/\/die-webzeitung.de\/stuttgart\/wp-json\/wp\/v2\/media\/158453"}],"wp:attachment":[{"href":"https:\/\/die-webzeitung.de\/stuttgart\/wp-json\/wp\/v2\/media?parent=158452"}],"wp:term":[{"taxonomy":"category","embeddable":true,"href":"https:\/\/die-webzeitung.de\/stuttgart\/wp-json\/wp\/v2\/categories?post=158452"},{"taxonomy":"post_tag","embeddable":true,"href":"https:\/\/die-webzeitung.de\/stuttgart\/wp-json\/wp\/v2\/tags?post=158452"}],"curies":[{"name":"wp","href":"https:\/\/api.w.org\/{rel}","templated":true}]}}