{"id":158441,"date":"2025-10-22T15:01:24","date_gmt":"2025-10-22T14:01:24","guid":{"rendered":"https:\/\/die-webzeitung.de\/stuttgart\/?p=158441"},"modified":"2025-10-22T15:01:24","modified_gmt":"2025-10-22T14:01:24","slug":"umzug-der-kreisverwaltung-in-den-neubau-landratsamt-esslingen","status":"publish","type":"post","link":"https:\/\/die-webzeitung.de\/stuttgart\/2025\/10\/22\/umzug-der-kreisverwaltung-in-den-neubau-landratsamt-esslingen\/","title":{"rendered":"Umzug der Kreisverwaltung in den Neubau Landratsamt Esslingen\u00a0"},"content":{"rendered":"<p style=\"text-align: justify;\"><strong>Die Kreisverwaltung an den Standorten in Esslingen zieht ab Montag, 3. November in den fertiggestellten Neubau des Landratsamtes Esslingen in die Pulverwiesen um. Die Kfz-Zulassungsstelle in Esslingen bleibt am Freitag, 7. November geschlossen. Das Landratsamt \u00f6ffnet am Montag, 10. November f\u00fcr den Publikumsverkehr.<\/strong><\/p>\n<p style=\"text-align: justify;\">Der Umzug der \u00c4mter und Sachgebiete der Kreisverwaltung aus den Interimsgeb\u00e4uden im DAS ES!, Fleischmannhaus, W\u00fcrttemberger Hof und aus der Kreissparkasse Esslingen startet am Montag, 3. November. W\u00e4hrend der Dauer des Umzugs bleiben die Dienststellen geschlossen. Hier kann es jeweils zu einer eingeschr\u00e4nkten Erreichbarkeit kommen.<\/p>\n<p style=\"text-align: justify;\">Die Kfz-Zulassungsstelle Esslingen zieht ebenfalls von der Innenstadt an den Neubau in den Pulverwiesen 11 um. Deswegen schlie\u00dft die Zulassungsstelle am Donnerstag, 6. November um 12 Uhr und bleibt am Freitag, 7. November ganzt\u00e4gig geschlossen.<\/p>\n<p style=\"text-align: justify;\">Das Landratsamt Esslingen am Standort in den Pulverwiesen \u00f6ffnet am Montag, 10. November f\u00fcr den Publikumsverkehr. Der Service Soziales in den Esslinger Pulverwiesen ist von den Umz\u00fcgen nicht betroffen und hat zu den \u00fcblichen Zeiten f\u00fcr den Publikumsverkehr ge\u00f6ffnet.<\/p>\n<p style=\"text-align: justify;\"><strong>Weitere Information auf der Webseite<\/strong><\/p>\n<p style=\"text-align: justify;\">Die Umzugs- und Schlie\u00dftage sowie die Online-Terminreservierung gibt es auf der Webseite des Landkreises: <a href=\"http:\/\/www.landkreis-esslingen.de\" target=\"_blank\" rel=\"noopener\">www.landkreis-esslingen.de<\/a>.<\/p>\n<hr \/>\n<p style=\"text-align: justify;\">\n","protected":false},"excerpt":{"rendered":"<p>Die Kreisverwaltung an den Standorten in Esslingen zieht ab Montag, 3. November in den fertiggestellten Neubau des Landratsamtes Esslingen in die Pulverwiesen um. Die Kfz-Zulassungsstelle in Esslingen bleibt am Freitag, 7. November geschlossen. Das Landratsamt \u00f6ffnet am Montag, 10. November f\u00fcr den Publikumsverkehr. Der Umzug der \u00c4mter und Sachgebiete der Kreisverwaltung aus den Interimsgeb\u00e4uden im [&hellip;]<\/p>\n","protected":false},"author":4,"featured_media":0,"comment_status":"closed","ping_status":"open","sticky":false,"template":"","format":"standard","meta":{"inline_featured_image":false,"_exactmetrics_skip_tracking":false,"_exactmetrics_sitenote_active":false,"_exactmetrics_sitenote_note":"","_exactmetrics_sitenote_category":0,"footnotes":""},"categories":[2247],"tags":[14857,14440,18179,68,9357],"class_list":{"0":"post-158441","1":"post","2":"type-post","3":"status-publish","4":"format-standard","6":"category-kreis-esslingen","7":"tag-die-webzeitung","8":"tag-esslingen","9":"tag-kreisverwaltung","10":"tag-online-zeitung","11":"tag-umzug"},"image_feature":null,"author_name":"Redaktion","pure_taxonomies":{"categories":[{"term_id":2247,"name":"Kreis Esslingen","slug":"kreis-esslingen","term_group":0,"term_taxonomy_id":2260,"taxonomy":"category","description":"Informationen aus dem Landkreis Esslingen","parent":171,"count":214,"filter":"raw","image":""}],"tags":[{"term_id":14857,"name":"Die-Webzeitung","slug":"die-webzeitung","term_group":0,"term_taxonomy_id":14876,"taxonomy":"post_tag","description":"","parent":0,"count":3623,"filter":"raw","image":""},{"term_id":14440,"name":"Esslingen","slug":"esslingen","term_group":0,"term_taxonomy_id":3885,"taxonomy":"post_tag","description":"","parent":0,"count":202,"filter":"raw","image":""},{"term_id":18179,"name":"Kreisverwaltung","slug":"kreisverwaltung","term_group":0,"term_taxonomy_id":18198,"taxonomy":"post_tag","description":"","parent":0,"count":1,"filter":"raw","image":""},{"term_id":68,"name":"Online-Zeitung","slug":"online-zeitung","term_group":0,"term_taxonomy_id":69,"taxonomy":"post_tag","description":"","parent":0,"count":3593,"filter":"raw","image":""},{"term_id":9357,"name":"Umzug","slug":"umzug","term_group":0,"term_taxonomy_id":9385,"taxonomy":"post_tag","description":"","parent":0,"count":5,"filter":"raw","image":""}]},"_links":{"self":[{"href":"https:\/\/die-webzeitung.de\/stuttgart\/wp-json\/wp\/v2\/posts\/158441","targetHints":{"allow":["GET"]}}],"collection":[{"href":"https:\/\/die-webzeitung.de\/stuttgart\/wp-json\/wp\/v2\/posts"}],"about":[{"href":"https:\/\/die-webzeitung.de\/stuttgart\/wp-json\/wp\/v2\/types\/post"}],"author":[{"embeddable":true,"href":"https:\/\/die-webzeitung.de\/stuttgart\/wp-json\/wp\/v2\/users\/4"}],"replies":[{"embeddable":true,"href":"https:\/\/die-webzeitung.de\/stuttgart\/wp-json\/wp\/v2\/comments?post=158441"}],"version-history":[{"count":1,"href":"https:\/\/die-webzeitung.de\/stuttgart\/wp-json\/wp\/v2\/posts\/158441\/revisions"}],"predecessor-version":[{"id":158442,"href":"https:\/\/die-webzeitung.de\/stuttgart\/wp-json\/wp\/v2\/posts\/158441\/revisions\/158442"}],"wp:attachment":[{"href":"https:\/\/die-webzeitung.de\/stuttgart\/wp-json\/wp\/v2\/media?parent=158441"}],"wp:term":[{"taxonomy":"category","embeddable":true,"href":"https:\/\/die-webzeitung.de\/stuttgart\/wp-json\/wp\/v2\/categories?post=158441"},{"taxonomy":"post_tag","embeddable":true,"href":"https:\/\/die-webzeitung.de\/stuttgart\/wp-json\/wp\/v2\/tags?post=158441"}],"curies":[{"name":"wp","href":"https:\/\/api.w.org\/{rel}","templated":true}]}}