{"id":158421,"date":"2025-10-20T16:37:42","date_gmt":"2025-10-20T15:37:42","guid":{"rendered":"https:\/\/die-webzeitung.de\/stuttgart\/2025\/10\/20\/bei-unberechtigtem-parken-an-ladesaeule-droht-abschleppen\/"},"modified":"2025-10-20T16:37:42","modified_gmt":"2025-10-20T15:37:42","slug":"bei-unberechtigtem-parken-an-ladesaeule-droht-abschleppen","status":"publish","type":"post","link":"https:\/\/die-webzeitung.de\/stuttgart\/2025\/10\/20\/bei-unberechtigtem-parken-an-ladesaeule-droht-abschleppen\/","title":{"rendered":"Bei unberechtigtem Parken an Lades\u00e4ule droht Abschleppen"},"content":{"rendered":"<p style=\"text-align: justify;\"><strong>An beschilderten Lades\u00e4ulen d\u00fcrfen nur E-Fahrzeuge w\u00e4hrend des Ladevorgangs parken. Verbotswidrig geparkte Fahrzeuge k\u00f6nnen abgeschleppt werden, es sei denn, die Lades\u00e4ule ist nicht funktionst\u00fcchtig. Die W\u00fcrttembergische Versicherung, ein Unternehmen der W&amp;W-Gruppe, weist auf ein Urteil des Verwaltungsgerichts Hamburg (21 K 3886\/24) hin. <\/strong><\/p>\n<p style=\"text-align: justify;\">Laut dem Urteil k\u00f6nnen unberechtigt geparkte Fahrzeuge auch dann ohne Weiteres abgeschleppt werden, wenn noch andere Parkpl\u00e4tze mit Lades\u00e4ule in der N\u00e4he frei sind. Nur so k\u00f6nne sichergestellt werden, dass solche Parkpl\u00e4tze ausschlie\u00dflich E-Fahrzeugen zum Aufladen zur Verf\u00fcgung stehen. Ansonsten gelte ein Parkverbot.<\/p>\n<p style=\"text-align: justify;\">Im konkreten Fall hatte der Halter eines abgeschleppten Fahrzeugs Gl\u00fcck. Die Lades\u00e4ule, an der er geparkt hatte, war n\u00e4mlich nicht funktionst\u00fcchtig, was sich aus einem an der S\u00e4ule angebrachten Hinweis ergab. In diesem Fall sei ein Abschleppen unverh\u00e4ltnism\u00e4\u00dfig gewesen, entschied das Gericht. Der Halter bekam damit die erhobenen Abschleppgeb\u00fchren von rund 470 Euro zur\u00fcck.<\/p>\n<hr \/>\n<p style=\"text-align: justify;\">\n","protected":false},"excerpt":{"rendered":"<p>An beschilderten Lades\u00e4ulen d\u00fcrfen nur E-Fahrzeuge w\u00e4hrend des Ladevorgangs parken. Verbotswidrig geparkte Fahrzeuge k\u00f6nnen abgeschleppt werden, es sei denn, die Lades\u00e4ule ist nicht funktionst\u00fcchtig. Die W\u00fcrttembergische Versicherung, ein Unternehmen der W&amp;W-Gruppe, weist auf ein Urteil des Verwaltungsgerichts Hamburg (21 K 3886\/24) hin. Laut dem Urteil k\u00f6nnen unberechtigt geparkte Fahrzeuge auch dann ohne Weiteres abgeschleppt werden, [&hellip;]<\/p>\n","protected":false},"author":4,"featured_media":0,"comment_status":"closed","ping_status":"open","sticky":false,"template":"","format":"standard","meta":{"inline_featured_image":false,"_exactmetrics_skip_tracking":false,"_exactmetrics_sitenote_active":false,"_exactmetrics_sitenote_note":"","_exactmetrics_sitenote_category":0,"footnotes":""},"categories":[2236,2237],"tags":[14857,12936,68,9637],"class_list":{"0":"post-158421","1":"post","2":"type-post","3":"status-publish","4":"format-standard","6":"category-auto-verkehr","7":"category-ratgeber-leben","8":"tag-die-webzeitung","9":"tag-ladesaeule","10":"tag-online-zeitung","11":"tag-parken"},"image_feature":null,"author_name":"Redaktion","pure_taxonomies":{"categories":[{"term_id":2236,"name":"Auto","slug":"auto-verkehr","term_group":0,"term_taxonomy_id":2248,"taxonomy":"category","description":"","parent":482,"count":15,"filter":"raw","image":""},{"term_id":2237,"name":"Ratgeber","slug":"ratgeber-leben","term_group":0,"term_taxonomy_id":2250,"taxonomy":"category","description":"","parent":482,"count":380,"filter":"raw","image":""}],"tags":[{"term_id":14857,"name":"Die-Webzeitung","slug":"die-webzeitung","term_group":0,"term_taxonomy_id":14876,"taxonomy":"post_tag","description":"","parent":0,"count":3625,"filter":"raw","image":""},{"term_id":12936,"name":"Lades\u00e4ule","slug":"ladesaeule","term_group":0,"term_taxonomy_id":12977,"taxonomy":"post_tag","description":"","parent":0,"count":7,"filter":"raw","image":""},{"term_id":68,"name":"Online-Zeitung","slug":"online-zeitung","term_group":0,"term_taxonomy_id":69,"taxonomy":"post_tag","description":"","parent":0,"count":3595,"filter":"raw","image":""},{"term_id":9637,"name":"parken","slug":"parken","term_group":0,"term_taxonomy_id":9668,"taxonomy":"post_tag","description":"","parent":0,"count":2,"filter":"raw","image":""}]},"_links":{"self":[{"href":"https:\/\/die-webzeitung.de\/stuttgart\/wp-json\/wp\/v2\/posts\/158421","targetHints":{"allow":["GET"]}}],"collection":[{"href":"https:\/\/die-webzeitung.de\/stuttgart\/wp-json\/wp\/v2\/posts"}],"about":[{"href":"https:\/\/die-webzeitung.de\/stuttgart\/wp-json\/wp\/v2\/types\/post"}],"author":[{"embeddable":true,"href":"https:\/\/die-webzeitung.de\/stuttgart\/wp-json\/wp\/v2\/users\/4"}],"replies":[{"embeddable":true,"href":"https:\/\/die-webzeitung.de\/stuttgart\/wp-json\/wp\/v2\/comments?post=158421"}],"version-history":[{"count":0,"href":"https:\/\/die-webzeitung.de\/stuttgart\/wp-json\/wp\/v2\/posts\/158421\/revisions"}],"wp:attachment":[{"href":"https:\/\/die-webzeitung.de\/stuttgart\/wp-json\/wp\/v2\/media?parent=158421"}],"wp:term":[{"taxonomy":"category","embeddable":true,"href":"https:\/\/die-webzeitung.de\/stuttgart\/wp-json\/wp\/v2\/categories?post=158421"},{"taxonomy":"post_tag","embeddable":true,"href":"https:\/\/die-webzeitung.de\/stuttgart\/wp-json\/wp\/v2\/tags?post=158421"}],"curies":[{"name":"wp","href":"https:\/\/api.w.org\/{rel}","templated":true}]}}