{"id":158404,"date":"2025-10-20T09:00:18","date_gmt":"2025-10-20T08:00:18","guid":{"rendered":"https:\/\/die-webzeitung.de\/stuttgart\/?p=158404"},"modified":"2025-10-26T11:43:48","modified_gmt":"2025-10-26T10:43:48","slug":"polizei-report-kreis-esslingen-woche-43-4","status":"publish","type":"post","link":"https:\/\/die-webzeitung.de\/stuttgart\/2025\/10\/20\/polizei-report-kreis-esslingen-woche-43-4\/","title":{"rendered":"Polizei-Report Kreis Esslingen | Woche 43"},"content":{"rendered":"<p><em>Quelle: ots<\/em><\/p>\n<p style=\"text-align: justify;\"><strong>Esslingen am Neckar: Ein Leichtverletzter bei k\u00f6rperlicher Auseinandersetzung<br \/>\n<\/strong>Leicht verletzt worden ist am fr\u00fchen Sonntagmorgen ein 42-j\u00e4hriger Mann bei einer k\u00f6rperlichen Auseinandersetzung in der Fleischmannstra\u00dfe. Unmittelbar nach dem Verlassen eines Gastronomiebetriebes traf der Mann auf eine vierk\u00f6pfige Personengruppe. Obwohl sich die Personen offenbar nicht kannten, gaben sie sich die H\u00e4nde und es kam zu einer Art Kr\u00e4ftemessen zwischen den Personen. Im weiteren Verlauf entwickelte sich daraus eine k\u00f6rperliche Auseinandersetzung, wobei der 42-J\u00e4hrige zu Boden ging und ihm von mindestens einem T\u00e4ter mehrfach Tritte mit dem Schuh gegen den Kopfbereich zugef\u00fcgt wurden. Die dadurch entstandenen Verletzungen wurden vor Ort vom Rettungsdienst behandelt. Im Anschluss fl\u00fcchteten die vier Personen. Zwei T\u00e4ter im Alter von 28 und 33 Jahren konnten durch eine Streifenwagenbesatzung im Rahmen der eingeleiteten Fahndung angetroffen und vorl\u00e4ufig festgenommen werden. Nach Abschluss der erforderlichen Ma\u00dfnahmen wurden sie wieder auf freien Fu\u00df entlassen. Das Polizeirevier Esslingen hat die Ermittlungen aufgenommen.<\/p>\n<p style=\"text-align: justify;\"><strong>N\u00fcrtingen: Betrunken in Bach gefallen<br \/>\n<\/strong>Am sp\u00e4ten Samstagabend ist es zu einem Rettungseinsatz in der Kanalstra\u00dfe gekommen. Kurz vor 23.00 Uhr wurde die Polizei \u00fcber Notruf dar\u00fcber informiert, dass im Bereich der dortigen Schule eine betrunkene Person in den Tiefenbach gest\u00fcrzt w\u00e4re. Die sofort alarmierten Rettungskr\u00e4fte konnten vor Ort einen 17-J\u00e4hrigen noch im Bach liegend antreffen. Seine Begleiter konnten ihn bis dahin zumindest teilweise \u00fcber Wasser halten. Durch die Feuerwehr wurde er anschlie\u00dfend aus dem kalten Wasser gerettet. Da bei ihm vor Ort eine deutliche Unterk\u00fchlung festzustellen war, wurde er nach ambulanter Versorgung durch den Rettungsdienst zur weiteren Behandlung in ein nahegelegenes Krankenhaus gebracht.<\/p>\n<p style=\"text-align: justify;\"><strong>K\u00f6ngen: Busfahrer infolge medizinischer Ursache von der Fahrbahn abgekommen<br \/>\n<\/strong>Ein tragisches Ende hat die Fahrt eines Linienbusses auf der L1200 zwischen Denkendorf und K\u00f6ngen am Freitagmittag genommen. Gegen 13.25 Uhr fuhr der 50-j\u00e4hrige Busfahrer in Richtung K\u00f6ngen als er, nach derzeitigem Stand der Ermittlungen, aufgrund einer medizinischen Ursache nach links von der Fahrbahn abkam. Der Bus der Marke Daimler kam auf einer Gr\u00fcnfl\u00e4che zum Stehen, es entstand lediglich geringer Sachschaden. Trotz sofortiger Hilfeleistung durch Fahrg\u00e4ste und Verst\u00e4ndigung des Rettungsdienstes verstarb der Mann noch an der Unfallstelle. Die im Bus befindlichen vierzehn Fahrg\u00e4ste wurden nach ersten Erkenntnissen nicht verletzt, sie wurden von einem Ersatzbus abgeholt und an ihren Zielort gefahren.<\/p>\n<p style=\"text-align: justify;\"><strong>Plochingen: Gegen Schutzplanken gekracht<br \/>\n<\/strong>Ein nicht mehr fahrbereiter Pkw und ein Schaden von mindestens 10.000 Euro sind die Folgen eines Unfalls am Freitagmorgen auf der B 10. Kurz vor acht Uhr war ein 34-J\u00e4hriger mit einem Smart Fortwo auf der Bundesstra\u00dfe in Richtung Stuttgart unterwegs. Aus noch ungekl\u00e4rter Ursache kam er dabei nach rechts von der Fahrbahn ab, kollidierte mit der Schutzplanke und schleuderte zur\u00fcck auf die Stra\u00dfe. Dort blieb der Wagen stark besch\u00e4digt liegen. Ein Abschlepper musste den Pkw aufladen und abtransportieren.<\/p>\n<p style=\"text-align: justify;\"><strong>Esslingen: Mutma\u00dflicher Exhibitionist aufgetreten (Zeugenaufruf)<br \/>\n<\/strong>Wegen des Verdachts der Erregung \u00f6ffentlichen \u00c4rgernisses ermittelt das Polizeirevier Esslingen seit Donnerstagnachmittag gegen einen noch unbekannten Mann. Dieser fiel gegen 15.30 Uhr im Bereich der Sulzgrieser Stra\u00dfe einer Passantin auf, als er sich auf dem Gehweg stehend entbl\u00f6\u00dft haben soll. Anschlie\u00dfend fl\u00fcchtete er in Richtung Kornhalde. Der Mann konnte trotz sofortiger Fahndungsma\u00dfnahmen nicht mehr angetroffen werden. Er wird mit dunklem Teint und mit zu einer Igelfrisur geformten Rastalocken beschrieben. Bekleidet war er mit einer langen gr\u00fcnen Jacke und einer cognacfarbenen Stoffhose. Zeugenhinweise nimmt das Polizeirevier Esslingen unter der Telefonnummer 0711\/3990-330 entgegen.<\/p>\n<p style=\"text-align: justify;\"><strong>Altbach: Wohnungseinbruch<br \/>\n<\/strong>In ein Einfamilienhaus im L\u00f6nsweg ist ein Unbekannter am Donnerstagabend eingebrochen. Zwischen 17.30 Uhr und 21.30 Uhr verschaffte sich der Kriminelle \u00fcber die Terrassent\u00fcre gewaltsam Zutritt zum Haus, in dem er in der Folge in s\u00e4mtlichen Zimmern die Schr\u00e4nke und Schubladen durchw\u00fchlte. Derzeitigen Erkenntnissen zufolge d\u00fcrfte er dabei auf Schmuck und Bargeld gesto\u00dfen sein, mit dem er unerkannt fl\u00fcchtete. Das Polizeirevier Esslingen hat die Ermittlungen aufgenommen.<\/p>\n<p style=\"text-align: justify;\"><strong>Filderstadt: In Gewahrsam genommen<br \/>\n<\/strong>Eine augenscheinlich stark alkoholisierte Frau musste am Donnerstagabend in Bernhausen von der Polizei in Gewahrsam genommen werden. Den derzeitigen Ermittlungen zufolge soll die 35-J\u00e4hrige kurz vor 20 Uhr gegen ein f\u00fcr sie bestehendes Hausverbot in einem Kiosk in der Filderbahnstra\u00dfe versto\u00dfen und im Kassenbereich ohne zu bezahlen ein Getr\u00e4nk konsumiert haben. Als die Frau den Kiosk verlassen wollte, wurde sie von einem Zeugen festgehalten. Die 35-J\u00e4hrige soll dabei nach dem Mann geschlagen, getreten und gespuckt haben, weshalb dieser sie zu Boden brachte. Hierbei wurde die Tatverd\u00e4chtige leicht an der Hand verletzt. Der Zeuge trug keine Verletzungen davon. Nachdem sich die Frau zun\u00e4chst beruhigt hatte, spuckte sie auch in Anwesenheit der alarmierten Polizeibeamten weiter umher. Ihr wurden Handschlie\u00dfen angelegt und der Gewahrsam erkl\u00e4rt. Die Nacht musste die Beschuldigte in einer Polizeizelle verbringen. Sie sieht au\u00dferdem entsprechenden Strafanzeigen bei der Staatsanwaltschaft entgegen.<\/p>\n<p style=\"text-align: justify;\"><strong>N\u00fcrtingen: Radfahrer bei Unfall verletzt<br \/>\n<\/strong>Ersten Erkenntnissen zufolge leichte Verletzungen hat ein Radfahrer bei einem Verkehrsunfall am Donnerstagabend erlitten. Kurz nach 21.30 Uhr war eine 39 Jahre alte Frau mit einem VW Golf auf der Bahnhofstra\u00dfe unterwegs und wollte nach rechts in die Steinengrabenstra\u00dfe abbiegen. Dabei kam es zur Kollision mit einem auf dem rechtsseitigen Radfahrstreifen fahrenden, 23-j\u00e4hrigen Radler, der geradeaus unterwegs war. Der Mann, der ohne Licht fuhr, st\u00fcrzte anschlie\u00dfend zu Boden. Zur ambulanten Behandlung brachte ihn der Rettungsdienst ins Krankenhaus. Der Sachschaden an den Fahrzeugen betr\u00e4gt circa 3.000 Euro.<\/p>\n<p style=\"text-align: justify;\"><strong>Weilheim: Pkw \u00fcberschlagen<br \/>\n<\/strong>Ein aufsehenerregender Verkehrsunfall hat sich am Donnerstagmorgen am Ortsrand von Weilheim ereignet. Eine 25-J\u00e4hrige war gegen 6.40 Uhr mit einem Fiat Punto auf der Kirchheimer Stra\u00dfe von der Ortsmitte herkommend in Richtung Egelsberg unterwegs. Auf H\u00f6he der Parkpl\u00e4tze des dortigen Stadions kam sie in einer Linkskurve mit ihrem Fahrzeug nach rechts von der Fahrbahn ab. Im Anschluss prallte ihr Wagen gegen eine Stra\u00dfenlaterne, die komplett aus der Verankerung gerissen wurde. Anschlie\u00dfend drehte sich der Fiat und blieb auf dem Dach im Gr\u00fcnstreifen liegen. Die leicht verletzte Fahrerin war zun\u00e4chst in ihrem Fahrzeug eingeschlossen und musste von der Feuerwehr befreit werden. Die 25-J\u00e4hrige wurde anschlie\u00dfend mit einem Rettungswagen in eine Klinik gebracht. Das Auto wurde von den Einsatzkr\u00e4ften der Feuerwehr mit Muskelkraft auf die R\u00e4der gestellt und anschlie\u00dfend von einem Abschlepper mitgenommen. Der Schaden wird auf 5.000 Euro gesch\u00e4tzt. \u00dcber die Schadensh\u00f6he an der zerst\u00f6rten Stra\u00dfenlaterne liegen noch keine Erkenntnisse vor. Zur Beseitigung ausgelaufener Betriebsstoffe r\u00fcckten Mitarbeiter des \u00f6rtlichen Bauhofs an die Unfallstelle aus. Bis zur Bergung des Punto musste der Verkehr einspurig vorbeigeleitet werden.<\/p>\n<p style=\"text-align: justify;\"><strong>Owen: Unfall beim \u00dcberholen (Zeugenaufruf)<br \/>\n<\/strong>Die Verkehrspolizei Esslingen sucht Zeugen zu einem Verkehrsunfall mit Personenschaden am Mittwochnachmittag. Gegen 15.10 Uhr war eine 19-J\u00e4hrige auf ihrem Honda-Motorrad auf der K 1243 von N\u00fcrtingen herkommend in Richtung Owen unterwegs. Im Bereich eines Wertstoffhofes wollte sie einen vorausfahrenden Laster \u00fcberholen und scherte zur \u00dcberpr\u00fcfung des Gegenverkehrs nach links aus. Nach derzeitigem Kenntnisstand k\u00f6nnte es hierbei zu einem minimalen Kontakt mit einem entgegenkommenden Auto gekommen sein, worauf die Heranwachsende st\u00fcrzte. Zeugenangaben zufolge hielt der noch unbekannte Lenker des entgegenkommenden Wagens, bei dem es sich um einen wei\u00dfen VW Golf oder Passat handeln soll, an und sprach mit der 19-J\u00e4hrigen. Im Anschluss setzte der circa 40-j\u00e4hrige Mann mit schwarzen Haaren und schwarzem Oberlippenbart seine Fahrt jedoch fort. Aufgrund ihrer erlittenen Verletzungen wurde die junge Frau vom Rettungsdienst ins Krankenhaus gebracht. Ihr Motorrad, an dem sich der Schaden auf etwa 1.000 Euro belaufen d\u00fcrfte, wurde abgeschleppt. Zeugen, die den Unfall beobachtet haben und der Polizei noch nicht bekannt sind oder Personen, die Hinweise auf den unbekannten Autofahrer geben k\u00f6nnen, werden gebeten, sich unter der Telefonnummer 0711\/3990-420 zu melden.<\/p>\n<p style=\"text-align: justify;\"><strong>Kirchheim unter Teck: Zu schnell unterwegs<br \/>\n<\/strong>Nicht angepasste Geschwindigkeit d\u00fcrfte den derzeitigen polizeilichen Ermittlungen zufolge die Ursache f\u00fcr einen Verkehrsunfall auf der Stuttgarter Stra\u00dfe am Mittwochabend gewesen sein. Ein 26-J\u00e4hriger war gegen 20.10 Uhr mit seinem 5er-BMW auf der Stuttgarter Stra\u00dfe in Richtung Kolbstra\u00dfe unterwegs. Beim Abbiegen verlor der BMW-Fahrer die Kontrolle \u00fcber sein Fahrzeug und kam nach rechts von der Fahrbahn ab. Dort \u00fcberfuhr er ein Verkehrszeichen und kollidierte im Anschluss frontal mit einem Baum. Verletzt wurde niemand. Der BMW, an dem wirtschaftlicher Totalschaden in H\u00f6he von rund 10.000 Euro entstanden ist, musste abgeschleppt werden.<\/p>\n<p style=\"text-align: justify;\"><strong>Esslingen: Mit Linienbus kollidiert<br \/>\n<\/strong>Noch unklar ist der Hergang eines Verkehrsunfalls, der sich am Mittwochmorgen an der Einm\u00fcndung Katharinenstra\u00dfe \/ Heilbronner Stra\u00dfe ereignet hat. Gegen 8.40 Uhr befuhr eine 73-j\u00e4hrige Pedelec-Fahrerin die Katharinenstra\u00dfe in Richtung Heilbronner Stra\u00dfe. Im Kurvenbereich kam es beim Vorbeifahren an einem entgegenkommenden Linienbus eines 41-J\u00e4hrigen zur Kollision der beiden Fahrzeuge. Dabei wurde die Pedelec-Fahrerin leicht verletzt, konnte aber nach einer ambulanten Behandlung durch den hinzugerufenen Rettungsdienst vor Ort wieder entlassen werden. Nach derzeitigen Erkenntnissen entstand lediglich am Pedelec Sachschaden in H\u00f6he von circa 4.000 Euro. Die Ermittlungen zum Unfallhergang dauern noch an.<\/p>\n<p style=\"text-align: justify;\"><strong>Leinfelden-Echterdingen: Brand in Stetten<br \/>\n<\/strong>Zu einer Entsorgungsstation in der Sielminger Stra\u00dfe in Stetten sind die Einsatzkr\u00e4fte am Mittwochmittag, kurz vor 12.30 Uhr, ausger\u00fcckt. Dort hatte zuvor in einem Container gelagerter Elektroschrott aus noch unbekannter Ursache Feuer gefangen. Der Containerinhalt konnte von der Feuerwehr gel\u00f6scht werden. Verletzt wurde nach derzeitigem Kenntnisstand niemand. Ein m\u00f6glicher Sachschaden steht noch nicht fest.<\/p>\n<p style=\"text-align: justify;\"><strong>Ostfildern: Auto mit Kind kollidiert<br \/>\n<\/strong>Ein Kind hat sich am Dienstagabend in Ruit bei einer Kollision mit einem Pkw leichte Verletzungen zugezogen. Den derzeitigen polizeilichen Ermittlungen zufolge bog ein 77-j\u00e4hriger VW-Lenker gegen 19.10 Uhr auf der Kirchheimer Stra\u00dfe in Fahrtrichtung Nellingen nach rechts auf einen Parkplatz ab und erfasste dabei den Achtj\u00e4hrigen, der mit seinem Tretroller unterwegs war. Der Senior hinterlie\u00df einer Zeugin seine Anschrift und Erreichbarkeit, entfernte sich von seinem Fahrzeug und wurde im Rahmen der Unfallaufnahme angetroffen. Der Junge, der sich durch die Kollision leichte Verletzungen zugezogen hatte, wurde in einem Krankenhaus ambulant behandelt. An den Fahrzeugen entstand kein Sachschaden.<\/p>\n<p style=\"text-align: justify;\"><strong>Esslingen: Seniorin \u00fcberfallen (Zeugenaufruf)<br \/>\n<\/strong>Eine Seniorin ist am Dienstagabend in Oberesslingen von zwei Unbekannten \u00fcberfallen worden. Die Frau war den derzeitigen Ermittlungen zufolge gegen 19.45 Uhr zu Fu\u00df auf dem Verbindungsweg zwischen der Kreuzstra\u00dfe und der Haldenstra\u00dfe unterwegs, als sich kurz vor der Br\u00fccke \u00fcber den Hainbach zwei dem Anschein nach Jugendliche vor sie stellten und unter Vorhalt einer offenbaren Schreckschusswaffe Geld verlangten. Nachdem die Seniorin um Hilfe gerufen hatte, fl\u00fcchteten die Kriminellen ohne Raubgut in Richtung Kreuzstra\u00dfe. Dabei gaben sie einen Schuss aus der Waffe ab. Die T\u00e4ter konnten im Rahmen der sofort nach dem Notruf der Seniorin eingeleiteten Fahndung nicht mehr angetroffen werden. Nach aktuellem Kenntnisstand d\u00fcrfte das Duo der Frau vor dem \u00dcberfall zumindest seit einer Metzgerei in der Kreuzstra\u00dfe \u00fcber die Hirschlandstra\u00dfe hinweg gefolgt sein. Die Kriminellen sind circa 170 Zentimeter gro\u00df, von schm\u00e4chtiger Statur und waren mit Kapuzenpullovern bekleidet. Einer der T\u00e4ter sprach Deutsch ohne Akzent. Zeugen, die die Tat beobachtet haben oder Hinweise auf die Gesuchten geben k\u00f6nnen, werden gebeten, sich unter der Telefonnummer 0711\/3990-0 beim Polizeirevier Esslingen zu melden.<\/p>\n<p style=\"text-align: justify;\"><strong>Leinfelden-Echterdingen: Taxen- und Mietwagenkontrollen<br \/>\n<\/strong>Beamte der Verkehrspolizei Esslingen f\u00fchrten am Dienstagvormittag im Bereich des Flughafens und der Zugangsstra\u00dfen gezielte Taxen- und Mietwagenkontrollen durch. Ziel der Ma\u00dfnahme war es, die Verkehrssicherheit f\u00fcr mitfahrende Fahrg\u00e4ste zu erh\u00f6hen. Neben den technischen Ausr\u00fcstungsvorschriften und erforderlichen Genehmigungen der Fahrzeuge, wurden auch die Fahrzeugf\u00fchrer umfassend \u00fcberpr\u00fcft. Bei den zwischen 10.30 Uhr und 12.30 Uhr vorgenommenen Kontrollen stellten die Beamten mehrfache Verst\u00f6\u00dfe gegen das Eichgesetz, die Verordnung \u00fcber den Betrieb von Kraftfahrunternehmen im Personenverkehr sowie der Stra\u00dfenverkehrszulassungsordnung fest. So wurden bei einem Taxi eine fehlende Ordnungsnummer sowie nicht mitgef\u00fchrte Genehmigungen festgestellt. Ein Mietfahrzeug fiel mit M\u00e4ngeln am Wegstreckenz\u00e4hler und abgefahrenen Reifen auf. Die verantwortlichen Fahrzeugf\u00fchrer und Halter wurden beanstandet, mehrere Bu\u00dfgeldverfahren eingeleitet und weitere Ermittlungen durch die zust\u00e4ndigen Beh\u00f6rden veranlasst. Die Kontrollen werden auch in Zukunft fortgesetzt.<\/p>\n<p style=\"text-align: justify;\"><strong>Esslingen: E-Scooter \u00fcbersehen und zusammengeprallt<br \/>\n<\/strong>Ein E-Scooter-Fahrer ist am Mittwochmorgen in der Palmenwaldstra\u00dfe infolge eines Verkehrsunfalls leicht verletzt worden. Kurz nach 6.30 Uhr befuhr eine 43-J\u00e4hrige mit ihrem VW Tiguan die Palmenwaldstra\u00dfe und wollte nach rechts auf ein Firmengel\u00e4nde einbiegen. Dabei \u00fcbersah die Frau einen geradeaus fahrenden 39-J\u00e4hrigen mit seinem E-Scooter und kollidierte seitlich mit diesem. Beim anschlie\u00dfenden Sturz verletzte sich der Mann leicht. Er wurde zur Untersuchung und Behandlung in ein Krankenhaus gebracht. Der entstandene Sachschaden d\u00fcrfte bei rund 1.000 Euro liegen.<\/p>\n<p style=\"text-align: justify;\"><strong>Hochdorf: Abfallbeh\u00e4lter angez\u00fcndet und erwischt<br \/>\n<\/strong>Die Einsatzkr\u00e4fte von Feuerwehr und Polizei sind am Dienstagabend zu einem M\u00fclleimerbrand in die Jahnstra\u00dfe gerufen worden. Eine Passantin hatte kurz nach 18 Uhr den Brand in dem Beh\u00e4ltnis bemerkt und den Notruf gew\u00e4hlt. Die Feuerwehr konnte den brennenden Inhalt abl\u00f6schen, w\u00e4hrend die Polizeibeamten im Zuge der Ermittlungen mehrere Jugendliche feststellten, die sich f\u00fcr die Brandlegung verantwortlich zeigten. Die Ermittlungen dazu dauern an.<\/p>\n<p style=\"text-align: justify;\"><strong>Altenriet: Mutter angegriffen &#8211; Tatverd\u00e4chtiger Sohn in Klinik f\u00fcr forensische Psychiatrie eingeliefert<\/strong><br \/>\nWegen des Verdachts des versuchten Totschlags ermitteln die Staatsanwaltschaft Stuttgart und die Kriminalpolizeidirektion Esslingen seit Montagmittag (20.10.2025) gegen einen 31 Jahre alten Mann. Diesem wird zur Last gelegt, seine Mutter in der gemeinsamen Wohnung angegriffen zu haben. Der Beschuldigte befindet sich aufgrund seines Gesundheitszustands bereits in einer Spezialklinik.<br \/>\nDer Polizei wurden am Montag um die Mittagszeit Hilferufe einer Frau aus einem Wohnhaus in Altenriet gemeldet. Als die Einsatzkr\u00e4fte kurze Zeit sp\u00e4ter vor Ort eintrafen, sahen sie durch die Scheibe der Terrassent\u00fcr eine Person regungslos auf dem Boden liegen. Durch die Polizeibeamten wurde daraufhin die Scheibe eingeschlagen. Beim Betreten des Geb\u00e4udes fl\u00fcchtete ein Mann. Der 31-J\u00e4hrige konnte kurz darauf im Rahmen der Fahndung angetroffen und widerstandslos festgenommen werden.<br \/>\nDie 66 Jahre alte Gesch\u00e4digte musste zun\u00e4chst von einer Polizeibeamtin und anschlie\u00dfend vom Rettungsdienst wiederbelebt werden. Nach einer not\u00e4rztlichen Versorgung wurde sie in eine Klinik eingeliefert.<br \/>\nDer 31-j\u00e4hrige Deutsche wurde am Dienstagnachmittag der zust\u00e4ndigen Haftrichterin beim Amtsgericht Stuttgart vorgef\u00fchrt, die den von der Staatsanwaltschaft Stuttgart beantragten Unterbringungsbefehl in Vollzug setzte. Der Tatverd\u00e4chtige wurde in eine Klinik f\u00fcr forensische Psychiatrie eingeliefert.<\/p>\n<p style=\"text-align: justify;\"><strong>Plochingen: Kollegen mit Lkw erfasst<br \/>\n<\/strong>Ein Unfall mit Personenschaden hat sich am Montagnachmittag in Plochingen ereignet. Gegen 14.20 Uhr wollte ein Lkw-Lenker in der Stuifenstra\u00dfe wenden und fuhr dazu r\u00fcckw\u00e4rts in den Donauschwabenweg ein. Hierbei \u00fcbersah er seinen Kollegen, der dort mit einer Schneidemaschine Arbeiten am Asphalt durchf\u00fchrte. Der Mann wurde kurzzeitig zwischen dem Laster und der Maschine eingeklemmt. Aufgrund seiner dabei erlittenen Verletzungen wurde er vom Rettungsdienst zur weiteren Untersuchung und Behandlung in eine Klinik gebracht.<\/p>\n<p style=\"text-align: justify;\"><strong>Aichtal-Gr\u00f6tzingen: Zeuge zu gef\u00e4hrlichem Fahrman\u00f6ver gesucht<br \/>\n<\/strong>Das Polizeirevier N\u00fcrtingen sucht nach Zeugen zu einem gef\u00e4hrlichen Fahrman\u00f6ver, bei dem am Montagnachmittag eine Frau mit einem Kleinkind von einem Motorradfahrer m\u00f6glicherweise gef\u00e4hrdet wurde. Die 65-J\u00e4hrige hielt mit ihrem Pkw gegen 17.10 Uhr in der Gr\u00f6tzinger Blumenstra\u00dfe vor Geb\u00e4ude Nr. 2 an. Anschlie\u00dfend holte sie ein Kleinkind aus dem Wagen und ging auf den Gehweg. Ein weiterer Autofahrer musste deswegen hinter ihrem Fahrzeug anhalten. Ein ihm nachfolgender Motorradfahrer hielt nicht an. Er fuhr mit seiner Motocross-Maschine auf den Gehweg und soll hierbei die Frau mit dem kleinen Kind auf dem Arm gef\u00e4hrdet haben. Gl\u00fccklicherweise war es zu keinem Zusammensto\u00df gekommen. Aufgrund des abgelesenen Kennzeichens konnte ein 17-J\u00e4hriger als Fahrer des Motorrads ermittelt werden. Die Polizei bittet insbesondere den Pkw-Lenker, der hinter dem Auto der Frau anhalten musste, sich unter Telefon 07022\/9224-0 zu melden.<\/p>\n<p style=\"text-align: justify;\"><strong>N\u00fcrtingen: Mann in Bankgeb\u00e4ude eingesperrt<br \/>\n<\/strong>Beamte des Polizeireviers N\u00fcrtingen sind am sp\u00e4ten Montagabend zu einem ungew\u00f6hnlichen Rettungseinsatz an den Schillerplatz gerufen worden. Dort hatte kurz vor 23 Uhr ein 66-J\u00e4hriger die ge\u00f6ffneten Kundenr\u00e4umlichkeiten eines Bankinstitutes betreten. Nachdem er dort die Abfrage von Dienstleistungen beendet hatte, stand er vor einer verschlossenen Zugangst\u00fcr. Die Polizeibeamten eilten dem Mann zu Hilfe und konnten den Schl\u00fcssel f\u00fcr das Geb\u00e4ude herbeibeschaffen. Nach rund 30 Minuten war der Mann aus seiner misslichen Lage befreit. Wie sich herausstellte, war der Mann w\u00e4hrend des ordnungsgem\u00e4\u00dfen Verschlie\u00dfens des Geb\u00e4udes zuvor \u00fcbersehen und versehentlich eingeschlossen worden.<\/p>\n<p style=\"text-align: justify;\"><strong>N\u00fcrtingen: Auseinandersetzung in Innenstadt (Zeugenaufruf)<br \/>\n<\/strong>Das Polizeirevier N\u00fcrtingen ermittelt seit Montagabend wegen des Verdachts der gef\u00e4hrlichen K\u00f6rperverletzungen gegen mehrere, teilweise noch unbekannte Personen. Kurz nach 21 Uhr waren an der Steinengrabenstra\u00dfe zwei Personengruppen zun\u00e4chst in verbale und k\u00f6rperliche Streitigkeiten geraten, woraufhin mehrere Beteiligte in Richtung Neckarsteige fl\u00fcchteten. Im weiteren Verlauf artete dann der Streit auf H\u00f6he des Uni-Campus sowie teilweise in einer dortigen Gastst\u00e4tte in eine Auseinandersetzung aus, bei der nach bisherigen Erkenntnissen sieben junge M\u00e4nner durch Schl\u00e4ge verletzt wurden. Hiervon musste einer zur weiteren Behandlung in eine Klinik gebracht werden. Nachdem die Schl\u00e4ger gefl\u00fcchtet waren, konnten im Zuge der Fahndung mehrere Beteiligte angetroffen und zur Durchf\u00fchrung von polizeilichen Ma\u00dfnahmen zum Polizeirevier N\u00fcrtingen gebracht werden. Die Ermittlungen zu den Hintergr\u00fcnden und den Tatbeteiligten dauern weiter an. Das Polizeirevier N\u00fcrtingen bittet unter Telefonnummer 07022\/9224-0 um Zeugenhinweise zum diesem Geschehen.<\/p>\n<p style=\"text-align: justify;\"><strong>Wendlingen: Renitenter Ladendieb (Zeugenaufruf)<br \/>\n<\/strong>Wegen des Verdachts des r\u00e4uberischen Diebstahls ermittelt das Polizeirevier N\u00fcrtingen seit Montagabend gegen einen Unbekannten. Der Mann war gegen 21.15 Uhr im Einkaufsmarkt Kaufland in der Wertstra\u00dfe vom Ladendetektiv bei einem Diebstahl ertappt und angesprochen worden. Der Dieb stie\u00df daraufhin den Angestellten zur Seite und ergriff die Flucht. Ein bislang unbekannter Zeuge versuchte den Mann auf seinem Weg zu stoppen, indem er ihm ein Bein stellte und ihn zu Fall brachte. Letztlich gelang dem Dieb \u00fcber den Firmenparkplatz, Richtung Wertstra\u00dfe und Bahnhofstra\u00dfe dennoch die Flucht. Der Gesuchte wird Anfang 20, mit schlanker Figur, ca. 175-185 cm gro\u00df, kurzen schwarzen Haaren und dunklem Teint beschrieben. Bekleidet war er mit einem wei\u00dfen Oberteil. Zeugenhinweise zum T\u00e4ter werden unter der Telefonnummer 07022\/9224-0 entgegengenommen. Insbesondere der Zeuge, der noch versuchte hatte den Fl\u00fcchtigen zu stoppen, ist f\u00fcr die weiteren Ermittlungen wichtig.<\/p>\n<p style=\"text-align: justify;\"><strong>Aichwald: Nach Wildwechsel gegen Baum geprallt<br \/>\n<\/strong>Ein Pkw-Lenker ist bei einem Unfall am Montagabend auf der L 1201 schwerverletzt worden. Der 27-J\u00e4hrige war kurz nach 23.15 Uhr mit einem Ford Transit auf der Landesstra\u00dfe von Aichwald in Richtung Plochingen-Stumpenhof unterwegs. Nach bisherigen Erkenntnissen sollen mehrere Rehe die Fahrbahn vor dem Fahrzeug \u00fcberquert haben, woraufhin der Mann nach links auswich. Zu einer Kollision mit den Tieren kam es zwar nicht, jedoch geriet der 27-J\u00e4hrige mit seinem Wagen von der Stra\u00dfe ab und prallte schlie\u00dflich frontal gegen einen Baum. Die Feuerwehr musste den Mann aus dem stark besch\u00e4digten Fahrzeug befreien. Mit schweren Verletzungen brachte ihn der Rettungsdienst in ein Krankenhaus. Sein Ford, an dem wirtschaftlicher Totalschaden in H\u00f6he von mindestens 10.000 Euro entstand, musste abgeschleppt werden. Die Landesstra\u00dfe war f\u00fcr die Unfallaufnahme bis um 1.30 Uhr teilweise komplett gesperrt.<\/p>\n<p style=\"text-align: justify;\"><strong>B312 <\/strong><strong>Neckartenzlingen: Unfall mit mehreren Beteiligten<br \/>\n<\/strong>Mehrere zehntausend Euro Sachschaden, drei verletzte Fahrzeugf\u00fchrer und vier nicht mehr fahrbereite Pkw sind die Bilanz eines Verkehrsunfalls, der sich am Montag gegen 12.40 Uhr auf der Bundesstra\u00dfe 312 zwischen Neckartailfingen und Neckartenzlingen ereignet hat. Nach derzeitigem Stand fuhr der Lenker eines BMW in Fahrtrichtung Metzingen und geriet aufgrund bislang unbekannter Ursache, m\u00f6glicherweise zum Einleiten eines \u00dcberholvorgangs, auf die Gegenfahrbahn. Dort steifte er einen entgegenkommenden Skoda, dem wiederum ein Audi in Fahrtrichtung Stuttgart folgte. Nach der Kollision zwischen BMW und Skoda schleuderte dieser, sich um 180 Grad drehend, auf die Gegenspur, wonach ein hinter dem BMW fahrender Mercedes auf den nun auf der Gegenfahrbahn befindlichen Skoda auffuhr. Der BMW wiederum kollidierte mit dem nach Stuttgart fahrenden Audi, wonach dieser in den Gr\u00fcnstreifen schleuderte. Die jeweiligen Fahrzeuglenker wurden vom Rettungsdienst in umliegende Krankenh\u00e4user gebracht, nach derzeitigem Stand haben sich drei Fahrzeuglenker Verletzungen zugezogen. Ein weiterer Pkw Mercedes, der noch vor dem Audi und vor dem Skoda in Fahrtrichtung Stuttgart unterwegs war, wurde durch einen Streifvorgang leicht besch\u00e4digt. Die Verkehrspolizei Esslingen hat die Unfallermittlungen aufgenommen. Zur Unfallaufnahme, Bergung der Pkw und Reinigung der Fahrbahn war die Bundesstra\u00dfe zwischen Neckartaifingen und Neckartenzlingen bis 16.30 Uhr voll gesperrt.<\/p>\n<p style=\"text-align: justify;\"><strong>Neuhausen\/Fildern: Bei K\u00fcchenbrand leicht verletzt<br \/>\n<\/strong>Die Einsatzkr\u00e4fte von Feuerwehr, Rettungsdienst und Polizei sind am Sonntagmittag zu einem gemeldeten K\u00fcchenbrand in die Entenstra\u00dfe gerufen worden. Nach bisherigen Erkenntnissen hatte sich dort gegen 13.30 Uhr bei Kochversuchen eines 26-J\u00e4hrigen \u00d6l entz\u00fcndet, welches er mit einem nassen Handtuch abl\u00f6schen wollte. Die hieraus entstandenen Stichflammen setzten daraufhin die K\u00fccheneinrichtung in Brand. Das Brandgeschehen wurde von einem aufmerksamen Nachbarn bemerkt, der den Notruf w\u00e4hlte und den Brand l\u00f6schte. Die eintreffende Feuerwehr beseitigte die Gefahr und bel\u00fcftete die R\u00e4ume. Sowohl der Wohnungsinhaber als auch der 37 Jahre alte Nachbar erlitten durch Rauchgas leichte Verletzungen und wurden vom Rettungsdienst vor Ort behandelt. Der betroffene Wohnbereich war zun\u00e4chst nicht mehr bewohnbar. Die Polizei sch\u00e4tzt den entstandenen Sachschaden auf mindestens 10.000 Euro.<\/p>\n<hr \/>\n<p>&nbsp;<\/p>\n","protected":false},"excerpt":{"rendered":"<p>Quelle: ots Esslingen am Neckar: Ein Leichtverletzter bei k\u00f6rperlicher Auseinandersetzung Leicht verletzt worden ist am fr\u00fchen Sonntagmorgen ein 42-j\u00e4hriger Mann bei einer k\u00f6rperlichen Auseinandersetzung in der Fleischmannstra\u00dfe. Unmittelbar nach dem Verlassen eines Gastronomiebetriebes traf der Mann auf eine vierk\u00f6pfige Personengruppe. Obwohl sich die Personen offenbar nicht kannten, gaben sie sich die H\u00e4nde und es kam [&hellip;]<\/p>\n","protected":false},"author":4,"featured_media":152245,"comment_status":"closed","ping_status":"open","sticky":false,"template":"","format":"standard","meta":{"inline_featured_image":false,"_exactmetrics_skip_tracking":false,"_exactmetrics_sitenote_active":false,"_exactmetrics_sitenote_note":"","_exactmetrics_sitenote_category":0,"footnotes":""},"categories":[11240],"tags":[14857,14440,68,205,1625],"class_list":{"0":"post-158404","1":"post","2":"type-post","3":"status-publish","4":"format-standard","5":"has-post-thumbnail","7":"category-region-esslingen","8":"tag-die-webzeitung","9":"tag-esslingen","10":"tag-online-zeitung","11":"tag-polizei","12":"tag-report"},"image_feature":"https:\/\/die-webzeitung.de\/stuttgart\/wp-content\/uploads\/sites\/4\/2024\/02\/Polizei-Pix-scaled.jpg","author_name":"Redaktion","pure_taxonomies":{"categories":[{"term_id":11240,"name":"Polizei-Report Esslingen","slug":"region-esslingen","term_group":0,"term_taxonomy_id":11278,"taxonomy":"category","description":"Polizeiberichte aus der Region des Landkreises Esslingen","parent":1619,"count":69,"filter":"raw","image":""}],"tags":[{"term_id":14857,"name":"Die-Webzeitung","slug":"die-webzeitung","term_group":0,"term_taxonomy_id":14876,"taxonomy":"post_tag","description":"","parent":0,"count":3623,"filter":"raw","image":""},{"term_id":14440,"name":"Esslingen","slug":"esslingen","term_group":0,"term_taxonomy_id":3885,"taxonomy":"post_tag","description":"","parent":0,"count":202,"filter":"raw","image":""},{"term_id":68,"name":"Online-Zeitung","slug":"online-zeitung","term_group":0,"term_taxonomy_id":69,"taxonomy":"post_tag","description":"","parent":0,"count":3593,"filter":"raw","image":""},{"term_id":205,"name":"Polizei","slug":"polizei","term_group":0,"term_taxonomy_id":208,"taxonomy":"post_tag","description":"","parent":0,"count":277,"filter":"raw","image":""},{"term_id":1625,"name":"Report","slug":"report","term_group":0,"term_taxonomy_id":1634,"taxonomy":"post_tag","description":"","parent":0,"count":210,"filter":"raw","image":""}]},"_links":{"self":[{"href":"https:\/\/die-webzeitung.de\/stuttgart\/wp-json\/wp\/v2\/posts\/158404","targetHints":{"allow":["GET"]}}],"collection":[{"href":"https:\/\/die-webzeitung.de\/stuttgart\/wp-json\/wp\/v2\/posts"}],"about":[{"href":"https:\/\/die-webzeitung.de\/stuttgart\/wp-json\/wp\/v2\/types\/post"}],"author":[{"embeddable":true,"href":"https:\/\/die-webzeitung.de\/stuttgart\/wp-json\/wp\/v2\/users\/4"}],"replies":[{"embeddable":true,"href":"https:\/\/die-webzeitung.de\/stuttgart\/wp-json\/wp\/v2\/comments?post=158404"}],"version-history":[{"count":11,"href":"https:\/\/die-webzeitung.de\/stuttgart\/wp-json\/wp\/v2\/posts\/158404\/revisions"}],"predecessor-version":[{"id":158474,"href":"https:\/\/die-webzeitung.de\/stuttgart\/wp-json\/wp\/v2\/posts\/158404\/revisions\/158474"}],"wp:featuredmedia":[{"embeddable":true,"href":"https:\/\/die-webzeitung.de\/stuttgart\/wp-json\/wp\/v2\/media\/152245"}],"wp:attachment":[{"href":"https:\/\/die-webzeitung.de\/stuttgart\/wp-json\/wp\/v2\/media?parent=158404"}],"wp:term":[{"taxonomy":"category","embeddable":true,"href":"https:\/\/die-webzeitung.de\/stuttgart\/wp-json\/wp\/v2\/categories?post=158404"},{"taxonomy":"post_tag","embeddable":true,"href":"https:\/\/die-webzeitung.de\/stuttgart\/wp-json\/wp\/v2\/tags?post=158404"}],"curies":[{"name":"wp","href":"https:\/\/api.w.org\/{rel}","templated":true}]}}