{"id":158402,"date":"2025-10-20T09:00:06","date_gmt":"2025-10-20T08:00:06","guid":{"rendered":"https:\/\/die-webzeitung.de\/stuttgart\/?p=158402"},"modified":"2025-10-24T16:03:45","modified_gmt":"2025-10-24T15:03:45","slug":"polizei-report-kreis-boeblingen-woche-43-4","status":"publish","type":"post","link":"https:\/\/die-webzeitung.de\/stuttgart\/2025\/10\/20\/polizei-report-kreis-boeblingen-woche-43-4\/","title":{"rendered":"Polizei-Report Kreis B\u00f6blingen | Woche 43"},"content":{"rendered":"<p><em>Quelle: ots<\/em><\/p>\n<p style=\"text-align: justify;\"><strong>Aidlingen-Deufringen: 37-J\u00e4hriger alkoholisiert in Unfall verwickelt<\/strong><br \/>\nMutma\u00dflich, da er unter Alkoholeinfluss stand, war ein 37 Jahre alter Fiat-Lenker am fr\u00fchen Freitag (24.10.2025), gegen 00.10 Uhr in Deufringen in einen Verkehrsunfall verwickelt.<br \/>\nIm Oberen Wengertweg kam der 37-J\u00e4hrige nach links von der Fahrbahn ab, als er in Richtung Ortsmitte fuhr. Dabei kollidierte er mit einem geparkten Mercedes, ehe er sich um 90 Grad dreht und schlie\u00dflich zum Stehen kam. Der Fiat war nicht mehr fahrbereit und musste abgeschleppt werden. Der Sachschaden d\u00fcrfte sich auf insgesamt rund 20.000 Euro belaufen.<br \/>\nAls sich im Zuge der Unfallaufnahme der Verdacht erh\u00e4rtete, dass der 37-J\u00e4hrige unter Alkoholeinfluss stehen k\u00f6nnte, wurde ein Atemalkoholtest durchgef\u00fchrt, der einen Wert von rund 2,6 Promille ergab. Der Fiat-Lenker musste sich daraufhin einer Blutentnahme unterziehen, sein F\u00fchrerschein wurde beschlagnahmt.<\/p>\n<p style=\"text-align: justify;\"><strong>Grafenau-D\u00f6ffingen: Einbruch in Spielothek &#8211; Zeugen gesucht<\/strong><br \/>\nNoch unbekannte T\u00e4ter verschafften sich am fr\u00fchen Freitagmorgen (24.10.2025) gegen 03:40 Uhr gewaltsam Zutritt in eine Spielothek in der Mercedesstra\u00dfe in D\u00f6ffingen. Im Inneren der Spielothek hebelten sie einen Spielautomaten auf und richteten einen Sachschaden von etwa 3.000 Euro an. Aus dem Automaten entwendeten sie das darin befindliche Scheingeld im vierstelligen Bereich. Anschlie\u00dfend fl\u00fcchteten sie unerkannt. Der Polizeiposten Maichingen hat die Ermittlungen aufgenommen und bittet Zeugen, die sachdienliche Hinweise geben k\u00f6nnen, sich unter der Tel. 07031 20405-0 oder per E-Mail an <a href=\"mailto:sindelfingen.prev@polizei.bwl.de\" target=\"_blank\" rel=\"noopener\">sindelfingen.prev@polizei.bwl.de<\/a> zu melden.<\/p>\n<p style=\"text-align: justify;\"><strong>Magstadt: Karton angez\u00fcndet &#8211; Hausfassade besch\u00e4digt<\/strong><br \/>\nNoch unbekannte T\u00e4ter z\u00fcndeten mutma\u00dflich am Donnerstag (23.10.2025) gegen 00:15 Uhr einen an einer Hauswand einer Gastst\u00e4tte in der Maichinger Stra\u00dfe in Magstadt abgestellten Karton mit Kleidungsst\u00fccken an. Eine Anwohnerin wurde auf die Flammen aufmerksam und konnte das Feuer mit einem Feuerl\u00f6scher rasch l\u00f6schen. Die Gastst\u00e4tte war zur Einsatzzeit geschlossen. Durch die Hitzeentwicklung entstand an der Hausfassade ein Sachschaden in noch unbekannter H\u00f6he. Der Polizeiposten Maichingen sucht Zeugen, die sachdienliche Hinweise geben k\u00f6nnen. Diese werden gebeten, sich unter 07031 20405-0 oder per E-Mail an <a href=\"mailto:sindelfingen.prev@polizei.bwl.de\" target=\"_blank\" rel=\"noopener\">sindelfingen.prev@polizei.bwl.de<\/a> zu melden.<\/p>\n<p style=\"text-align: justify;\"><strong>Herrenberg-G\u00fcltstein: Zwei Einbr\u00fcche in der Heerstra\u00dfe<\/strong><br \/>\nNoch unbekannte T\u00e4ter brachen in der Nacht auf Donnerstag (23.10.2025) in einen Geb\u00e4udekomplex in der Heerstra\u00dfe in G\u00fcltstein ein, in dem mehrere Unternehmen angesiedelt sind. Die Unbekannten schlugen jeweils ein Fenster von zwei dort ans\u00e4ssigen Unternehmen ein und durchw\u00fchlten die Innenr\u00e4ume. Den bisherigen Ermittlungen zufolge erbeuteten die Einbrecher einen zweistelligen Bargeldbetrag. Der Sachschaden bel\u00e4uft sich auf rund 3.000 Euro. In der gleichen Nacht kam es im benachbarten Ammerbuch-Altingen ebenfalls zu einem Einbruch in ein Firmengeb\u00e4ude. M\u00f6gliche Tatzusammenh\u00e4nge werden gepr\u00fcft.<\/p>\n<p style=\"text-align: justify;\"><strong>B\u00f6blingen: Alkoholisiert und ohne F\u00fchrerschein in Verkehrsunfall verwickelt<\/strong><br \/>\nDas Polizeirevier B\u00f6blingen ermittelt derzeit gegen einen 28-j\u00e4hrigen Mann, der am Mittwoch (22.10.2025) gegen 20:55 Uhr auf einem Einkaufsmarkt-Parkplatz in der Otto-Lilienthal-Stra\u00dfe in B\u00f6blingen alkoholisiert und ohne F\u00fchrerschein einen Verkehrsunfall verursacht hat. Der 28-J\u00e4hrige parkte zun\u00e4chst mit seinem BMW r\u00fcckw\u00e4rts in eine Parkl\u00fccke auf dem Parkplatzgel\u00e4nde ein und stie\u00df hierbei mit seinem Fahrzeug gegen einen geparkten Kia. Daraufhin parkt er sein Fahrzeug um und ging wenig sp\u00e4ter in den Einkaufsmarkt, ohne sich um die erforderliche Schadensregulierung zu k\u00fcmmern. Ein Zeuge konnte den Verkehrsunfall beobachten und verst\u00e4ndigte die Polizei. Bei der sp\u00e4teren Unfallaufnahme stellten die Beamten beim 28-J\u00e4hrigen Atemalkoholgeruch fest. Ein im Anschluss durchgef\u00fchrter freiwilliger Atemalkoholtest ergab einen Wert von rund 1,3 Promille. Zudem stellte sich heraus, dass der 28-J\u00e4hrige nicht im Besitz einer g\u00fcltigen Fahrerlaubnis war. Er musste sich einer Blutentnahme unterziehen und sein Fahrzeugschl\u00fcssel wurde sichergestellt. Zudem muss er nun mit mehreren Anzeigen rechnen.<\/p>\n<p style=\"text-align: justify;\"><strong>B\u00f6blingen: Unfall zwischen Pkw und Fu\u00dfg\u00e4ngerin fordert zwei Verletzte<\/strong><br \/>\nEine schwer verletzte Fu\u00dfg\u00e4ngerin, ein leicht verletzter Pkw-Lenker und rund 4.000 Euro Sachschaden sind die Bilanz eines Verkehrsunfalls, der sich am Mittwoch (22.10.1025) gegen 06:30 Uhr in H\u00f6he eines Parkhauses in der Konrad-Zuse-Stra\u00dfe in B\u00f6blingen ereignete. Eine 26-j\u00e4hrige Fu\u00dfg\u00e4ngerin \u00fcberquerte bei Dunkelheit und Regen, mutma\u00dflich ohne auf den Fahrzeugverkehr zu achten, die Fahrbahn. Ein 18-j\u00e4hriger VW-Lenker, der auf der Konrad-Zuse-Stra\u00dfe aus Richtung Calwer Stra\u00dfe in Richtung Wolfgang-Brumme-Allee unterwegs war, konnte nicht mehr rechtzeitig bremsen. Er kollidierte mit der die aus seiner Sicht von links kommenden Fu\u00dfg\u00e4ngerin. Dabei erlitt die 26-J\u00e4hrige schwere Verletzungen und wurde vom Rettungsdienst in ein Krankenhaus gefahren. Der 18-J\u00e4hrige erlitt leichte Verletzungen. Der VW, an dem ein Sachschaden von rund 4.000 Euro entstand, musste abgeschleppt werden. Gem\u00e4\u00df den ersten Ermittlungen k\u00f6nnte die 26-J\u00e4hrige beim \u00dcberqueren der Fahrbahn ein Handy in der Hand gehalten und Kopfh\u00f6rer getragen haben.<br \/>\nDie Verkehrspolizeiinspektion Ludwigsburg hat die Ermittlungen aufgenommen und sucht Zeugen, die Angaben zum Unfallhergang machen k\u00f6nnen. Diese werden gebeten, sich unter Tel. 0711 6869-0 oder per E-Mail an <a href=\"mailto:stuttgart-vaihingen.vpi@polizei.bwl.de\" target=\"_blank\" rel=\"noopener\">stuttgart-vaihingen.vpi@polizei.bwl.de<\/a> zu melden.<\/p>\n<p style=\"text-align: justify;\"><strong>B28 Bondorf: 66-J\u00e4hriger bei Verkehrsunfall t\u00f6dlich verungl\u00fcckt<\/strong><br \/>\nT\u00f6dliche Verletzungen erlitt ein 66 Jahre alter Mini-Lenker, als er am Mittwoch (22.10.2025) gegen 07.30 Uhr auf der Bundesstra\u00dfe 28 bei Bondorf in einen Verkehrsunfall verwickelt war.<br \/>\nDer 66-J\u00e4hrige fuhr den bisherigen Erkenntnissen zufolge zun\u00e4chst auf dem rechten der beiden Fahrtstreifen in Richtung Nagold. Anschlie\u00dfend wechselte er auf den linken Fahrtstreifen und geriet aus noch ungekl\u00e4rter Ursache auf H\u00f6he des Industriegebiets &#8220;Am R\u00f6merfeld&#8221; auf die einspurig ausgebaute Gegenfahrbahn. Dort kollidierte der Mini-Lenker mit einem entgegenkommenden Sattelzug eines 57-J\u00e4hrigen. Der Lkw-Fahrer versuchte noch, nach rechts auszuweichen, konnte eine Kollision aber nicht mehr verhindern.<br \/>\nTrotz sofort eingeleiteter Rettungs- und Reanimationsma\u00dfnahmen verstarb der 66-J\u00e4hrige kurz darauf.<br \/>\nDer 57 Jahre alte Lkw-Lenker erlitt leichte Verletzungen und wurde vom Rettungsdienst in ein Krankenhaus gebracht.<br \/>\nDer entstandene Sachschaden d\u00fcrfte sich auf insgesamt etwa 40.000 Euro belaufen. Beide Fahrzeuge mussten abgeschleppt werden.<br \/>\nIm Zuge der Unfallaufnahme und Aufr\u00e4umma\u00dfnahmen musste die B 28 bis etwa 9.40 Uhr voll gesperrt werden, ehe zun\u00e4chst ein Fahrstreifen und schlie\u00dflich gegen 12.00 Uhr alle Fahrstreifen wieder freigegeben werden konnten.<\/p>\n<p style=\"text-align: justify;\"><strong>Holzgerlingen: Frau in Linienbus schwer verletzt<\/strong><br \/>\nEin 55 Jahre alter Linienbus-Lenker wollte am Dienstag (21.10.2025), gegen 18.00 Uhr von einer Haltestelle im Bereich Lerchenstra\u00dfe und B\u00fchlenstra\u00dfe in Holzgerlingen nach rechts in die B\u00fchlenstra\u00dfe abbiegen. Dabei streifte er einen nicht ordnungsgem\u00e4\u00df am Fahrbahnrand geparkten Seat. Als der Busfahrer die Kollision bemerkte, bremste er. Dabei fiel eine 55-j\u00e4hrige Mitfahrerin von ihrem Sitzplatz im Bus und erlitt schwere Verletzungen. Sie wurde vom Rettungsdienst in ein Krankenhaus gebracht.<br \/>\nDer bei dem Unfall entstandene Sachschaden d\u00fcrfte sich auf insgesamt etwa 4.000 Euro belaufen.<\/p>\n<p style=\"text-align: justify;\"><strong>Nufringen\/Rottenburg: Gef\u00e4hrliche Fahrman\u00f6ver auf A81 (Zeugenaufruf)<br \/>\n<\/strong>Noch unklar sind die Umst\u00e4nde eines K\u00f6rperverletzungsdelikts, das sich am Sonntagabend, gegen 18.40 Uhr, auf der Autobahn 81 in Fahrtrichtung Singen, zwischen B\u00f6blingen und dem Sch\u00f6nbuchtunnel, etwa auf H\u00f6he der Rastst\u00e4tte Sch\u00f6nbuch-West zugetragen haben soll. Nach derzeitigem Kenntnisstand waren zwei Personen im Alter von 36 und 34 Jahren in einem wei\u00dfen Pkw Nissan Juke w\u00e4hrend der Fahrt auf der Autobahn in einen handfesten Streit geraten, weshalb es zu gef\u00e4hrlichen Fahr- und Bremsman\u00f6vern durch den Nissanlenker gekommen sein soll. Das Polizeirevier Rottenburg sucht unter Tel. 07472 \/9801-0 Zeugen und Personen, die durch die auff\u00e4llige Fahrweise des Nissan mit T\u00fcbinger Kennzeichen gef\u00e4hrdet worden sind.<\/p>\n<p style=\"text-align: justify;\"><strong>Herrenberg: Einbruch in der Innenstadt<\/strong><br \/>\nNoch unbekannte T\u00e4ter warfen in der Nacht zum Sonntag (19.10.2025), gegen 1.15 Uhr eine Scheibe eines Ladengesch\u00e4fts in der Stra\u00dfe &#8220;Bronntor&#8221; in Herrenberg ein. Zeugen alarmierten aufgrund des L\u00e4rms die Polizei. Trotz sofort eingeleiteter Fahndungsma\u00dfnahmen konnten die T\u00e4ter nicht ergriffen werden.<br \/>\nDie Unbekannten stahlen den bisherigen Erkenntnissen zufolge aus dem Schaufenster des Gesch\u00e4fts drei Softairpistolen im Wert von insgesamt etwa 150 Euro. Die H\u00f6he des Sachschadens kann derzeit noch nicht genau beziffert werden.<br \/>\nDas Polizeirevier Herrenberg hat die Ermittlungen aufgenommen und bittet Zeugen, die sachdienliche Hinweise geben k\u00f6nnen, sich unter der Tel. 07032 2708-0 oder per E-Mail an <a href=\"mailto:herrenberg.prev@polizei.bwl.de\" target=\"_blank\" rel=\"noopener\">herrenberg.prev@polizei.bwl.de<\/a> zu melden.<\/p>\n<p style=\"text-align: justify;\"><strong>B\u00f6blingen: Taschendiebst\u00e4hle am Bahnhof<\/strong><br \/>\nIn gleich zwei F\u00e4llen hatten es noch unbekannte T\u00e4ter auf die Geldb\u00f6rsen von Reisenden am Sonntag (19.10.2025) am Bahnhof in B\u00f6blingen abgesehen. Gegen 13.30 Uhr bat einer der T\u00e4ter einem 87-J\u00e4hrigen Hilfe beim Koffertragen an, w\u00e4hrend ein zweiter T\u00e4ter unbemerkt dessen Geldb\u00f6rse stahl. Bei einer 60-J\u00e4hrigen ging das Duo gegen 17.00 Uhr \u00e4hnlich vor und erbeutete auch hier das Portemonnaie der Frau.<br \/>\nIn beiden F\u00e4llen erbeuteten die T\u00e4ter mehrere Hundert Euro Bargeld. Der Dieb, der die Gesch\u00e4digten durch das Anbieten seiner Hilfe ablenkte, wird als etwa 175 bis 180 cm gro\u00df mit sportlicher Statur und dunklen Haaren beschrieben. Er trug eine schwarze Jacke und eine Jeanshose.<br \/>\nZeugen, die sachdienliche Hinweise geben k\u00f6nnen, sowie etwaige weitere Gesch\u00e4digte werden gebeten, sich unter der Tel. 07031 13-2500 oder per E-Mail an <a href=\"mailto:boeblingen.prev@polizei.bwl.de\" target=\"_blank\" rel=\"noopener\">boeblingen.prev@polizei.bwl.de<\/a> beim Polizeirevier B\u00f6blingen zu melden.<\/p>\n<p style=\"text-align: justify;\"><strong>Leonberg: Einbruch in Wohnhaus<\/strong><br \/>\nIn einem Wohngebiet zwischen Keplerstra\u00dfe und Seestra\u00dfe in Leonberg trieben noch unbekannte T\u00e4ter zwischen Freitag (17.10.2025), 13.20 Uhr und Samstag (18.10.2025), 19.15 Uhr in Unwesen. Die Einbrecher hebelten eine Terrassent\u00fcr eines Wohnhauses auf und gelangten so in das Innere. Dort durchsuchten sie das Interieur und entwendeten den bisherigen Erkenntnissen Schmuck, eher sie die Flucht ergriffen. Weder die H\u00f6he des Sachschadens noch der Wert des Diebesgutes k\u00f6nnen derzeit genau beziffert werden.<br \/>\nF\u00fcr sachdienliche Zeugenhinweise stehen beim Polizeirevier Leonberg die Tel. 07152 605-0 sowie die E-Mail-Adresse <a href=\"mailto:leonberg.prev@polizei.bwl.de\" target=\"_blank\" rel=\"noopener\">leonberg.prev@polizei.bwl.de<\/a> zur Verf\u00fcgung.<\/p>\n<hr \/>\n<p>&nbsp;<\/p>\n","protected":false},"excerpt":{"rendered":"<p>Quelle: ots Aidlingen-Deufringen: 37-J\u00e4hriger alkoholisiert in Unfall verwickelt Mutma\u00dflich, da er unter Alkoholeinfluss stand, war ein 37 Jahre alter Fiat-Lenker am fr\u00fchen Freitag (24.10.2025), gegen 00.10 Uhr in Deufringen in einen Verkehrsunfall verwickelt. Im Oberen Wengertweg kam der 37-J\u00e4hrige nach links von der Fahrbahn ab, als er in Richtung Ortsmitte fuhr. Dabei kollidierte er mit [&hellip;]<\/p>\n","protected":false},"author":4,"featured_media":152245,"comment_status":"closed","ping_status":"open","sticky":false,"template":"","format":"standard","meta":{"inline_featured_image":false,"_exactmetrics_skip_tracking":false,"_exactmetrics_sitenote_active":false,"_exactmetrics_sitenote_note":"","_exactmetrics_sitenote_category":0,"footnotes":""},"categories":[11239],"tags":[3061,14857,68,205,1625],"class_list":{"0":"post-158402","1":"post","2":"type-post","3":"status-publish","4":"format-standard","5":"has-post-thumbnail","7":"category-region-boblingen-leonberg","8":"tag-boblingen","9":"tag-die-webzeitung","10":"tag-online-zeitung","11":"tag-polizei","12":"tag-report"},"image_feature":"https:\/\/die-webzeitung.de\/stuttgart\/wp-content\/uploads\/sites\/4\/2024\/02\/Polizei-Pix-scaled.jpg","author_name":"Redaktion","pure_taxonomies":{"categories":[{"term_id":11239,"name":"Polizei-Report B\u00f6blingen","slug":"region-boblingen-leonberg","term_group":0,"term_taxonomy_id":11277,"taxonomy":"category","description":"Polizeiberichte aus der Region des Landkreises B\u00f6blingen","parent":1619,"count":68,"filter":"raw","image":""}],"tags":[{"term_id":3061,"name":"B\u00f6blingen","slug":"boblingen","term_group":0,"term_taxonomy_id":3075,"taxonomy":"post_tag","description":"","parent":0,"count":260,"filter":"raw","image":""},{"term_id":14857,"name":"Die-Webzeitung","slug":"die-webzeitung","term_group":0,"term_taxonomy_id":14876,"taxonomy":"post_tag","description":"","parent":0,"count":3623,"filter":"raw","image":""},{"term_id":68,"name":"Online-Zeitung","slug":"online-zeitung","term_group":0,"term_taxonomy_id":69,"taxonomy":"post_tag","description":"","parent":0,"count":3593,"filter":"raw","image":""},{"term_id":205,"name":"Polizei","slug":"polizei","term_group":0,"term_taxonomy_id":208,"taxonomy":"post_tag","description":"","parent":0,"count":277,"filter":"raw","image":""},{"term_id":1625,"name":"Report","slug":"report","term_group":0,"term_taxonomy_id":1634,"taxonomy":"post_tag","description":"","parent":0,"count":210,"filter":"raw","image":""}]},"_links":{"self":[{"href":"https:\/\/die-webzeitung.de\/stuttgart\/wp-json\/wp\/v2\/posts\/158402","targetHints":{"allow":["GET"]}}],"collection":[{"href":"https:\/\/die-webzeitung.de\/stuttgart\/wp-json\/wp\/v2\/posts"}],"about":[{"href":"https:\/\/die-webzeitung.de\/stuttgart\/wp-json\/wp\/v2\/types\/post"}],"author":[{"embeddable":true,"href":"https:\/\/die-webzeitung.de\/stuttgart\/wp-json\/wp\/v2\/users\/4"}],"replies":[{"embeddable":true,"href":"https:\/\/die-webzeitung.de\/stuttgart\/wp-json\/wp\/v2\/comments?post=158402"}],"version-history":[{"count":9,"href":"https:\/\/die-webzeitung.de\/stuttgart\/wp-json\/wp\/v2\/posts\/158402\/revisions"}],"predecessor-version":[{"id":158457,"href":"https:\/\/die-webzeitung.de\/stuttgart\/wp-json\/wp\/v2\/posts\/158402\/revisions\/158457"}],"wp:featuredmedia":[{"embeddable":true,"href":"https:\/\/die-webzeitung.de\/stuttgart\/wp-json\/wp\/v2\/media\/152245"}],"wp:attachment":[{"href":"https:\/\/die-webzeitung.de\/stuttgart\/wp-json\/wp\/v2\/media?parent=158402"}],"wp:term":[{"taxonomy":"category","embeddable":true,"href":"https:\/\/die-webzeitung.de\/stuttgart\/wp-json\/wp\/v2\/categories?post=158402"},{"taxonomy":"post_tag","embeddable":true,"href":"https:\/\/die-webzeitung.de\/stuttgart\/wp-json\/wp\/v2\/tags?post=158402"}],"curies":[{"name":"wp","href":"https:\/\/api.w.org\/{rel}","templated":true}]}}