{"id":158394,"date":"2025-10-18T19:55:20","date_gmt":"2025-10-18T18:55:20","guid":{"rendered":"https:\/\/die-webzeitung.de\/stuttgart\/?p=158394"},"modified":"2025-10-19T09:27:18","modified_gmt":"2025-10-19T08:27:18","slug":"nick-gumenick-neuer-bezirksvorsteher-von-feuerbach","status":"publish","type":"post","link":"https:\/\/die-webzeitung.de\/stuttgart\/2025\/10\/18\/nick-gumenick-neuer-bezirksvorsteher-von-feuerbach\/","title":{"rendered":"Nick Gumenick neuer Bezirksvorsteher von Feuerbach"},"content":{"rendered":"<h4 style=\"text-align: justify;\"><strong>EBM Mayer f\u00fchrt Gumenick ins Amt ein<\/strong><\/h4>\n<p style=\"text-align: justify;\">Dr. Fabian Mayer f\u00fchrte Nick Gumenick am 16. Oktober als neuen Bezirksvorsteher von Feuerbach ein. Gumenick will den Stadtbezirk weiterentwickeln, Gewerbefl\u00e4chen umwandeln, den Einzelhandel st\u00e4rken und b\u00fcrgerschaftliches Engagement f\u00f6rdern.<\/p>\n<p style=\"text-align: justify;\">Der Erste B\u00fcrgermeister der Landeshauptstadt Stuttgart, Dr. Fabian Mayer, hat am Donnerstag, 16. Oktober, im Bezirksrathaus Feuerbach den neuen Bezirksvorsteher Nick Gumenick in sein Amt eingef\u00fchrt. Der Gemeinderat hatte ihn am 22. Mai mehrheitlich als Nachfolger von Johannes Heberle gew\u00e4hlt.<\/p>\n<p style=\"text-align: justify;\">Als Bezirksvorsteher will Gumenick seine Erfahrungen in der kommunalen Verwaltung einbringen, um Feuerbach als attraktiven Wohn\u2010, Arbeits\u2010 und Lebensort weiterzuentwickeln und das vorhandene Potenzial im Stadtbezirk voll auszusch\u00f6pfen. Dazu geh\u00f6rt f\u00fcr ihn insbesondere die Aufwertung der Stuttgarter Stra\u00dfe, die Umwandlung ausgedienter Gewerbefl\u00e4chen zu lebendigen Quartieren, die St\u00e4rkung des Einzelhandels und der Ausbau einer b\u00fcrgernahen Verwaltung.<\/p>\n<p style=\"text-align: justify;\">Als weiteren Schwerpunkt seiner Arbeit sieht er die Unterst\u00fctzung und F\u00f6rderung des vielf\u00e4ltigen ehrenamtlichen Engagements im Stadtbezirk. \u201eGute Stadtentwicklung gelingt nur gemeinsam \u2013 mit dem Gemeinderat, der Verwaltung, dem Bezirksbeirat, mit einer engagierten B\u00fcrgerschaft und einer starken Vereinslandschaft\u201c, betonte Gumenick in seiner Bewerbungsrede im Gemeinderat.<\/p>\n<p style=\"text-align: justify;\">Nick Gumenick wurde am 15. Februar 1999 in Stuttgart geboren. Nach seinem Bachelor\u2010Studium \u201ePublic Management\u201c an der Hochschule f\u00fcr \u00f6ffentliche Verwaltung in Kehl leitete er von M\u00e4rz 2022 bis August 2025 das Hauptamt der Gemeinde Steinmauern im Landkreis Rastatt. Seit 2024 absolviert er berufsbegleitend den Masterstudiengang \u201ePublic Management\u201c.<\/p>\n<hr \/>\n<p style=\"text-align: justify;\">\n","protected":false},"excerpt":{"rendered":"<p>EBM Mayer f\u00fchrt Gumenick ins Amt ein Dr. Fabian Mayer f\u00fchrte Nick Gumenick am 16. Oktober als neuen Bezirksvorsteher von Feuerbach ein. Gumenick will den Stadtbezirk weiterentwickeln, Gewerbefl\u00e4chen umwandeln, den Einzelhandel st\u00e4rken und b\u00fcrgerschaftliches Engagement f\u00f6rdern. Der Erste B\u00fcrgermeister der Landeshauptstadt Stuttgart, Dr. Fabian Mayer, hat am Donnerstag, 16. Oktober, im Bezirksrathaus Feuerbach den neuen [&hellip;]<\/p>\n","protected":false},"author":4,"featured_media":158395,"comment_status":"closed","ping_status":"open","sticky":false,"template":"","format":"standard","meta":{"inline_featured_image":false,"_exactmetrics_skip_tracking":false,"_exactmetrics_sitenote_active":false,"_exactmetrics_sitenote_note":"","_exactmetrics_sitenote_category":0,"footnotes":""},"categories":[2239],"tags":[12493,14857,18176,68,275],"class_list":{"0":"post-158394","1":"post","2":"type-post","3":"status-publish","4":"format-standard","5":"has-post-thumbnail","7":"category-stuttgart-lokal","8":"tag-bezirksvorsteher","9":"tag-die-webzeitung","10":"tag-feduerbach","11":"tag-online-zeitung","12":"tag-stuttgart"},"image_feature":"https:\/\/die-webzeitung.de\/stuttgart\/wp-content\/uploads\/sites\/4\/2025\/10\/EBM-Mayer-setzt-BV-Nick-Gumenick-ins-Amt-ein-1-Foto-Fabrice-Weichelt-Rechte-LHS-scaled.jpg","author_name":"Redaktion","pure_taxonomies":{"categories":[{"term_id":2239,"name":"Stuttgart","slug":"stuttgart-lokal","term_group":0,"term_taxonomy_id":2252,"taxonomy":"category","description":"Berichte und Informationen aus Stuttgart","parent":1433,"count":941,"filter":"raw","image":""}],"tags":[{"term_id":12493,"name":"Bezirksvorsteher","slug":"bezirksvorsteher","term_group":0,"term_taxonomy_id":12531,"taxonomy":"post_tag","description":"","parent":0,"count":3,"filter":"raw","image":""},{"term_id":14857,"name":"Die-Webzeitung","slug":"die-webzeitung","term_group":0,"term_taxonomy_id":14876,"taxonomy":"post_tag","description":"","parent":0,"count":3623,"filter":"raw","image":""},{"term_id":18176,"name":"Feduerbach","slug":"feduerbach","term_group":0,"term_taxonomy_id":18195,"taxonomy":"post_tag","description":"","parent":0,"count":1,"filter":"raw","image":""},{"term_id":68,"name":"Online-Zeitung","slug":"online-zeitung","term_group":0,"term_taxonomy_id":69,"taxonomy":"post_tag","description":"","parent":0,"count":3593,"filter":"raw","image":""},{"term_id":275,"name":"Stuttgart","slug":"stuttgart","term_group":0,"term_taxonomy_id":281,"taxonomy":"post_tag","description":"","parent":0,"count":1194,"filter":"raw","image":""}]},"_links":{"self":[{"href":"https:\/\/die-webzeitung.de\/stuttgart\/wp-json\/wp\/v2\/posts\/158394","targetHints":{"allow":["GET"]}}],"collection":[{"href":"https:\/\/die-webzeitung.de\/stuttgart\/wp-json\/wp\/v2\/posts"}],"about":[{"href":"https:\/\/die-webzeitung.de\/stuttgart\/wp-json\/wp\/v2\/types\/post"}],"author":[{"embeddable":true,"href":"https:\/\/die-webzeitung.de\/stuttgart\/wp-json\/wp\/v2\/users\/4"}],"replies":[{"embeddable":true,"href":"https:\/\/die-webzeitung.de\/stuttgart\/wp-json\/wp\/v2\/comments?post=158394"}],"version-history":[{"count":1,"href":"https:\/\/die-webzeitung.de\/stuttgart\/wp-json\/wp\/v2\/posts\/158394\/revisions"}],"predecessor-version":[{"id":158396,"href":"https:\/\/die-webzeitung.de\/stuttgart\/wp-json\/wp\/v2\/posts\/158394\/revisions\/158396"}],"wp:featuredmedia":[{"embeddable":true,"href":"https:\/\/die-webzeitung.de\/stuttgart\/wp-json\/wp\/v2\/media\/158395"}],"wp:attachment":[{"href":"https:\/\/die-webzeitung.de\/stuttgart\/wp-json\/wp\/v2\/media?parent=158394"}],"wp:term":[{"taxonomy":"category","embeddable":true,"href":"https:\/\/die-webzeitung.de\/stuttgart\/wp-json\/wp\/v2\/categories?post=158394"},{"taxonomy":"post_tag","embeddable":true,"href":"https:\/\/die-webzeitung.de\/stuttgart\/wp-json\/wp\/v2\/tags?post=158394"}],"curies":[{"name":"wp","href":"https:\/\/api.w.org\/{rel}","templated":true}]}}