{"id":158373,"date":"2025-10-16T07:39:07","date_gmt":"2025-10-16T06:39:07","guid":{"rendered":"https:\/\/die-webzeitung.de\/stuttgart\/?p=158373"},"modified":"2025-10-15T16:39:34","modified_gmt":"2025-10-15T15:39:34","slug":"bad-cannstatt-neue-behelfsbruecke-ueber-den-neckar-ab-ende-oktober","status":"publish","type":"post","link":"https:\/\/die-webzeitung.de\/stuttgart\/2025\/10\/16\/bad-cannstatt-neue-behelfsbruecke-ueber-den-neckar-ab-ende-oktober\/","title":{"rendered":"Bad Cannstatt: Neue Behelfsbr\u00fccke \u00fcber den Neckar ab Ende Oktober"},"content":{"rendered":"<p class=\"m_-5193856068494179548mynewsSubline\" style=\"text-align: justify;\">Stuttgart.| Nach dem Abriss der Rosensteinbr\u00fccke entsteht an gleicher Stelle wieder eine Verbindung \u00fcber den Neckar. Ende Oktober wird die neue Behelfsbr\u00fccke in Bad Cannstatt eingehoben und Mitte November freigegeben.<\/p>\n<div>\n<p style=\"text-align: justify;\">Nach dem Abriss der Rosensteinbr\u00fccke im Juli 2024 entsteht an gleicher Stelle in Bad Cannstatt wieder eine Verbindung \u00fcber den Neckar: Ende Oktober wird dort eine neue Behelfsbr\u00fccke f\u00fcr den Fu\u00df- und Radverkehr montiert. Sie stellt die wichtige Verbindung zwischen Bad Cannstatt, der Wilhelma, dem Rosensteinpark und dem Bereich um die Pragstra\u00dfe wieder her.<\/p>\n<p style=\"text-align: justify;\">Die rund 70 Meter lange und etwa 125 Tonnen schwere Stahlbr\u00fccke wurde in den vergangenen Wochen auf dem Gel\u00e4nde der Firma Kaatsch in Plochingen vormontiert. Dort wurden die vorgefertigten Stahltr\u00e4ger ausgerichtet und miteinander verbunden. Auch der Br\u00fcckenbelag aus glasfaserverst\u00e4rkten Platten, das Gel\u00e4nder sowie Leitungsrohre f\u00fcr Kabel wurden bereits angebracht.<\/p>\n<p style=\"text-align: justify;\">Geplant ist folgender Ablauf: Am Freitag, 24. Oktober, wird die Br\u00fccke mit zwei Mobilkr\u00e4nen auf das Binnenschiff <em>MS Oleander<\/em> verladen. Am darauffolgenden Tag, Samstag, 25. Oktober 2025, erfolgt der Transport \u00fcber den Neckar von Plochingen nach Bad Cannstatt.<\/p>\n<p>Vor Ort wurde bereits der mehr als 1000 Tonnen schwere Mobilkran angeliefert, dessen etwa 100 Meter hoher Ausleger in den kommenden Tagen aufgebaut wird. Das Transportschiff positioniert sich anschlie\u00dfend in der Neckarfahrrinne, stabilisierende Stelzen halten es in seiner Position.<\/p>\n<p>In der Nacht von Sonntag, 26. Oktober, auf Montag, 27. Oktober, wird die Behelfsbr\u00fccke eingehoben. Dabei hebt der Mobilkran die Konstruktion an, richtet sie mit F\u00fchrungsleinen aus und setzt sie auf den vorbereiteten Widerlagern ab.<\/p>\n<p style=\"text-align: justify;\">In den Tagen danach folgt der R\u00fcckbau des Krans und die Wiederherstellung der Rampenbereiche. Geplant ist, dass die Behelfsbr\u00fccke Mitte November f\u00fcr den Fu\u00df- und Radverkehr freigegeben wird.<\/p>\n<p style=\"text-align: justify;\">Die Arbeiten f\u00fchrt das Bauunternehmen Max Wild GmbH aus Berkheim im Auftrag der Landeshauptstadt Stuttgart aus. Die Vormontage \u00fcbernahm die Firma Kaatsch in Plochingen.<\/p>\n<hr \/>\n<p style=\"text-align: justify;\">\n<\/div>\n","protected":false},"excerpt":{"rendered":"<p>Stuttgart.| Nach dem Abriss der Rosensteinbr\u00fccke entsteht an gleicher Stelle wieder eine Verbindung \u00fcber den Neckar. Ende Oktober wird die neue Behelfsbr\u00fccke in Bad Cannstatt eingehoben und Mitte November freigegeben. Nach dem Abriss der Rosensteinbr\u00fccke im Juli 2024 entsteht an gleicher Stelle in Bad Cannstatt wieder eine Verbindung \u00fcber den Neckar: Ende Oktober wird dort [&hellip;]<\/p>\n","protected":false},"author":4,"featured_media":158374,"comment_status":"closed","ping_status":"open","sticky":false,"template":"","format":"standard","meta":{"inline_featured_image":false,"_exactmetrics_skip_tracking":false,"_exactmetrics_sitenote_active":false,"_exactmetrics_sitenote_note":"","_exactmetrics_sitenote_category":0,"footnotes":""},"categories":[2239],"tags":[10126,18174,14857,68,17780,275],"class_list":{"0":"post-158373","1":"post","2":"type-post","3":"status-publish","4":"format-standard","5":"has-post-thumbnail","7":"category-stuttgart-lokal","8":"tag-bad-cannstatt","9":"tag-behelfsbruecke","10":"tag-die-webzeitung","11":"tag-online-zeitung","12":"tag-rosensteinbruecke","13":"tag-stuttgart"},"image_feature":"https:\/\/die-webzeitung.de\/stuttgart\/wp-content\/uploads\/sites\/4\/2025\/10\/bridge-7989080_1280-scaled.jpg","author_name":"Redaktion","pure_taxonomies":{"categories":[{"term_id":2239,"name":"Stuttgart","slug":"stuttgart-lokal","term_group":0,"term_taxonomy_id":2252,"taxonomy":"category","description":"Berichte und Informationen aus Stuttgart","parent":1433,"count":941,"filter":"raw","image":""}],"tags":[{"term_id":10126,"name":"Bad Cannstatt","slug":"bad-cannstatt","term_group":0,"term_taxonomy_id":10157,"taxonomy":"post_tag","description":"","parent":0,"count":10,"filter":"raw","image":""},{"term_id":18174,"name":"Behelfsbr\u00fccke","slug":"behelfsbruecke","term_group":0,"term_taxonomy_id":18193,"taxonomy":"post_tag","description":"","parent":0,"count":2,"filter":"raw","image":""},{"term_id":14857,"name":"Die-Webzeitung","slug":"die-webzeitung","term_group":0,"term_taxonomy_id":14876,"taxonomy":"post_tag","description":"","parent":0,"count":3623,"filter":"raw","image":""},{"term_id":68,"name":"Online-Zeitung","slug":"online-zeitung","term_group":0,"term_taxonomy_id":69,"taxonomy":"post_tag","description":"","parent":0,"count":3593,"filter":"raw","image":""},{"term_id":17780,"name":"Rosensteinbr\u00fccke","slug":"rosensteinbruecke","term_group":0,"term_taxonomy_id":17799,"taxonomy":"post_tag","description":"","parent":0,"count":3,"filter":"raw","image":""},{"term_id":275,"name":"Stuttgart","slug":"stuttgart","term_group":0,"term_taxonomy_id":281,"taxonomy":"post_tag","description":"","parent":0,"count":1194,"filter":"raw","image":""}]},"_links":{"self":[{"href":"https:\/\/die-webzeitung.de\/stuttgart\/wp-json\/wp\/v2\/posts\/158373","targetHints":{"allow":["GET"]}}],"collection":[{"href":"https:\/\/die-webzeitung.de\/stuttgart\/wp-json\/wp\/v2\/posts"}],"about":[{"href":"https:\/\/die-webzeitung.de\/stuttgart\/wp-json\/wp\/v2\/types\/post"}],"author":[{"embeddable":true,"href":"https:\/\/die-webzeitung.de\/stuttgart\/wp-json\/wp\/v2\/users\/4"}],"replies":[{"embeddable":true,"href":"https:\/\/die-webzeitung.de\/stuttgart\/wp-json\/wp\/v2\/comments?post=158373"}],"version-history":[{"count":2,"href":"https:\/\/die-webzeitung.de\/stuttgart\/wp-json\/wp\/v2\/posts\/158373\/revisions"}],"predecessor-version":[{"id":158376,"href":"https:\/\/die-webzeitung.de\/stuttgart\/wp-json\/wp\/v2\/posts\/158373\/revisions\/158376"}],"wp:featuredmedia":[{"embeddable":true,"href":"https:\/\/die-webzeitung.de\/stuttgart\/wp-json\/wp\/v2\/media\/158374"}],"wp:attachment":[{"href":"https:\/\/die-webzeitung.de\/stuttgart\/wp-json\/wp\/v2\/media?parent=158373"}],"wp:term":[{"taxonomy":"category","embeddable":true,"href":"https:\/\/die-webzeitung.de\/stuttgart\/wp-json\/wp\/v2\/categories?post=158373"},{"taxonomy":"post_tag","embeddable":true,"href":"https:\/\/die-webzeitung.de\/stuttgart\/wp-json\/wp\/v2\/tags?post=158373"}],"curies":[{"name":"wp","href":"https:\/\/api.w.org\/{rel}","templated":true}]}}