{"id":158337,"date":"2025-10-13T09:09:15","date_gmt":"2025-10-13T08:09:15","guid":{"rendered":"https:\/\/die-webzeitung.de\/stuttgart\/2025\/10\/13\/barock-volleys-loesen-das-pokalticket\/"},"modified":"2025-10-13T09:09:15","modified_gmt":"2025-10-13T08:09:15","slug":"barock-volleys-loesen-das-pokalticket","status":"publish","type":"post","link":"https:\/\/die-webzeitung.de\/stuttgart\/2025\/10\/13\/barock-volleys-loesen-das-pokalticket\/","title":{"rendered":"Barock Volleys l\u00f6sen das Pokalticket"},"content":{"rendered":"<div style=\"text-align: justify;\"><b>Trotz eines nerv\u00f6sen Starts zieht der Aufsteiger aus Ludwigsburg mit einem souver\u00e4nen 3:1-Sieg gegen den ASV Dachau ins Pokal-Achtelfinale ein.<\/b><\/div>\n<div><\/div>\n<div style=\"text-align: justify;\">Am Ende war es dann doch eine klare Angelegenheit: In einer spannenden Partie mit nerv\u00f6sem Start setzte sich der Aufsteiger Barock Volleys MTV Ludwigsburg gegen den Erstligisten ASV Dachau mit einem souver\u00e4nen 3:1-Erfolg (21:25, 29:27, 25:17, 25:15) durch und zieht damit ins Achtelfinale des DVV-Pokalwettbewerbs ein, das am 8.\/9. November ausgespielt wird.<\/div>\n<div><\/div>\n<div style=\"text-align: justify;\"><b>Ludwigsburg fand nur schwer ins Spiel<\/b><\/div>\n<div><\/div>\n<div style=\"text-align: justify;\">Ludwigsburgs Trainer Hasse Mattila zeigte sich nicht ganz zufrieden, aber erleichtert \u00fcber das Ergebnis: \u201eDas erste offizielle Spiel war so spannend und nervenaufreibend, wie ich es erwartet hatte. In den ersten beiden S\u00e4tzen hatten wir gro\u00dfe Probleme mit unserem Aufschlag. Nach zwei S\u00e4tzen klappte unser eigener Aufschlag besser und auch unser Block und unsere Verteidigung liefen besser. Nat\u00fcrlich bin ich sehr stolz auf unsere Jungs, wie sie zur\u00fcckgek\u00e4mpft und den Sieg errungen haben. Schlie\u00dflich z\u00e4hlt nur das Ergebnis.\u201c In der n\u00e4chsten Pokalrunde trifft Ludwigsburg ausw\u00e4rts auf den Sieger aus dem Regionalpokalspiel S\u00fcdwest-Ost, der das Achtelfinale ausrichten wird.<\/div>\n<div><\/div>\n<div style=\"text-align: justify;\"><b>Dachau ohne Diagonalangreifer B\u00fcchi<\/b><\/div>\n<div><\/div>\n<div style=\"text-align: justify;\">Dabei begann das Spiel durchaus kurios: Gleich beim ersten Punkt nahm Ludwigsburgs Trainer Hasse Mattila eine Challenge, die allerdings zu Gunsten Dachaus ausfiel. Die Barock Volleys starteten sehr nerv\u00f6s, lagen schnell 3:8 zur\u00fcck. Beim Stand von 8:12 nahm Mattila bereits seine zweite Challenge, die erneut zugunsten des Gegners ausfiel, sodass ihm keine weitere mehr zur Verf\u00fcgung stand. Dachau setzte Ludwigsburg mit starken Aufschl\u00e4gen unter Druck, Ludwigsburg gelang zu diesem Zeitpunkt nicht viel und lief einem R\u00fcckstand (9:15) hinterher. Aufschlagfehler reihte sich an Aufschlagfehler, Ludwigsburg fand auch keinen Zugriff im Block. Die Dachauer, die ohne die verletzten Neuzug\u00e4nge Carlos Jimenez und Marius B\u00fcchi auskommen mussten und von ihrem Kapit\u00e4n Tobias Besenb\u00f6ck angef\u00fchrt wurden, punkteten dagegen routiniert und entschieden den ersten Satz mit 25:21 zu ihren Gunsten.<\/div>\n<div><\/div>\n<div style=\"text-align: justify;\"><b>\u201eLudwigsburg ist kein normaler Aufsteiger\u201c<\/b><\/div>\n<div><\/div>\n<div style=\"text-align: justify;\">Doch Dachaus Trainer Patrik Steuerwald hatte vor der Partie bereits gewarnt: \u201eLudwigsburg ist kein normaler Aufsteiger, kommt schon mit sehr guten Rahmenbedingungen und einem starken Kader in die Liga.\u201c Auch Zuspieler Severin Brandt wusste um die schwere Aufgabe: \u201eLudwigsburg hat sich wirklich ein gutes Team zusammengestellt und wir haben nun die Aufgabe, sie direkt ins Wackeln zu bringen und zu \u00e4rgern.\u201c Im zweiten Satz gelang dies dem Gast aus Bayern allerdings dann nicht mehr. Die Ludwigsburger Angreifer um Kapit\u00e4n Ben-Simon Bonin fanden nun besser ins Spiel, die Durchschlagkraft \u00fcber Schnellangriffe von Mittelblocker Jan Huber und Philipp Herrmann f\u00fchrten immer wieder zum Erfolg. Die Crunchtime gestaltete sich dann zum Krimi: Insgesamt vier Satzb\u00e4lle konnte Ludwigsburg nicht nutzen, bevor Kapit\u00e4n Bonin mit einem krachenden Angriff zum 29:27 und damit zum 1:1-Satzausgleich besorgte.<\/div>\n<div><\/div>\n<div style=\"text-align: justify;\"><b>Ab dem dritten Satz zeigt Ludwigsburg sein Potenzial\u00a0\u00a0<\/b><\/div>\n<div><\/div>\n<div style=\"text-align: justify;\">In Satz 3 l\u00f6sten die Barock Volleys dann die Handbremse und spielten befreiter auf. Mit zwei Aufschlagserien setzten Philipp Herrmann und Zuspieler Tomi Saarinen den Gegner unter Druck (12:6). Beim 13:6 gab es dann den ersten offiziellen Huber-Faust-Jubel von Mittelblocker Jan Huber nach einem krachenden Schnellangriff durch die Mitte. Die Eigenfehler auf Dachauer Seite h\u00e4uften sich. Au\u00dfenangreifer Tim K\u00f6pfli baute die F\u00fchrung zum 23:16 aus, bevor erneut Kapit\u00e4n Bonin den Schlusspunkt zum 25:17 und der 2:1-F\u00fchrung setzte. In Satz vier gingen die Barock Volleys dann schnell mit guten Aufschl\u00e4gen, stabiler Blockarbeit und starken Angriffen mit 12:5 in F\u00fchrung. Der Gegner fand kein Mittel mehr, Ludwigsburg spielte stabil und zeigte seine Qualit\u00e4t im Kader. Mit einem deutlichen 25:15 ging der Satz und damit der Sieg an den Aufsteiger.<\/div>\n<div><\/div>\n<div style=\"text-align: justify;\"><b>Im n\u00e4chsten Spiel wartet der Vizemeister L\u00fcneburg<\/b><\/div>\n<div><\/div>\n<div style=\"text-align: justify;\">\u201eEs war ein sehr z\u00e4hes, kampfbetontes Spiel mit aus unserer Sicht sehr viel Entwicklungspotenzial nach oben\u201c, bilanzierte Ludwigsburgs Sportdirektor Michael Dornheim nach dem Spiel \u2013 und sieht eine entsprechend intensive Trainingswoche vor der Mannschaft. Eines steht fest: Im n\u00e4chsten Spiel muss der Aufsteiger eine deutliche Leistungssteigerung zeigen, denn dann wartet kein geringerer Gegner als der deutsche Vizemeister SVG L\u00fcneburg: Im ersten regul\u00e4ren Saisonspiel der 1. Bundesliga empfangen die Ludwigsburger zum Saison-Auftakt am 21. Oktober (19 Uhr) den Champions-League-Teilnehmer in der MHP Arena \u2013 ein echter Volleyballkracher, den man sich nicht entgehen lassen sollte.<\/p>\n<hr \/>\n<\/div>\n","protected":false},"excerpt":{"rendered":"<p>Trotz eines nerv\u00f6sen Starts zieht der Aufsteiger aus Ludwigsburg mit einem souver\u00e4nen 3:1-Sieg gegen den ASV Dachau ins Pokal-Achtelfinale ein. Am Ende war es dann doch eine klare Angelegenheit: In einer spannenden Partie mit nerv\u00f6sem Start setzte sich der Aufsteiger Barock Volleys MTV Ludwigsburg gegen den Erstligisten ASV Dachau mit einem souver\u00e4nen 3:1-Erfolg (21:25, 29:27, [&hellip;]<\/p>\n","protected":false},"author":4,"featured_media":158338,"comment_status":"closed","ping_status":"open","sticky":false,"template":"","format":"standard","meta":{"inline_featured_image":false,"_exactmetrics_skip_tracking":false,"_exactmetrics_sitenote_active":false,"_exactmetrics_sitenote_note":"","_exactmetrics_sitenote_category":0,"footnotes":""},"categories":[59,110],"tags":[9422,131,14857,6,68,10629,17585],"class_list":{"0":"post-158337","1":"post","2":"type-post","3":"status-publish","4":"format-standard","5":"has-post-thumbnail","7":"category-aktuell","8":"category-sport","9":"tag-barock","10":"tag-bundesliga","11":"tag-die-webzeitung","12":"tag-ludwigsburg","13":"tag-online-zeitung","14":"tag-volleyball","15":"tag-volleys"},"image_feature":"https:\/\/die-webzeitung.de\/stuttgart\/wp-content\/uploads\/sites\/4\/2025\/10\/95e6531b-0662-4bf2-9c86-ba7ecb0d6d13-scaled.jpg","author_name":"Redaktion","pure_taxonomies":{"categories":[{"term_id":59,"name":"Aktuell","slug":"aktuell","term_group":0,"term_taxonomy_id":60,"taxonomy":"category","description":"","parent":0,"count":1017,"filter":"raw","image":""},{"term_id":110,"name":"Sport","slug":"sport","term_group":0,"term_taxonomy_id":112,"taxonomy":"category","description":"Sportberichte","parent":0,"count":1043,"filter":"raw","image":""}],"tags":[{"term_id":9422,"name":"barock","slug":"barock","term_group":0,"term_taxonomy_id":9451,"taxonomy":"post_tag","description":"","parent":0,"count":11,"filter":"raw","image":""},{"term_id":131,"name":"Bundesliga","slug":"bundesliga","term_group":0,"term_taxonomy_id":133,"taxonomy":"post_tag","description":"","parent":0,"count":699,"filter":"raw","image":""},{"term_id":14857,"name":"Die-Webzeitung","slug":"die-webzeitung","term_group":0,"term_taxonomy_id":14876,"taxonomy":"post_tag","description":"","parent":0,"count":3623,"filter":"raw","image":""},{"term_id":6,"name":"Ludwigsburg","slug":"ludwigsburg","term_group":0,"term_taxonomy_id":6,"taxonomy":"post_tag","description":"","parent":0,"count":180,"filter":"raw","image":""},{"term_id":68,"name":"Online-Zeitung","slug":"online-zeitung","term_group":0,"term_taxonomy_id":69,"taxonomy":"post_tag","description":"","parent":0,"count":3593,"filter":"raw","image":""},{"term_id":10629,"name":"Volleyball","slug":"volleyball","term_group":0,"term_taxonomy_id":10665,"taxonomy":"post_tag","description":"","parent":0,"count":90,"filter":"raw","image":""},{"term_id":17585,"name":"Volleys","slug":"volleys","term_group":0,"term_taxonomy_id":17604,"taxonomy":"post_tag","description":"","parent":0,"count":9,"filter":"raw","image":""}]},"_links":{"self":[{"href":"https:\/\/die-webzeitung.de\/stuttgart\/wp-json\/wp\/v2\/posts\/158337","targetHints":{"allow":["GET"]}}],"collection":[{"href":"https:\/\/die-webzeitung.de\/stuttgart\/wp-json\/wp\/v2\/posts"}],"about":[{"href":"https:\/\/die-webzeitung.de\/stuttgart\/wp-json\/wp\/v2\/types\/post"}],"author":[{"embeddable":true,"href":"https:\/\/die-webzeitung.de\/stuttgart\/wp-json\/wp\/v2\/users\/4"}],"replies":[{"embeddable":true,"href":"https:\/\/die-webzeitung.de\/stuttgart\/wp-json\/wp\/v2\/comments?post=158337"}],"version-history":[{"count":0,"href":"https:\/\/die-webzeitung.de\/stuttgart\/wp-json\/wp\/v2\/posts\/158337\/revisions"}],"wp:featuredmedia":[{"embeddable":true,"href":"https:\/\/die-webzeitung.de\/stuttgart\/wp-json\/wp\/v2\/media\/158338"}],"wp:attachment":[{"href":"https:\/\/die-webzeitung.de\/stuttgart\/wp-json\/wp\/v2\/media?parent=158337"}],"wp:term":[{"taxonomy":"category","embeddable":true,"href":"https:\/\/die-webzeitung.de\/stuttgart\/wp-json\/wp\/v2\/categories?post=158337"},{"taxonomy":"post_tag","embeddable":true,"href":"https:\/\/die-webzeitung.de\/stuttgart\/wp-json\/wp\/v2\/tags?post=158337"}],"curies":[{"name":"wp","href":"https:\/\/api.w.org\/{rel}","templated":true}]}}