{"id":158334,"date":"2025-10-13T08:55:44","date_gmt":"2025-10-13T07:55:44","guid":{"rendered":"https:\/\/die-webzeitung.de\/stuttgart\/?p=158334"},"modified":"2025-10-13T08:55:44","modified_gmt":"2025-10-13T07:55:44","slug":"vorlaeufige-abschlussbilanz-der-polizei-zum-178-cannstatter-volksfest","status":"publish","type":"post","link":"https:\/\/die-webzeitung.de\/stuttgart\/2025\/10\/13\/vorlaeufige-abschlussbilanz-der-polizei-zum-178-cannstatter-volksfest\/","title":{"rendered":"Vorl\u00e4ufige Abschlussbilanz der Polizei zum 178. Cannstatter Volksfest"},"content":{"rendered":"<p style=\"text-align: justify;\">Stuttgart- Bad Cannstatt.|\u00a0Eine positive Bilanz ziehen Innenminister Thomas Strobl und das Polizeipr\u00e4sidium Stuttgart aus dem bisherigen Verlauf des diesj\u00e4hrigen 178. Cannstatter Volksfestes, das am Sonntag (12. Oktober 2025) zu Ende geht.<\/p>\n<p style=\"text-align: justify;\">&#8220;Jahr f\u00fcr Jahr zieht das Cannstatter Volksfest Millionen von Besucherinnen und Besuchern an, die hier ganz \u00fcberwiegend friedlich und ausgelassen feiern. Unsere Sicherheitsbeh\u00f6rden arbeiten hart, um ein sicheres und friedliches Fest f\u00fcr alle zu gew\u00e4hrleisten. Gewaltsame Auseinandersetzungen, wie die Streitigkeiten unter Schausteller-Familien am 6. Oktober 2025, waren gl\u00fccklicherweise auch in diesem Jahr die gro\u00dfe Ausnahme. Durch den schnellen und professionellen Einsatz unserer Polizei konnte Schlimmeres verhindert werden. Leider wurden dabei mehrere Polizeibeamtinnen und Polizeibeamte verletzt. Den Verletzten w\u00fcnsche ich eine baldige Genesung. Wir werden die Vorf\u00e4lle sehr genau aufkl\u00e4ren, denn bei Gewalt gegen Polizistinnen und Polizisten gibt es exakt Null Toleranz &#8211; v\u00f6llig egal von wem es ausgeht. Mein Dank gilt allen beteiligten Einsatzkr\u00e4ften f\u00fcr ihre erneut so beherzte und professionelle Arbeit.&#8221;, so Innenminister Thomas Strobl.<\/p>\n<p style=\"text-align: justify;\">W\u00e4hrend die Zahl der Diebstahlsdelikte etwa auf dem Niveau wie im Vorjahr geblieben und bei den Sexualdelikten erfreulicherweise ein R\u00fcckgang zu verzeichnen ist, stieg die Zahl der Aggressionsdelikte. Vor allem Angriffe gegen Polizeibeamte und Widerstandshandlungen nahmen zu. Bei der Bundesligabegegnung des VfB Stuttgart gegen den 1. FC Heidenheim gab es keine besonderen Vorkommnisse, lediglich die Verkehrslage im Bereich des Neckarparks war an dem Spieltag angespannt, obwohl viele Besucherinnen und Besucher mit \u00f6ffentlichen Verkehrsmitteln anreisten. Am Tag der deutschen Einheit war der Andrang der Besucher so gro\u00df, dass sich die Verantwortlichen entschlossen, die Zug\u00e4nge f\u00fcr zwei Stunden zu sperren. Dies sorgte verst\u00e4ndlicherweise f\u00fcr Unmut bei denen, die nicht eingelassen wurden. Die Sicherheit der Besucher geht aber einfach vor. Auch am 11. Oktober herrschte enormer Andrang, der dank eines funktionierenden Sicherheitskonzeptes ohne besondere Vorkommnisse verlief und nur zu kurzzeitigen, vereinzelten Sperrungen f\u00fchrte. Einen kleinen Schatten warf die Auseinandersetzung mehrerer Schaustellerfamilien auf das sonst \u00fcberwiegend friedliche Fest, als diese nach der offiziellen \u00d6ffnungszeit zuerst aufeinander, dann auf den Sicherheitsdienst und schlie\u00dflich auf die Polizei losgingen. Acht Polizeibeamte, vier Sicherheitsdienstmitarbeiter und mehrere Anzeigen waren das unr\u00fchmliche Fazit.<\/p>\n<p style=\"text-align: justify;\">Dennoch blickt Polizeipr\u00e4sident Markus Eisenbraun zufrieden auf das Volksfest zur\u00fcck: &#8220;Mit ihrer professionellen Zusammenarbeit sorgten auch in diesem Jahr Landes- und Bundespolizei, Rettungsdienst, Feuerwehr und die Sicherheitsdienste des Veranstalters daf\u00fcr, dass der eigentliche Zweck &#8211; ein friedliches und rauschendes Fest f\u00fcr das Volk &#8211; erf\u00fcllt wurde. Die Situationen, die dem entgegenstanden, konnten schnell bereinigt werden, werden nun intensiv aufgearbeitet und der Staatsanwaltschaft zur abschlie\u00dfenden Bewertung vorgelegt. Ich m\u00f6chte aber klar betonen, dass ich f\u00fcr Angriffe auf unsere Kolleginnen und Kollegen keinerlei Verst\u00e4ndnis habe, egal wie aufgeheizt eine Situation sein mag. Allen Beteiligten sollte klar sein, dass Angriffe auf Staatsorgane eine sofortige entschiedene Konsequenz von unseren Einsatzkr\u00e4ften und anschlie\u00dfende strafrechtliche Ermittlungen zur Folge haben.&#8221;.<\/p>\n<p style=\"text-align: justify;\">Auch dieses Jahr wurden, neben den Zugangskontrollen des Veranstalters, Personenkontrollen durch uniformierte aber auch zivile Polizeibeamte durchgef\u00fchrt. &#8220;Dass diese Kontrollen notwendig sind, zeigt der Anstieg bei den Verst\u00f6\u00dfen gegen das Waffengesetz. Jedes Messer, das unsere Kolleginnen und Kollegen aus dem Verkehr gezogen haben, hat zur Sicherheit auf dem Volksfest beigetragen&#8221;, so der Polizeipr\u00e4sident.<\/p>\n<p style=\"text-align: justify;\">Das Zusammenspiel der Zugangskontrollen, der uniformierten und zivilen Streifen, der Video\u00fcberwachung und der guten Pr\u00e4ventions- und Aufkl\u00e4rungsarbeit hat sich erneut als erfolgreich gezeigt. &#8220;Mein Dank gilt nicht nur den Kolleginnen und Kollegen unseres Pr\u00e4sidiums, die hochmotiviert f\u00fcr Sicherheit gesorgt haben, sondern auch den Kolleginnen und Kollegen des Polizeipr\u00e4sidiums Einsatz und unserer Sicherheitspartner, die uns w\u00e4hrend des gesamten Volksfesteinsatzes unterst\u00fctzt haben&#8221; sagte Markus Eisenbraun.<\/p>\n<hr \/>\n<p style=\"text-align: justify;\">\n","protected":false},"excerpt":{"rendered":"<p>Stuttgart- Bad Cannstatt.|\u00a0Eine positive Bilanz ziehen Innenminister Thomas Strobl und das Polizeipr\u00e4sidium Stuttgart aus dem bisherigen Verlauf des diesj\u00e4hrigen 178. Cannstatter Volksfestes, das am Sonntag (12. Oktober 2025) zu Ende geht. &#8220;Jahr f\u00fcr Jahr zieht das Cannstatter Volksfest Millionen von Besucherinnen und Besuchern an, die hier ganz \u00fcberwiegend friedlich und ausgelassen feiern. Unsere Sicherheitsbeh\u00f6rden arbeiten [&hellip;]<\/p>\n","protected":false},"author":4,"featured_media":151012,"comment_status":"closed","ping_status":"open","sticky":false,"template":"","format":"standard","meta":{"inline_featured_image":false,"_exactmetrics_skip_tracking":false,"_exactmetrics_sitenote_active":false,"_exactmetrics_sitenote_note":"","_exactmetrics_sitenote_category":0,"footnotes":""},"categories":[2239],"tags":[3252,14857,68,205,275,9164],"class_list":{"0":"post-158334","1":"post","2":"type-post","3":"status-publish","4":"format-standard","5":"has-post-thumbnail","7":"category-stuttgart-lokal","8":"tag-cannstatt","9":"tag-die-webzeitung","10":"tag-online-zeitung","11":"tag-polizei","12":"tag-stuttgart","13":"tag-volksfest"},"image_feature":"https:\/\/die-webzeitung.de\/stuttgart\/wp-content\/uploads\/sites\/4\/2023\/09\/cannstatter-wasen-61623_1280-scaled.jpg","author_name":"Redaktion","pure_taxonomies":{"categories":[{"term_id":2239,"name":"Stuttgart","slug":"stuttgart-lokal","term_group":0,"term_taxonomy_id":2252,"taxonomy":"category","description":"Berichte und Informationen aus Stuttgart","parent":1433,"count":941,"filter":"raw","image":""}],"tags":[{"term_id":3252,"name":"Cannstatt","slug":"cannstatt","term_group":0,"term_taxonomy_id":3267,"taxonomy":"post_tag","description":"","parent":0,"count":12,"filter":"raw","image":""},{"term_id":14857,"name":"Die-Webzeitung","slug":"die-webzeitung","term_group":0,"term_taxonomy_id":14876,"taxonomy":"post_tag","description":"","parent":0,"count":3623,"filter":"raw","image":""},{"term_id":68,"name":"Online-Zeitung","slug":"online-zeitung","term_group":0,"term_taxonomy_id":69,"taxonomy":"post_tag","description":"","parent":0,"count":3593,"filter":"raw","image":""},{"term_id":205,"name":"Polizei","slug":"polizei","term_group":0,"term_taxonomy_id":208,"taxonomy":"post_tag","description":"","parent":0,"count":277,"filter":"raw","image":""},{"term_id":275,"name":"Stuttgart","slug":"stuttgart","term_group":0,"term_taxonomy_id":281,"taxonomy":"post_tag","description":"","parent":0,"count":1194,"filter":"raw","image":""},{"term_id":9164,"name":"Volksfest","slug":"volksfest","term_group":0,"term_taxonomy_id":9191,"taxonomy":"post_tag","description":"","parent":0,"count":10,"filter":"raw","image":""}]},"_links":{"self":[{"href":"https:\/\/die-webzeitung.de\/stuttgart\/wp-json\/wp\/v2\/posts\/158334","targetHints":{"allow":["GET"]}}],"collection":[{"href":"https:\/\/die-webzeitung.de\/stuttgart\/wp-json\/wp\/v2\/posts"}],"about":[{"href":"https:\/\/die-webzeitung.de\/stuttgart\/wp-json\/wp\/v2\/types\/post"}],"author":[{"embeddable":true,"href":"https:\/\/die-webzeitung.de\/stuttgart\/wp-json\/wp\/v2\/users\/4"}],"replies":[{"embeddable":true,"href":"https:\/\/die-webzeitung.de\/stuttgart\/wp-json\/wp\/v2\/comments?post=158334"}],"version-history":[{"count":1,"href":"https:\/\/die-webzeitung.de\/stuttgart\/wp-json\/wp\/v2\/posts\/158334\/revisions"}],"predecessor-version":[{"id":158335,"href":"https:\/\/die-webzeitung.de\/stuttgart\/wp-json\/wp\/v2\/posts\/158334\/revisions\/158335"}],"wp:featuredmedia":[{"embeddable":true,"href":"https:\/\/die-webzeitung.de\/stuttgart\/wp-json\/wp\/v2\/media\/151012"}],"wp:attachment":[{"href":"https:\/\/die-webzeitung.de\/stuttgart\/wp-json\/wp\/v2\/media?parent=158334"}],"wp:term":[{"taxonomy":"category","embeddable":true,"href":"https:\/\/die-webzeitung.de\/stuttgart\/wp-json\/wp\/v2\/categories?post=158334"},{"taxonomy":"post_tag","embeddable":true,"href":"https:\/\/die-webzeitung.de\/stuttgart\/wp-json\/wp\/v2\/tags?post=158334"}],"curies":[{"name":"wp","href":"https:\/\/api.w.org\/{rel}","templated":true}]}}