{"id":158326,"date":"2025-10-13T09:27:43","date_gmt":"2025-10-13T08:27:43","guid":{"rendered":"https:\/\/die-webzeitung.de\/stuttgart\/?p=158326"},"modified":"2025-10-19T17:06:40","modified_gmt":"2025-10-19T16:06:40","slug":"polizei-report-kreis-esslingen-woche-42-4","status":"publish","type":"post","link":"https:\/\/die-webzeitung.de\/stuttgart\/2025\/10\/13\/polizei-report-kreis-esslingen-woche-42-4\/","title":{"rendered":"Polizei-Report Kreis Esslingen | Woche 42"},"content":{"rendered":"<p><em>Quelle: ots<\/em><\/p>\n<p style=\"text-align: justify;\"><strong>Filderstadt-Sielmingen: Kollision mit Gegenverkehr<br \/>\n<\/strong>Ein Leichtverletzter sowie Sachschaden von gesch\u00e4tzten 40.000 Euro sind die Folgen eines Verkehrsunfalls, der sich am Samstagmorgen in der Ortsmitte von Sielmingen ereignet hat. Ein 81-J\u00e4hriger war kurz nach 9 Uhr mit seinem Mercedes GLK auf der Sielminger Hauptstra\u00dfe unterwegs und wollte einen vorausfahrenden Kleintransporter \u00fcberholen. Hierbei \u00fcbersah er den entgegenkommenden Skoda Fabia eines 46-J\u00e4hrigen. Dieser versuchte noch nach rechts auszuweichen, konnte aber eine Kollision der beiden Fahrzeuge nicht mehr vermeiden. Die Fahrer wurden vor Ort vom Rettungsdienst versorgt, der 81-j\u00e4hrige Unfallverursacher musste nachfolgend zur weiteren Untersuchung in ein Krankenhaus gebracht werden. Beide Pkw waren nach dem Unfall so schwer besch\u00e4digt, dass sie von Abschleppdiensten geborgen werden mussten.<\/p>\n<p style=\"text-align: justify;\"><strong>Frickenhausen: Polizeibeamte angegriffen<br \/>\n<\/strong>Mit einem renitenten 43-J\u00e4hrigen hatten es Beamte des Polizeireviers N\u00fcrtingen in der Nacht zum Sonntag zu tun. Zun\u00e4chst geriet der stark betrunkene Mann kurz vor 2 Uhr w\u00e4hrend einer Taxifahrt von Wendlingen nach Frickenhausen mit seiner Ehefrau in Streit, woraufhin der Taxifahrer anhielt und die Streitenden austeigen lie\u00df. Die Beiden entfernten sich anschlie\u00dfend zu Fu\u00df ohne die Fahrtkosten zu bezahlen. Eine zwischenzeitlich alarmierte Polizeistreife konnte den 43-J\u00e4hrigen in der Folge in der Hauptstra\u00dfe feststellen. Dieser verhielt sich \u00e4u\u00dferst unkooperativ und aggressiv, so dass er schlie\u00dflich in Gewahrsam genommen wurde. Hierbei kam es zu Fu\u00dftritten und Beleidigungen gegen die eingesetzten Beamten. Im Anschluss musste der 43-J\u00e4hrige die Nacht in einer Arrestzelle verbringen. Er sieht nun mehreren Straftanzeigen entgegen.<\/p>\n<p style=\"text-align: justify;\"><strong>Lenningen: Nach \u00dcberholman\u00f6ver gefl\u00fcchtet (Zeugenaufruf)<br \/>\n<\/strong>Zeugen eines Verkehrsunfalls, der sich am Samstagmittag auf der Ochsenwanger Steige ereignet hat, werden gebeten sich unter der Telefonnummer 07021\/501-0 beim Polizeirevier Kirchheim unter Teck zu melden. Gegen 13.45 Uhr \u00fcberholte ein bislang unbekannter Fahrzeuglenker mit \u00fcberh\u00f6hter Geschwindigkeit auf einem geraden Teilst\u00fcck der Kreisstra\u00dfe 1250 bergaufw\u00e4rts kurz vor Ochsenwang eine aus mehreren Fahrzeugen bestehende Fahrzeugkolonne. Zeitglich befuhr ein 34-j\u00e4hriger Lenker eines VW Caddy die Steige entgegengesetzt in Richtung Bissingen an der Teck. Der 34-J\u00e4hrige erkannte das waghalsige \u00dcberholman\u00f6ver und bremste sein Fahrzeug bis zum Stillstand ab. Der entgegenkommende Pkw scherte unmittelbar vor dem Caddy wieder ein, streifte hierbei jedoch mit seinem linken Au\u00dfenspiel die Motorhaube des VW. Anschlie\u00dfend setzte er seine Fahrt ohne anzuhalten fort. Nach Angaben des Gesch\u00e4digten k\u00f6nnte das Verursacherfahrzeug ein dunkler VW Golf mit m\u00f6glicherweise Schweizer Zulassung sein. Der entstandene Sachschaden am VW Caddy bel\u00e4uft sich auf etwa 150 Euro.<\/p>\n<p style=\"text-align: justify;\"><strong>Filderstadt: Seniorin bestohlen<br \/>\n<\/strong>Das Polizeirevier Filderstadt ermittelt wegen Verdachts des r\u00e4uberischen Diebstahls gegen einen 48-J\u00e4hrigen, nachdem dieser in einem Einkaufsmarkt in der Raiffeisenstra\u00dfe beim Stehlen beobachtet worden ist. Nach bisherigen Erkenntnissen entwendete der Dieb aus der Handtasche einer 85-J\u00e4hrigen zun\u00e4chst einen Geldbeutel. Als er auch noch einen zweiten Geldbeutel aus der Handtasche entnehmen wollte, wurde er von einem Kunden beobachtet und angesprochen. Er legte den Gelbeutel zur\u00fcck und fl\u00fcchtete. Der 41-j\u00e4hrige Zeuge konnte den T\u00e4ter verfolgen und im Kassenbereich festhalten. Ein 62-j\u00e4hriger Angestellter des Einkaufsmarkts eilte hierbei zur Hilfe. Der T\u00e4ter schlug um sich und verletzte dabei den Mitarbeiter leicht. Die eintreffenden Polizeibeamten nahmen den 48-J\u00e4hrigen fest. Bei der Durchsuchung konnte bei ihm der erste entwendete Geldbeutel der Seniorin aufgefunden werden. Nach Abschluss der polizeilichen Ma\u00dfnahmen und R\u00fccksprache mit der Staatsanwaltschaft wurde er wieder auf freien Fu\u00df gesetzt.<\/p>\n<p style=\"text-align: justify;\"><strong>N\u00fcrtingen: Mehrere Gartenh\u00fctten aufgebrochen<br \/>\n<\/strong>Diverse Gartenger\u00e4te erbeutete ein bislang unbekannter T\u00e4ter im Zeitraum von Dienstag 14.10.2025 bis Freitag 17.10.2025 bei einem Aufbruch von Gartenh\u00fctten im Ortsteil Raidwangen, Bereich Talweg. Nachdem ein 56-j\u00e4hriger Grundst\u00fccksbesitzer am Freitag den Aufbruch in seine Gartenh\u00fctte und den Diebstahl einer Baums\u00e4ge gemeldet hatte, konnten im n\u00e4heren Umfeld noch insgesamt acht weitere Aufbr\u00fcche festgestellt werden. An mindestens f\u00fcnf Gartenh\u00e4usern wurden die Schl\u00f6sser durch Gewalteinwirkung aufgebrochen, einige waren ohne Schlie\u00dfvorrichtung und konnten so betreten werden. Der Wert des bislang festgestellten Diebesgutes bel\u00e4uft sich auf einen geringen zweistelligen Geldbetrag.<\/p>\n<p style=\"text-align: justify;\"><strong>Notzingen: Wohnungseinbruchsdiebstahl<br \/>\n<\/strong>Vermutlich in der Nacht von Freitag auf Samstag, ist es in der Lisztstra\u00dfe zu einem Wohnungseinbruch gekommen. Nach derzeitigen Ermittlungen hebelte ein bislang unbekannter T\u00e4ter ein Fenster auf der Geb\u00e4uder\u00fcckseite des Wohnhauses mittels einem unbekanntem Werkzeug auf. Im Anschluss begab sich der T\u00e4ter durch das ge\u00f6ffnete Fenster ins Innere und durchsuchte s\u00e4mtliche R\u00e4umlichkeiten. In allen Zimmern konnten ge\u00f6ffnete Schubladen festgestellt werden. Durch den Dieb wurde Bargeld sowie Schmuck entwendet. Die hochwertigen technischen Gegenst\u00e4nde im Haus wurden zur\u00fcckgelassen. Eine erste Sch\u00e4tzung des Diebesgutes liegt bei mehreren tausend Euro. Eine umfangreiche Spurensicherung wurde durch die Spezialisten der Kriminaltechnik durchgef\u00fchrt. Die weiteren Ermittlungen dauern an.<\/p>\n<p style=\"text-align: justify;\"><strong>Neidlingen: Bauwagen in Brand gesetzt (Zeugenaufruf)<br \/>\n<\/strong>Am Freitagmorgen, gegen 7.45 Uhr, ist von einem Zeugen ein brennender Bauwagen an einem Spazierweg im Gewann Rohrach festgestellt worden. Die als Jugendtreffpunkt genutzte, auf einem Metallgestell montierte H\u00fctte wurde durch den Brand zerst\u00f6rt. Die Schadensh\u00f6he wird auf etwa 7.000 Euro gesch\u00e4tzt. Der Polizeiposten Weilheim sucht unter Tel. 07023\/90052-0 Zeugen. Insbesondere wird der Jogger, der die Rettungskette in Gang gesetzt hatte, gebeten, sich zu melden.<\/p>\n<p style=\"text-align: justify;\"><strong>Wendlingen: Arbeitsunfall<br \/>\n<\/strong>Schwer verletzt wurde ein 29 Jahre alter Arbeiter am Freitagvormittag auf dem Gel\u00e4nde einer Firma in der Heinrich-Otto-Stra\u00dfe. Der Mann war gegen 9.30 Uhr mit dem Errichten einer Mauer aus Beton-Legosteinen besch\u00e4ftigt, als sich aus noch ungekl\u00e4rter Ursache bei einem Bagger der Greifer aus dem Haken l\u00f6ste und den darunter stehenden Mann traf. Er wurde nachfolgend vom Rettungsdienst ins Krankenhaus gebracht. Ermittler des Arbeitsbereichs Gewerbe und Umwelt haben mit Unterst\u00fctzung von Mitarbeitern des Gewerbeaufsichtsamts noch vor Ort die Ermittlungen zur Ungl\u00fccksursache aufgenommen.<\/p>\n<p style=\"text-align: justify;\"><strong>Neckartailfingen: Angebliche Bankmitarbeiter betr\u00fcgen Rentnerin (Warnhinweis)<br \/>\n<\/strong>Besonders dreiste Betr\u00fcger haben am Donnerstagmittag eine Frau um mehrere hundert Euro gebracht. Gegen 13.30 Uhr wurde dabei eine 82 Jahre alte Frau von einem Unbekannten angerufen, der sich als Bankangestellter ausgab. In dem Gespr\u00e4ch wurde der Frau vorgegaukelt, dass es auf ihrem Konto zu einer Fehlbuchung von mehreren tausend Euro gekommen sei. Um die Buchung wieder r\u00fcckg\u00e4ngig zu machen, k\u00fcndigte der Anrufer den Besuch von zwei Mitarbeitern bei der Gesch\u00e4digten an. Nur wenige Minuten sp\u00e4ter erhielt die Frau Besuch von zwei M\u00e4nnern, die sich als Bankmitarbeiter vorstellten. Zum Zwecke der R\u00fcckbuchung verlangten sie von der 82-J\u00e4hrigen sowohl die Bankkarte, als auch den dazugeh\u00f6rigen PIN. Nachdem die Frau dies im Glauben, alles h\u00e4tte seine Richtigkeit, \u00fcbergeben hatte, verlie\u00dfen die Kriminellen die Wohnung. Kurze Zeit sp\u00e4ter stellten Familienangeh\u00f6rige eine unbekannte Geldabhebung vom Konto der Gesch\u00e4digten fest. Der Polizeiposten Neckartenzlingen hat die Ermittlungen aufgenommen.<\/p>\n<p style=\"text-align: justify;\"><strong>Bissingen\/Teck: Feuerwehrabsperrung gef\u00e4hrlich umfahren<br \/>\n<\/strong>Wegen des Verdachts des gef\u00e4hrlichen Eingriffs in den Stra\u00dfenverkehr ermittelt das Polizeirevier Kirchheim seit Mittwochabend gegen einen Pkw-Lenker. Der 55-J\u00e4hrige soll dabei gegen 19.15 Uhr mit seinem Opel Vivaro den aufgrund einer Feuerwehr\u00fcbung mittels Blaulicht, Verkehrszeichen, Blitzleuchten und Lichtmasten gekennzeichneten und abgesperrten Bereich der Vordere Stra\u00dfe mit hoher Geschwindigkeit, teilweise unter Benutzung des Gehweges, umfahren haben. Hierbei soll es zu einer gef\u00e4hrlichen Situation f\u00fcr mindestens zehn der dort befindlichen Personen gekommen sein. Verletzt wurde niemand.<\/p>\n<p style=\"text-align: justify;\"><strong>Leinfelden-Echterdingen: Betr\u00fcger sch\u00e4digen Tankstelle<br \/>\n<\/strong>Ein Betr\u00fcger hat am Donnerstagabend einen Tankstellenbetrieb um mehrere hundert Euro gebracht. Kurz nach 19 Uhr erhielt ein dortiger Angestellter einen Anruf von einem Unbekannten, der sich als angeblicher Sicherheitsmitarbeiter ausgab und mitteilte, Tests am EC-Kartenger\u00e4t durchf\u00fchren zu m\u00fcssen. In der Folge brachte der kriminelle Anrufer den Mitarbeiter dazu, mehrerer Guthabenkarten der Tankstelle einzul\u00f6sen und ihm die Codes zu \u00fcbermitteln. Der Polizeiposten Leinfelden-Echterdingen hat die Ermittlungen \u00fcbernommen.<\/p>\n<p style=\"text-align: justify;\"><strong>Neuhausen \/ Filder: Motorradfahrer \u00fcbersehen<br \/>\n<\/strong>Derzeitigen Erkenntnissen zufolge leicht verletzt wurde ein Motorradfahrer bei einem Verkehrsunfall, der sich am Donnerstagnachmittag auf der L1202 \/ L1204 ereignet hat. Ein 31-J\u00e4hriger war gegen 16 Uhr mit seinem Sattelzug auf der Landesstra\u00dfe unterwegs und musste auf der Linksabbiegerspur zur Auffahrt auf die Autobahn in Fahrtrichtung M\u00fcnchen an der roten Ampel anhalten. Dabei stoppte er den Ermittlungen zufolge allerdings rund zwei Meter vor den Kontaktschleifen, die das Gr\u00fcnlicht anfordern. Ein dahinter fahrender 65-j\u00e4hriger Motorradfahrer erkannte die Situation, \u00fcberholten den Sattelzug rechts und stellte sich mit seiner Honda quer davor auf die Kontaktschleife. Als die Ampel daraufhin auf Gr\u00fcn umschaltete, fuhr der Lkw-Fahrer an. Dieser hatte weder das vorangegangene \u00dcberholman\u00f6ver bemerkt, noch das vor dem Sattelzug im toten Winkel stehende Motorrad erkannt, sodass es zur Kollision der Fahrzeuge kam. W\u00e4hrend der Lkw-Fahrer unverletzt blieb, musste der 65-J\u00e4hrige vom Rettungsdienst ins Krankenhaus gebracht werden. Dieses konnte er aber nach einer ambulanten Behandlung noch am selben Tag wieder verlassen. Der entstandene Sachschaden am Motorrad wird auf etwa 500 Euro gesch\u00e4tzt, der Sattelzug blieb unbesch\u00e4digt.<\/p>\n<p style=\"text-align: justify;\"><strong>Kirchheim\/Teck: Mit falschen Kennzeichen unterwegs<br \/>\n<\/strong>Beamte der Verkehrspolizei T\u00fcbingen haben am Donnerstagmorgen ein Transportfahrzeug mit falschen Kennzeichen festgestellt. Gegen neun Uhr fiel der Streife ein Traktor mit angeh\u00e4ngtem Tieflader auf, der als Ladung einen Lkw transportierte. Bei der anschlie\u00dfenden Kontrolle stellte sich heraus, dass der Tieflader nicht zugelassen war und stattdessen ein ung\u00fcltiges, abgemeldetes Kennzeichen angebracht war. Den 21-j\u00e4hrigen Fahrer des Gespanns erwarten nun gleich mehrere Strafanzeigen wegen Kennzeichenmissbrauch, Versto\u00df gegen das Pflichtversicherungsgesetz und die Abgabenordnung.<\/p>\n<p style=\"text-align: justify;\"><strong>Wendlingen: Nach Unfall weitergefahren<br \/>\n<\/strong>Ein \u00e4lterer Pkw-Lenker ist am Mittwochnachmittag in Wendlingen von aufmerksamen Zeugen aus dem Verkehr gezogen worden. Der 80-J\u00e4hrige war gegen 16 Uhr mit seinem Auto in der Sch\u00e4ferhauser Stra\u00dfe unterwegs und bog in die Stra\u00dfe An den Kiesgruben ab. Dort stie\u00df er mit seinem Wagen beim R\u00fcckw\u00e4rtsfahren zweimal gegen einen Metallzaun. Ohne sich um den Schaden zu k\u00fcmmern, fuhr der Senior \u00fcber die Sch\u00e4ferhauser Stra\u00dfe davon. An der Einm\u00fcndung in die Stuttgarter Stra\u00dfe fuhr er im Anschluss laut Zeugen bei Rot \u00fcber die Ampel. Hierbei kollidierte der 80-J\u00e4hrige noch mit einem vor der Ampel verkehrsbedingt stehenden Pkw. Anschlie\u00dfend setzte der Senior seine Fahrt in Richtung Kirchheim fort und \u00fcberholte trotz Gegenverkehr mehrere Fahrzeuge. Entgegenkommende Verkehrsteilnehmer mussten, um eine Kollision zu verhindern, deswegen abbremsen. In der Albstra\u00dfe gelang es Passanten, den Wagen des 80-J\u00e4hrigen noch vor dem Eintreffen der Polizei zu stoppen. Der Schaden an den Fahrzeugen und dem Zaun bel\u00e4uft sich auf mehrere tausend Euro. Neben einer Anzeige wegen des unerlaubten Entfernens von der Unfallstelle wird von den Beamten auch eine Mitteilung an die F\u00fchrerscheinstelle gefertigt.<\/p>\n<p style=\"text-align: justify;\"><strong>Leinfelden-Echterdingen: Bei Auffahrunfall verletzt<br \/>\n<\/strong>Vier Personen sind bei einem Auffahrunfall am Mittwochnachmittag verletzt worden. Gegen 14.45 Uhr war ein 88 Jahre alter Mann mit seinem Audi auf der K 1255 von Stetten herkommend in Richtung Bernhausen unterwegs. An einer Rot zeigenden Ampel krachte er mit seinem Wagen auf das stehende VW-Taxi eines 54-J\u00e4hrigen. Beim Aufprall l\u00f6ste am Audi das Airbag-System aus. Der Unfallverursacher erlitt nach derzeitigem Kenntnisstand schwere Verletzungen und wurde vom Rettungsdienst in eine Klinik eingeliefert. Zwei Fahrg\u00e4ste im Taxi im Alter von 71 und 73 Jahren kamen mit ersten Erkenntnissen zufolge leichten Verletzungen ebenfalls in eine Klinik. Der leicht verletzte Taxi-Lenker begab sich selbst\u00e4ndig in \u00e4rztlich Behandlung. An beiden Fahrzeugen d\u00fcrfte wirtschaftlicher Totalschaden in einer Gesamth\u00f6he von circa 30.000 Euro entstanden sein. Sie mussten abgeschleppt werden. Zur Fahrbahnreinigung waren die Feuerwehr sowie die Stra\u00dfenmeisterei ausger\u00fcckt.<\/p>\n<p style=\"text-align: justify;\"><strong>Kirchheim: Bei K\u00fcchenbrand verletzt<br \/>\n<\/strong>Zu einem K\u00fcchenbrand in einem Mehrfamilienhaus mussten die Einsatzkr\u00e4fte von Feuerwehr, Rettungsdienst und Polizei am Mittwochnachmittag in die S\u00e4gm\u00fchlestra\u00dfe nach Jesingen ausr\u00fccken. Nach bisherigen Erkenntnissen hatte sich dort gegen 17.15 Uhr in einer Wohnung beim Kochen eine Stichflamme gebildet, durch welche die Dunstabzugshaube in Brand geraten war. Bewohner konnten zwar das Feuer noch vor dem Eintreffen der Einsatzkr\u00e4fte l\u00f6schen, jedoch musste im Anschluss eine 34 Jahre alte Frau mit Verdacht auf Rauchgasintoxikation in eine Klinik gebracht werden. Die Feuerwehr bel\u00fcftete die massiv verrauchte, vorerst nicht mehr bewohnbare Wohnung. Die dort wohnhaften Personen konnten anderweitig untergebracht werden. Der Schaden d\u00fcrfte sich ersten Sch\u00e4tzungen zufolge auf mehrere zehntausend Euro belaufen.<\/p>\n<p style=\"text-align: justify;\"><strong>Leinfelden-Echterdingen: Kinder ohne jegliche Sicherung im Auto<br \/>\n<\/strong>Verantwortungslos zeigte sich am Mittwochabend ein Familienvater am Flughafenbereich. Eine Streifenwagenbesatzung kontrollierte gegen 18.20 Uhr einen Audi und endeckten dabei auf der R\u00fcckbank zwei v\u00f6llig ungesicherte Kinder. Dem 48 Jahre alte Fahrzeuglenker wurde daraufhin die Weiterfahrt untersagt. Gegen ihn wurde ein Bu\u00dfgeldverfahren wegen fehlender Kindersicherung eingeleitet.<\/p>\n<p style=\"text-align: justify;\"><strong>Ostfildern: Betrunken auf Pkw eingeschlagen<br \/>\n<\/strong>Ein Mann musste am Mittwochvormittag in Scharnhausen von der Polizei in Gewahrsam genommen werden. Gegen 10.50 Uhr waren die Einsatzkr\u00e4fte in die Ruiter Stra\u00dfe gerufen worden, in der zuvor ein 60-J\u00e4hriger mit einem Gehstock auf den Mercedes eines 57 Jahre alten Mannes eingeschlagen und diesen besch\u00e4digt hatte. Die Beamten konnten den Verursacher vor Ort antreffen und stellten bei diesem deutlichen Alkoholgeruch fest. Ein vorl\u00e4ufiger Test ergab einen Wert von deutlich \u00fcber zwei Promille, weshalb der Mann in Gewahrsam genommen wurde. Er sieht nun einer entsprechenden Strafanzeige entgegen.<\/p>\n<p style=\"text-align: justify;\"><strong>Esslingen: Polizeibeamte nach Diebstahl angegriffen und verletzt<br \/>\n<\/strong>In der Nacht zu Mittwoch hat ein mutma\u00dflicher Dieb bei seiner Festnahme Widerstand geleistet. Gegen 0.15 Uhr zeigte ein Tankstellenmitarbeiter an, dass ein Kunde, dem aufgrund zur\u00fcckliegender Straftaten bereits in der Vergangenheit ein Hausverbot erteilt worden war, das Gesch\u00e4ft soeben mit Inlineskates betreten habe. Nach dem Verweis durch den Angestellten soll der Mann Ware aus dem Tankstellenshop eingesteckt haben und fl\u00fcchtete mit den Rollschuhen. Im Rahmen der polizeilichen Fahndung wurde der Mann wenig sp\u00e4ter am Bahnhof vor einer Gastst\u00e4tte festgestellt. Um sich seiner Festnahme zu widersetzen, griff er die Polizeibeamten mit einem mitgef\u00fchrten langen Stock an. Durch erheblichen Kraftaufwand wurde der Angreifer zu Boden gebracht und geschlossen, beide Beamte zogen sich hierbei leichte Verletzungen zu. Aufgrund eines bestehenden Vollstreckungshaftbefehls, dessen Geldstrafe er nicht entrichten konnte, wurde er in eine Vollzugsanstalt verbracht.<\/p>\n<p style=\"text-align: justify;\"><strong>Esslingen: Kartons in Brand geraten<br \/>\n<\/strong>Zu einem Mehrfamilienhaus in der Filderstra\u00dfe in Berkheim sind die Einsatzkr\u00e4fte am Dienstagabend, kurz nach 20.30 Uhr, ausger\u00fcckt. Auf einem dortigen Balkon hatten aus noch unbekannter Ursache Kartonagen Feuer gefangen. Durch einen Zeugen und die Feuerwehr konnte der Brand rasch gel\u00f6scht werden. Das Geb\u00e4ude blieb bewohnbar. Der entstandene Sachschaden kann abschlie\u00dfend noch nicht beziffert werden.<\/p>\n<p style=\"text-align: justify;\"><strong>Kirchheim: Vor Polizei davongefahren (Zeugenaufruf)<br \/>\n<\/strong>Zwei Jugendliche sind am Dienstagnachmittag auf einem Zweirad einer Polizeistreife davongefahren und haben m\u00f6glicherweise Fu\u00dfg\u00e4nger und Radfahrer gef\u00e4hrdet. Eine Streife des Reviers Kirchheim bemerkte kurz vor 16 Uhr auf der Stuttgarter Stra\u00dfe ein Leichtkraftrad im Gegenverkehr, auf dem zwei Jugendlcihe ohne Helm unterwegs waren. Die Beamten wendeten daraufhin und fuhren dem Zweirad, an dem sich kein Kennzeichen befand, hinterher. Der Fahrer ignorierte s\u00e4mtliche Anhaltezeichen und gab Gas. Er fuhr im Anschluss \u00fcber die Eugenstra\u00dfe bis zur Austra\u00dfe. Dort bog der Jugendliche auf den Geh- und Radweg ab, bis er an der Fu\u00dfg\u00e4ngerbr\u00fccke zur Saarstra\u00dfe gegen ein Gitter fuhr und samt seinem Sozius zu Boden st\u00fcrzte. Anschlie\u00dfend rannten die beiden Jungs zu Fu\u00df weiter, konnten von den Beamten nach einer kurzen Verfolgung eingeholt werden. Die beiden 15-J\u00e4hrigen wurden im Anschluss zum Revier gebracht. Der Sozius hatte sich bei dem Sturz leichte Verletzungen zugezogen, ben\u00f6tigte jedoch keine \u00e4rztliche Hilfe. Das Leichtkraftrad wurde sichergestellt, da die Eigentumverh\u00e4ltnisse noch gekl\u00e4rt werden m\u00fcssen. Zudem besteht der Verdacht, dass das Zweirad frisiert wurde. Die Verkehrspolizei hat die Ermittlungen gegen die beiden Jugendlichen \u00fcbernommen. Sie bittet m\u00f6gliche Verkehrsteilnehmer, die durch die rasante Fahrweise gef\u00e4hrdet wurden, sich unter Telefon 0711\/3990-420 zu melden.<\/p>\n<p style=\"text-align: justify;\"><strong>Filderstadt: Von der Stra\u00dfe abgekommen<br \/>\n<\/strong>Ein Sachschaden von rund 12.000 Euro ist die Bilanz eines Verkehrsunfalls, der sich am Montagabend auf der L1205 ereignet hat. Ein 23-J\u00e4hriger war gegen 22.15 Uhr mit seinem Opel auf der Landesstra\u00dfe in Richtung Sielmingen unterwegs. Auf H\u00f6he des Verkehrs\u00fcbungsplatzes kam er, aufgrund nicht angepasster Geschwindigkeit zun\u00e4chst nach links von der Fahrbahn ab, durchfuhr den Stra\u00dfengraben und ein Maisfeld, bevor er wieder auf die Fahrbahn zur\u00fcck steuerte. Im weiteren Verlauf kam er dann wieder nach rechts von der Stra\u00dfe ab und blieb im angrenzenden Gr\u00fcnstreifen stehen. Verletzt wurde niemand. Der Pkw war nach dem Unfall so schwer besch\u00e4digt, dass er abgeschleppt werden musste.<\/p>\n<p style=\"text-align: justify;\"><strong>Esslingen: Verkehrsinsel touchiert<br \/>\n<\/strong>Zwei Leichtverletzte und zwei nicht mehr fahrbereite Autos sind die Folgen eines schadenstr\u00e4chtigen Verkehrsunfalls, der sich am Montagvormittag an der Einm\u00fcndung Grabbrunnenstra\u00dfe \/ M\u00fcllberger Stra\u00dfe ereignet hat. Ein 33-J\u00e4hriger war gegen 10.30 Uhr mit seinem VW Passat auf der Grabbrunnenstra\u00dfe aus Richtung Maillekreuzung herkommend unterwegs und wollte an der Einm\u00fcndung nach rechts in die M\u00fcllberger Stra\u00dfe einbiegen. Dazu ordnete er sich auf dem rechten der drei Fahrspuren der Richtungsfahrbahn ein. Hinter ihm fuhr ein 50-J\u00e4hriger mit seinem Lamborghini und ordnete sich auf der mittleren Abbiegespur neben dem Passat ein. Beim Rechtsabbiegen kam der Lamborghini zu weit nach links und touchierte die dortige Verkehrsinsel. Dabei verlor der 50-J\u00e4hrige die Kontrolle \u00fcber sein Fahrzeug, sodass es zur Kollision mit dem Passat kam. In der Folge drehte sich der Lamborghini, sodass der Wagen zwischen einer rechtseitig befindlichen Wand und dem Passat eingeklemmt wurde. Beide Fahrer erlitten derzeitigen Erkenntnissen zufolge leichte Verletzungen. W\u00e4hrend der Passat-Fahrer vom Rettungsdienst zur Behandlung ins Krankenhaus gebracht wurde, lehnte der 50-J\u00e4hrige eine sofortige Untersuchung ab. Beide Autos waren nach dem Unfall so schwer besch\u00e4digt, dass sie abgeschleppt werden mussten. Der entstandene Sachschaden wird auf 410.000 Euro gesch\u00e4tzt. Zur Reinigung der Fahrbahn war die Feuerwehr mit einem Fahrzeug und vier Feuerwehrleuten im Einsatz. F\u00fcr die Dauer der Unfallaufnahme musste der Einm\u00fcndungsbereich teilweise voll gesperrt werden, was zu entsprechenden Verkehrsbehinderungen gef\u00fchrt hatte.<\/p>\n<p style=\"text-align: justify;\"><strong>Kirchheim: Zahlreiche Verkehrsverst\u00f6\u00dfe geahndet<br \/>\n<\/strong>Zahlreiche Verkehrsverst\u00f6\u00dfe mussten am Freitag von Beamten des Polizeireviers Kirchheim sowie Spezialisten der Verkehrspolizei an zwei Kontrollstellen festgestellt und zur Anzeige gebracht werden. In der Zeit von 16.30 Uhr bis 23 Uhr wurden zun\u00e4chst in der Schlierbacher Stra\u00dfe und anschlie\u00dfend in der Paradiesstra\u00dfe 20 Fahrzeug-Lenker angehalten, die sich w\u00e4hrend der Fahrt mit ihrem Handy besch\u00e4ftigten. Eine Pkw-Lenkerin wird zus\u00e4tzlich noch wegen Beleidigung zur Anzeige gebracht. Sie titulierte den Kontrollbeamten mit einem nicht zitierf\u00e4higen Ausdruck. Weiterhin waren f\u00fcnf Fahrzeuginsassen nicht angeschnallt sowie zwei Kinder nicht ordnungsgem\u00e4\u00df gesichert. In der Paradiesstra\u00dfe wurde zus\u00e4tzlich das derzeitige Durchfahrtsverbot zur Plochinger Stra\u00dfe \u00fcberwacht. Dagegen verstie\u00dfen 26 Verkehrsteilnehmer, die dementsprechend angezeigt wurden. Ein Lkw-Lenker muss mit einer ganzen Reihe an Anzeigen rechnen. Der Fahrer nutzte w\u00e4hrend der Fahrt sein Telefon und wurde deswegen angehalten. Bei der Kontrolle stellte sich heraus, dass der mit Zements\u00e4cken beladene Lkw \u00fcberladen war. Zudem war der auf dem Anh\u00e4nger mitgef\u00fchrte Bagger nicht ordnungsgem\u00e4\u00df gesichert. Weiterhin bemerkten die Beamten, dass die Reifen zu alt und nicht mehr verkehrssicher waren. Eine g\u00fcltige Fahrerlaubnis konnte der Fahrer auch nicht vorweisen. Die Kontrollen werden in Zukunft fortgesetzt.<\/p>\n<p style=\"text-align: justify;\"><strong>Leinfelden-Echterdingen: Automaten gepl\u00fcndert<br \/>\n<\/strong>Ein Kaugummiautomat im Eichenweg in Echterdingen ist von einem Unbekannten am Sonntagnachmittag ausger\u00e4umt worden. Etwa gegen 14.45 Uhr brache der Dieb gewaltsam mehrere Warenbeh\u00e4lter auf und entnahm in der Folge die Warenkapseln. Zus\u00e4tzlich wurde die Mechanik des Automaten herausgerissen und das enthaltene M\u00fcnzgeld in unbekannter H\u00f6he gestohlen. Der angerichtete Schaden steht noch nicht fest. Das Polizeirevier Filderstadt hat die Ermittlungen \u00fcbernommen.<\/p>\n<p style=\"text-align: justify;\"><strong>Leinfelden-Echterdingen: Pfannkuchen l\u00f6sen Brandeinsatz aus<br \/>\n<\/strong>Die Einsatzkr\u00e4fte von Feuerwehr und Polizei sind am Sonntagmittag kurz nach 12.30 Uhr, zu einem Brandeinsatz in die Hohenheimer Stra\u00dfe nach Leinfelden gerufen worden. Ein Feuer trafen sie in dem Mehrfamilienhaus gl\u00fccklicherweise nicht an. Wie sich herausstellte, war es in einer Wohnung beim Backen von Pfannkuchen zu einer massiven Rauchentwicklung gekommen, durch welche die Brandmeldeanlage ausgel\u00f6st hatte. Die Feuerwehr, die mit 25 Einsatzkr\u00e4ften vor Ort war, beseitigte die Gefahr und bel\u00fcftete die betroffene Wohnung. Verletzt wurde niemand.<\/p>\n<p style=\"text-align: justify;\"><strong>Wendlingen: Totalschaden nach Kollision mit Schutzplanken<br \/>\n<\/strong>Bei einem Unfall auf der B 313 am Sonntagmorgen zwischen N\u00fcrtingen und Plochingen ist ein Pkw so schwer besch\u00e4digt worden, dass er abgeschleppt werden musste. Eine 30-J\u00e4hrige war kurz nach acht Uhr mit ihrem Mercedes B 180 auf der Bundesstra\u00dfe unterwegs und kam aus noch ungekl\u00e4rter Ursache alleinbeteiligt von der Fahrbahn ab. Bei der anschlie\u00dfenden Kollision mit einer Schutzplanke entstand am Pkw Totalschaden in H\u00f6he von mindestens 6.000 Euro.<\/p>\n<hr \/>\n<p>&nbsp;<\/p>\n","protected":false},"excerpt":{"rendered":"<p>Quelle: ots Filderstadt-Sielmingen: Kollision mit Gegenverkehr Ein Leichtverletzter sowie Sachschaden von gesch\u00e4tzten 40.000 Euro sind die Folgen eines Verkehrsunfalls, der sich am Samstagmorgen in der Ortsmitte von Sielmingen ereignet hat. Ein 81-J\u00e4hriger war kurz nach 9 Uhr mit seinem Mercedes GLK auf der Sielminger Hauptstra\u00dfe unterwegs und wollte einen vorausfahrenden Kleintransporter \u00fcberholen. Hierbei \u00fcbersah er [&hellip;]<\/p>\n","protected":false},"author":4,"featured_media":152245,"comment_status":"closed","ping_status":"open","sticky":false,"template":"","format":"standard","meta":{"inline_featured_image":false,"_exactmetrics_skip_tracking":false,"_exactmetrics_sitenote_active":false,"_exactmetrics_sitenote_note":"","_exactmetrics_sitenote_category":0,"footnotes":""},"categories":[11240],"tags":[14857,14440,68,205,1625],"class_list":{"0":"post-158326","1":"post","2":"type-post","3":"status-publish","4":"format-standard","5":"has-post-thumbnail","7":"category-region-esslingen","8":"tag-die-webzeitung","9":"tag-esslingen","10":"tag-online-zeitung","11":"tag-polizei","12":"tag-report"},"image_feature":"https:\/\/die-webzeitung.de\/stuttgart\/wp-content\/uploads\/sites\/4\/2024\/02\/Polizei-Pix-scaled.jpg","author_name":"Redaktion","pure_taxonomies":{"categories":[{"term_id":11240,"name":"Polizei-Report Esslingen","slug":"region-esslingen","term_group":0,"term_taxonomy_id":11278,"taxonomy":"category","description":"Polizeiberichte aus der Region des Landkreises Esslingen","parent":1619,"count":69,"filter":"raw","image":""}],"tags":[{"term_id":14857,"name":"Die-Webzeitung","slug":"die-webzeitung","term_group":0,"term_taxonomy_id":14876,"taxonomy":"post_tag","description":"","parent":0,"count":3623,"filter":"raw","image":""},{"term_id":14440,"name":"Esslingen","slug":"esslingen","term_group":0,"term_taxonomy_id":3885,"taxonomy":"post_tag","description":"","parent":0,"count":202,"filter":"raw","image":""},{"term_id":68,"name":"Online-Zeitung","slug":"online-zeitung","term_group":0,"term_taxonomy_id":69,"taxonomy":"post_tag","description":"","parent":0,"count":3593,"filter":"raw","image":""},{"term_id":205,"name":"Polizei","slug":"polizei","term_group":0,"term_taxonomy_id":208,"taxonomy":"post_tag","description":"","parent":0,"count":277,"filter":"raw","image":""},{"term_id":1625,"name":"Report","slug":"report","term_group":0,"term_taxonomy_id":1634,"taxonomy":"post_tag","description":"","parent":0,"count":210,"filter":"raw","image":""}]},"_links":{"self":[{"href":"https:\/\/die-webzeitung.de\/stuttgart\/wp-json\/wp\/v2\/posts\/158326","targetHints":{"allow":["GET"]}}],"collection":[{"href":"https:\/\/die-webzeitung.de\/stuttgart\/wp-json\/wp\/v2\/posts"}],"about":[{"href":"https:\/\/die-webzeitung.de\/stuttgart\/wp-json\/wp\/v2\/types\/post"}],"author":[{"embeddable":true,"href":"https:\/\/die-webzeitung.de\/stuttgart\/wp-json\/wp\/v2\/users\/4"}],"replies":[{"embeddable":true,"href":"https:\/\/die-webzeitung.de\/stuttgart\/wp-json\/wp\/v2\/comments?post=158326"}],"version-history":[{"count":10,"href":"https:\/\/die-webzeitung.de\/stuttgart\/wp-json\/wp\/v2\/posts\/158326\/revisions"}],"predecessor-version":[{"id":158414,"href":"https:\/\/die-webzeitung.de\/stuttgart\/wp-json\/wp\/v2\/posts\/158326\/revisions\/158414"}],"wp:featuredmedia":[{"embeddable":true,"href":"https:\/\/die-webzeitung.de\/stuttgart\/wp-json\/wp\/v2\/media\/152245"}],"wp:attachment":[{"href":"https:\/\/die-webzeitung.de\/stuttgart\/wp-json\/wp\/v2\/media?parent=158326"}],"wp:term":[{"taxonomy":"category","embeddable":true,"href":"https:\/\/die-webzeitung.de\/stuttgart\/wp-json\/wp\/v2\/categories?post=158326"},{"taxonomy":"post_tag","embeddable":true,"href":"https:\/\/die-webzeitung.de\/stuttgart\/wp-json\/wp\/v2\/tags?post=158326"}],"curies":[{"name":"wp","href":"https:\/\/api.w.org\/{rel}","templated":true}]}}