{"id":158306,"date":"2025-10-09T13:11:40","date_gmt":"2025-10-09T12:11:40","guid":{"rendered":"https:\/\/die-webzeitung.de\/stuttgart\/2025\/10\/09\/porsche-mit-robusten-auslieferungszahlen\/"},"modified":"2025-10-09T13:11:40","modified_gmt":"2025-10-09T12:11:40","slug":"porsche-mit-robusten-auslieferungszahlen","status":"publish","type":"post","link":"https:\/\/die-webzeitung.de\/stuttgart\/2025\/10\/09\/porsche-mit-robusten-auslieferungszahlen\/","title":{"rendered":"Porsche mit robusten Auslieferungszahlen"},"content":{"rendered":"<ul>\n<li style=\"text-align: justify;\"><strong>Anteil elektrifizierter Sportwagen per September bei rund 35 Prozent<\/strong><\/li>\n<li style=\"text-align: justify;\"><strong>Nahezu jeder vierte ausgelieferte Porsche vollelektrisch<\/strong><\/li>\n<li style=\"text-align: justify;\"><strong>Macan-Absatz w\u00e4chst in den ersten neun Monaten um 18 Prozent<\/strong><\/li>\n<li style=\"text-align: justify;\"><strong>\u00dcbersee- und Wachstumsm\u00e4rkte erreichen Auslieferungsrekord <\/strong><\/li>\n<li style=\"text-align: justify;\"><strong>Nordamerika mit Auslieferungsplus<\/strong><\/li>\n<li style=\"text-align: justify;\"><strong>Absatzstruktur trotz wirtschaftlicher und geopolitischer Unsicherheiten robust<\/strong><\/li>\n<\/ul>\n<p style=\"text-align: justify;\">STUTTGART.| Porsche hat den Anteil an elektrifizierten Fahrzeugen in den ersten neun Monaten 2025 deutlich gesteigert: Insgesamt wurden zwischen Januar und September weltweit 212.509 Fahrzeuge an Kunden \u00fcbergeben, davon waren 35,2 Prozent elektrifiziert (+12,8 Prozentpunkte). Diese unterteilen sich in 23,1 Prozent vollelektrische Fahrzeuge und 12,1 Prozent Plug-in-Hybride. Das st\u00e4rkste Wachstum unter den sechs Modellreihen des Sportwagenherstellers verzeichnet der Macan mit plus 18 Prozent. Das tr\u00e4gt ma\u00dfgeblich zu einer hohen Elektrifizierungsquote von 56% in Europa (Region Europa inkl. Deutschland) bei. Nordamerika ist weiterhin die gr\u00f6\u00dfte Vertriebsregion: 64.446 Auslieferungen entsprechen einem Zuwachs von 5 Prozent gegen\u00fcber dem Vorjahreszeitraum. Die Region \u00dcbersee- und Wachstumsm\u00e4rkte erzielt mit 43.090 Auslieferungen von Januar bis September einen neuen Allzeitrekord. Ebenso positiv entwickelt sich der Bereich Individualisierung: Die Nachfrage nach den Angeboten im Porsche Sonderwunsch-Programm sowie der Porsche Exklusiv Manufaktur steigt kontinuierlich und der Ausbau der Kapazit\u00e4ten wird weiter vorangetrieben.<\/p>\n<p style=\"text-align: justify;\">\u201ePorsche ist bei den Auslieferungen in diesem Jahr weiter robust unterwegs. Das Niveau entspricht unseren Erwartungen \u2013 gerade mit Blick auf anhaltende geopolitische und wirtschaftliche Rahmenbedingungen\u201c, sagt Matthias Becker, Vorstand f\u00fcr Vertrieb und Marketing der Porsche AG. \u201eAuch in den kommenden Monaten k\u00f6nnen sich unsere Kunden auf viele au\u00dfergew\u00f6hnliche Angebote freuen. Mit dem neuen 911 Turbo S haben wir j\u00fcngst auf der IAA die Top-Version unserer Sportwagen-Ikone vorgestellt. Damit st\u00e4rken wir unseren Markenkern. Die Nachfrage ist erfreulich gro\u00df und das Auto erh\u00e4lt viel Lob von Medien und Interessenten.\u201c<\/p>\n<p style=\"text-align: justify;\"><strong>Nordamerika und \u00dcbersee- &amp; Wachstumsm\u00e4rkte verzeichnen Wachstum<\/strong><\/p>\n<p style=\"text-align: justify;\">Gr\u00f6\u00dfte Vertriebsregion bleibt Nordamerika mit 64.446 Auslieferungen und einem Plus von 5 Prozent gegen\u00fcber 2024. Die Vertriebsregion \u00dcbersee- und Wachstumsm\u00e4rkte entwickelte sich mit einem Zuwachs von 3 Prozent ebenfalls positiv und erzielt damit ein Allzeithoch. Insgesamt konnten hier 43.090 Fahrzeuge in Kundenhand \u00fcbergeben werden.<\/p>\n<p style=\"text-align: justify;\">In Europa (ohne Deutschland) hat Porsche bis Ende September 50.286 Fahrzeuge ausgeliefert. Das sind 4 Prozent weniger als im Vorjahreszeitraum. Im Heimatmarkt Deutschland konnten 22.492 Kunden ihr Fahrzeug entgegennehmen \u2013 ein Minus von 16 Prozent. Ursache f\u00fcr den R\u00fcckgang in beiden Regionen sind unter anderem ein starker Vorjahreszeitraum aufgrund von Nachholeffekten aus 2023 sowie Angebotsl\u00fccken beim 718 und Macan Verbrenner aufgrund von EU-Vorschriften zur Cybersicherheit.<\/p>\n<p style=\"text-align: justify;\">In China wurden 32.195 Fahrzeuge in Kundenhand \u00fcbergeben (-26 Prozent). Wesentliche Gr\u00fcnde f\u00fcr den R\u00fcckgang bleiben die herausfordernden Marktbedingungen vor allem im Luxussegment sowie der intensive Wettbewerb im chinesischen Markt. Der Fokus liegt weiterhin auf einem wertorientierten Absatz. Weltweit bleibt Porsche in den ersten neun Monaten 6 Prozent unter den Vorjahreszahlen bei einer \u00fcber die einzelnen Vertriebsregionen weiterhin ausbalancierten Absatzstruktur. Zudem konnte Porsche seinen Anteil im jeweiligen Marktsegment weltweit in f\u00fcnf von sechs Modellreihen ausbauen \u2013 trotz des zunehmenden Wettbewerbs.<\/p>\n<p style=\"text-align: justify;\"><strong>Macan bleibt die volumenst\u00e4rkste Modellreihe<\/strong><\/p>\n<p style=\"text-align: justify;\">In den ersten drei Quartalen wurden 64.783 Macan in Kundenhand \u00fcbergeben (+18 Prozent). Mehr als 55 Prozent davon (36.250 Fahrzeuge) entfallen auf die vollelektrische Variante. Parallel wird in den meisten M\u00e4rkten au\u00dferhalb der EU weiterhin der Macan mit Verbrennungsmotor angeboten, von dem 28.533 Einheiten ausgeliefert wurden. Der Panamera wurde bis Ende September 21.243 mal in Kundenhand \u00fcbergeben und bewegt sich auf einem stabilen Niveau (-1 Prozent).<\/p>\n<p style=\"text-align: justify;\">Die Sportwagen-Ikone 911 wurde bis Ende September 37.806 mal ausgeliefert. Das entspricht einem leichten R\u00fcckgang von 5 Prozent. Die Modelle 718 Boxster und 718 Cayman verzeichneten 15.380 Auslieferungen. Das sind 15 Prozent weniger als im Vorjahreszeitraum. Dies erkl\u00e4rt sich im Wesentlichen durch die eingeschr\u00e4nkte Modellverf\u00fcgbarkeit aufgrund der EU-Vorschriften zur Cybersicherheit. Die Produktion der aktuellen Modellreihe 718 l\u00e4uft im vierten Quartal 2025 aus.<\/p>\n<p style=\"text-align: justify;\">Vom Taycan wurden im Zeitraum Januar bis September 12.641 Fahrzeuge an Kunden ausgeliefert (-10 Prozent). Der Cayenne wurde 60.656 mal in Kundenhand \u00fcbergeben. Dies entspricht einem R\u00fcckgang von 22 Prozent und ist unter anderem auf Nachholeffekte im Vorjahreszeitraum zur\u00fcckzuf\u00fchren. Im vierten Quartal plant Porsche die Vorstellung des neuen vollelektrischen Cayenne. Dieser wird k\u00fcnftig parallel zum aktuellen Modell mit Verbrenner- und Plug-in-Hybrid-Antrieb angeboten.<\/p>\n<p style=\"text-align: justify;\">Nach vorne gerichtet sagt Matthias Becker: \u201eWir haben in den vergangenen Wochen zukunftsweisende Produktentscheidungen getroffen. Damit reagieren wir auf die weltweit unterschiedlichen Kundenbed\u00fcrfnisse sowie den verz\u00f6gerten Hochlauf der Elektromobilit\u00e4t und stellen uns f\u00fcr die kommenden Jahre noch flexibler auf. Wir erwarten auch in Zukunft ein herausforderndes Marktumfeld. Mehr denn je konzentrieren wir uns darauf, Nachfrage und Angebot gem\u00e4\u00df unserer Strategie \u2018value over volume\u2019 auszusteuern. Zudem tragen wir der stetig steigenden Individualisierung unserer Fahrzeuge durch unsere Kunden Rechnung, indem wir dieses Wachstumsfeld weiter ausbauen \u2013 sowohl im Bereich der Exclusive Manufaktur wie auch beim Sonderwunsch-Programm.\u201c<\/p>\n<hr \/>\n<p style=\"text-align: justify;\">\n","protected":false},"excerpt":{"rendered":"<p>Anteil elektrifizierter Sportwagen per September bei rund 35 Prozent Nahezu jeder vierte ausgelieferte Porsche vollelektrisch Macan-Absatz w\u00e4chst in den ersten neun Monaten um 18 Prozent \u00dcbersee- und Wachstumsm\u00e4rkte erreichen Auslieferungsrekord Nordamerika mit Auslieferungsplus Absatzstruktur trotz wirtschaftlicher und geopolitischer Unsicherheiten robust STUTTGART.| Porsche hat den Anteil an elektrifizierten Fahrzeugen in den ersten neun Monaten 2025 deutlich [&hellip;]<\/p>\n","protected":false},"author":4,"featured_media":158307,"comment_status":"closed","ping_status":"open","sticky":false,"template":"","format":"standard","meta":{"inline_featured_image":false,"_exactmetrics_skip_tracking":false,"_exactmetrics_sitenote_active":false,"_exactmetrics_sitenote_note":"","_exactmetrics_sitenote_category":0,"footnotes":""},"categories":[479],"tags":[18168,14857,68,360],"class_list":{"0":"post-158306","1":"post","2":"type-post","3":"status-publish","4":"format-standard","5":"has-post-thumbnail","7":"category-wirtschaft","8":"tag-absatzzahlen","9":"tag-die-webzeitung","10":"tag-online-zeitung","11":"tag-porsche"},"image_feature":"https:\/\/die-webzeitung.de\/stuttgart\/wp-content\/uploads\/sites\/4\/2025\/10\/309690_1920x1280-scaled.jpg","author_name":"Redaktion","pure_taxonomies":{"categories":[{"term_id":479,"name":"Wirtschaft","slug":"wirtschaft","term_group":0,"term_taxonomy_id":1941,"taxonomy":"category","description":"","parent":0,"count":281,"filter":"raw","image":""}],"tags":[{"term_id":18168,"name":"Absatzzahlen","slug":"absatzzahlen","term_group":0,"term_taxonomy_id":18187,"taxonomy":"post_tag","description":"","parent":0,"count":1,"filter":"raw","image":""},{"term_id":14857,"name":"Die-Webzeitung","slug":"die-webzeitung","term_group":0,"term_taxonomy_id":14876,"taxonomy":"post_tag","description":"","parent":0,"count":3623,"filter":"raw","image":""},{"term_id":68,"name":"Online-Zeitung","slug":"online-zeitung","term_group":0,"term_taxonomy_id":69,"taxonomy":"post_tag","description":"","parent":0,"count":3593,"filter":"raw","image":""},{"term_id":360,"name":"Porsche","slug":"porsche","term_group":0,"term_taxonomy_id":366,"taxonomy":"post_tag","description":"","parent":0,"count":30,"filter":"raw","image":""}]},"_links":{"self":[{"href":"https:\/\/die-webzeitung.de\/stuttgart\/wp-json\/wp\/v2\/posts\/158306","targetHints":{"allow":["GET"]}}],"collection":[{"href":"https:\/\/die-webzeitung.de\/stuttgart\/wp-json\/wp\/v2\/posts"}],"about":[{"href":"https:\/\/die-webzeitung.de\/stuttgart\/wp-json\/wp\/v2\/types\/post"}],"author":[{"embeddable":true,"href":"https:\/\/die-webzeitung.de\/stuttgart\/wp-json\/wp\/v2\/users\/4"}],"replies":[{"embeddable":true,"href":"https:\/\/die-webzeitung.de\/stuttgart\/wp-json\/wp\/v2\/comments?post=158306"}],"version-history":[{"count":0,"href":"https:\/\/die-webzeitung.de\/stuttgart\/wp-json\/wp\/v2\/posts\/158306\/revisions"}],"wp:featuredmedia":[{"embeddable":true,"href":"https:\/\/die-webzeitung.de\/stuttgart\/wp-json\/wp\/v2\/media\/158307"}],"wp:attachment":[{"href":"https:\/\/die-webzeitung.de\/stuttgart\/wp-json\/wp\/v2\/media?parent=158306"}],"wp:term":[{"taxonomy":"category","embeddable":true,"href":"https:\/\/die-webzeitung.de\/stuttgart\/wp-json\/wp\/v2\/categories?post=158306"},{"taxonomy":"post_tag","embeddable":true,"href":"https:\/\/die-webzeitung.de\/stuttgart\/wp-json\/wp\/v2\/tags?post=158306"}],"curies":[{"name":"wp","href":"https:\/\/api.w.org\/{rel}","templated":true}]}}