{"id":158295,"date":"2025-10-08T09:10:46","date_gmt":"2025-10-08T08:10:46","guid":{"rendered":"https:\/\/die-webzeitung.de\/stuttgart\/?p=158295"},"modified":"2025-12-05T12:05:48","modified_gmt":"2025-12-05T11:05:48","slug":"spatenstich-fuer-gefoerderten-glasfaserausbau-in-kirchheim-unter-teck","status":"publish","type":"post","link":"https:\/\/die-webzeitung.de\/stuttgart\/2025\/10\/08\/spatenstich-fuer-gefoerderten-glasfaserausbau-in-kirchheim-unter-teck\/","title":{"rendered":"Spatenstich f\u00fcr gef\u00f6rderten Glasfaserausbau in Kirchheim unter Teck"},"content":{"rendered":"<p style=\"text-align: justify;\">KIRCHHEIM\/TECK.| Die Telekom schlie\u00dft jetzt auch bislang unterversorgte Adressen in Kirchheim unter Teck an ihr Glasfasernetz an. Auch der Flugplatz Hahnweide erh\u00e4lt eine Glasfaseranbindung.<\/p>\n<p style=\"text-align: justify;\">\u201eDas ist ein Riesengewinn f\u00fcr uns\u201c freut sich Norman Baum, 1. Vorsitzender der Fliegergruppe Wolf Hirth. \u201eJedes Jahr veranstalten wir den Internationalen Hahnweide-Segelflugwettbewerb. Und au\u00dferdem alle drei bis vier Jahre das gr\u00f6\u00dfte Oldtimer-Fliegertreffen in Europa. Gerade vor zwei Wochen war es wieder soweit. Mit dem Glasfaseranschluss k\u00f6nnen wir nicht nur die gesamte Kommunikation rund um die Gro\u00dfveranstaltungen leichter bew\u00e4ltigen, auch der Vereinsalltag braucht heutzutage einen leistungsstarken Anschluss. Und Gesch\u00e4ftsf\u00fchrer Klaus Hallmayer erg\u00e4nzt: \u201eDavon profitiert auch der am Flugplatz ans\u00e4ssige Baden-W\u00fcrttembergische Luftfahrtverband (BWLV). Die Verwaltung der Motorflugschule, aber insbesondere auch der Theorieunterricht werden dadurch vereinfacht.\u201c<\/p>\n<p style=\"text-align: justify;\">Im Rahmen der Zusammenarbeit mit der Gigabit Region Stuttgart hatte sich die Telekom zus\u00e4tzlich zum Eigenausbau erfolgreich an Ausschreibungen f\u00fcr den gef\u00f6rderten Ausbau beteiligt. \u201eIn Kirchheim unter Teck haben wir im Eigenausbau bereits rund 3.300 Haushalte in der Kernstadt sowie vier Gewerbegebiete mit Glasfaser erschlossen\u201c, erkl\u00e4rt Sabine Wittlinger, Partnermanagerin der Telekom in der Region Stuttgart, anl\u00e4sslich des Spatenstichs. \u201eDas Fluggel\u00e4nde Hahnweide liegt rund zwei Kilometer au\u00dferhalb des Ortes \u2013 ihn h\u00e4tten wir im Eigenausbau nicht erreichen k\u00f6nnen. Mit dem gef\u00f6rderten Ausbau wird das jetzt m\u00f6glich, wie auch f\u00fcr weitere Geb\u00e4ude in Randlagen der Gemeinde. Au\u00dferdem binden wir im Rahmen der F\u00f6rderma\u00dfnahme auch sieben Schulen mit Glasfaser an, unter anderem das Uhlandgymnasium, die Freie Waldorfschule sowie die Grund- und Realschule in Freihof.\u201c<\/p>\n<p style=\"text-align: justify;\">Um alle Anschl\u00fcsse im Rahmen dieser F\u00f6rderma\u00dfnahme herzustellen, bringt das Unternehmen rund 170 Kilometer Glasfaserkabel in die Erde und errichtet 60 neue Verteiler.<\/p>\n<p style=\"text-align: justify;\">Die Ma\u00dfnahme wird vom Bund mit einer F\u00f6rderquote von 50 Prozent und vom Land mit einer F\u00f6rderquote von 40 Prozent unterst\u00fctzt. Oberb\u00fcrgermeister Dr. Pascal Bader hebt hervor: \u201eDas Projekt zur Erschlie\u00dfung der wei\u00dfen Flecken, Schulen und Gewerbegebiete mittels Glasfaser wird mit 5.270.541 Euro aus Mitteln des Bundes, mit 4.216.432 Euro aus Mitteln des Landes und mit 1.054.109 Euro aus Mitteln des Haushalts der Stadt Kirchheim unter Teck gef\u00f6rdert. Au\u00dferdem geht die Stadt Kirchheim unter Teck \u00fcber die gesamte F\u00f6rdersumme von 10.541.082 Euro zun\u00e4chst in Vorleistung. Dies ist ein gemeinsames und klares Bekenntnis f\u00fcr eine zukunftsf\u00e4hige Infrastruktur in unserer lebenswerten Stadt!\u201c<\/p>\n<p style=\"text-align: justify;\">1.185 Haushalte und Gewerbe an 438 Adressen k\u00f6nnen k\u00fcnftig mit Bandbreiten bis 1 Gigabit pro Sekunde (Gbit\/s) im Internet surfen. Bislang mussten sie mit weniger als 30 Megabit pro Sekunde auskommen. Das neue Netz ist so leistungsstark, dass Arbeiten und Lernen zuhause, Video-Konferenzen, Gaming und Streamen gleichzeitig m\u00f6glich sind. Nutzerinnen und Nutzer k\u00f6nnen flexibel auf die stetig wachsenden digitalen Anforderungen reagieren. Glasfaser ist robust gegen\u00fcber \u00e4u\u00dferen Einfl\u00fcssen wie Wasser oder Strom. Sie spart au\u00dferdem Energie und schont das Klima \u2013 deutlich mehr als das bestehende Kupfernetz. Dabei steht das Netz der Telekom auch f\u00fcr andere Inhalteanbieter offen, die mit der Telekom eine Nutzungsvereinbarung geschlossen haben.<\/p>\n<p style=\"text-align: justify;\">\u201eMit dem heutigen Spatenstich bringt sich nicht nur die Stadt Kirchheim unter Teck auf einen zukunftssicheren Weg \u2013 auch der gesamte Landkreis Esslingen profitiert nachhaltig von diesem Schritt. Dank der F\u00f6rderung durch Bund und Land k\u00f6nnen wir Glasfaseranschl\u00fcsse in noch gr\u00f6\u00dferem Umfang realisieren und gemeinsam mit der Stadt sowie der Telekom direkt bis in die Geb\u00e4ude bringen. Die konstruktive Zusammenarbeit aller Beteiligten ist dabei ein entscheidender Erfolgsfaktor f\u00fcr die digitale Entwicklung unserer Region\u201c, sagt Lukas Theivagt, Projektleiter Technik und Infrastruktur Zweckverband Breitbandversorgung Landkreis Esslingen.<\/p>\n<p style=\"text-align: justify;\">Hans-J\u00fcrgen Bahde, Breitbandbeauftragter der Region und Gesch\u00e4ftsf\u00fchrer der Gigabit Region Stuttgart GmbH (GRS) erkl\u00e4rt: \u201eDer \u00fcberwiegende Teil der Region ist f\u00fcr Telekommunikationsunternehmen so attraktiv, dass sie eigenwirtschaftlich ausbauen k\u00f6nnen. Dennoch bleiben immer Gebiete \u00fcbrig, die F\u00f6rderung ben\u00f6tigen. Der Kooperationsvertrag der Region mit der Telekom erm\u00f6glicht auf optimale Weise die Verkn\u00fcpfung der beiden Ausbauarten. Davon profitiert jetzt die Stadt Kirchheim unter Teck.\u201c<\/p>\n<p style=\"text-align: justify;\">Katharina Manthey, Referentin im Ministerium des Inneren, f\u00fcr Digitalisierung und Kommunen Baden-W\u00fcrttemberg:\u00a0\u201eGlasfaser ist die Technologie, die den steigenden Anforderungen der digitalen Welt heute und in Zukunft gerecht wird. Eine leistungsf\u00e4hige und zuverl\u00e4ssige Internetverbindung hat sich l\u00e4ngst zu einem entscheidenden Standortfaktor f\u00fcr private Haushalte sowie Unternehmen entwickelt.\u00a0Daher freue ich mich, dass heute der Startschuss f\u00fcr den gef\u00f6rderten Glasfaserausbau in Kirchheim unter Teck f\u00e4llt.\u201c<\/p>\n<p style=\"text-align: justify;\">Susanne Menzel vom Projekttr\u00e4ger Breitbandf\u00f6rderung des Bundes: &#8220;Mit diesem Spatenstich treiben wir die Digitalisierung entscheidend voran \u2013 eine leistungsf\u00e4hige Glasfaserinfrastruktur ist die Basis f\u00fcr Innovation, Wettbewerbsf\u00e4higkeit und eine vernetzte Zukunft. Ich freue mich, dass der Bund dieses wichtige Projekt mit einer 50-prozentigen F\u00f6rderung mitfinanziert und w\u00fcnsche der Stadt Kirchheim unter Teck viel Erfolg bei der Umsetzung.&#8221;<\/p>\n<hr \/>\n<p style=\"text-align: justify;\">\n","protected":false},"excerpt":{"rendered":"<p>KIRCHHEIM\/TECK.| Die Telekom schlie\u00dft jetzt auch bislang unterversorgte Adressen in Kirchheim unter Teck an ihr Glasfasernetz an. Auch der Flugplatz Hahnweide erh\u00e4lt eine Glasfaseranbindung. \u201eDas ist ein Riesengewinn f\u00fcr uns\u201c freut sich Norman Baum, 1. Vorsitzender der Fliegergruppe Wolf Hirth. \u201eJedes Jahr veranstalten wir den Internationalen Hahnweide-Segelflugwettbewerb. Und au\u00dferdem alle drei bis vier Jahre das [&hellip;]<\/p>\n","protected":false},"author":4,"featured_media":158296,"comment_status":"closed","ping_status":"open","sticky":false,"template":"","format":"standard","meta":{"inline_featured_image":false,"_exactmetrics_skip_tracking":false,"_exactmetrics_sitenote_active":false,"_exactmetrics_sitenote_note":"","_exactmetrics_sitenote_category":0,"footnotes":""},"categories":[59,2247],"tags":[1385,14857,15782,13954,68,11532],"class_list":{"0":"post-158295","1":"post","2":"type-post","3":"status-publish","4":"format-standard","5":"has-post-thumbnail","7":"category-aktuell","8":"category-kreis-esslingen","9":"tag-ausbau","10":"tag-die-webzeitung","11":"tag-glasfaser","12":"tag-kirchheim","13":"tag-online-zeitung","14":"tag-teck"},"image_feature":"https:\/\/die-webzeitung.de\/stuttgart\/wp-content\/uploads\/sites\/4\/2025\/10\/Bild1_Stadtverwaltung-Kirchheim-unter-Teck_Spatenstich-Glasfaserausbau-Projektbeteiligte.jpg","author_name":"Redaktion","pure_taxonomies":{"categories":[{"term_id":59,"name":"Aktuell","slug":"aktuell","term_group":0,"term_taxonomy_id":60,"taxonomy":"category","description":"","parent":0,"count":1017,"filter":"raw","image":""},{"term_id":2247,"name":"Kreis Esslingen","slug":"kreis-esslingen","term_group":0,"term_taxonomy_id":2260,"taxonomy":"category","description":"Informationen aus dem Landkreis Esslingen","parent":171,"count":214,"filter":"raw","image":""}],"tags":[{"term_id":1385,"name":"Ausbau","slug":"ausbau","term_group":0,"term_taxonomy_id":1394,"taxonomy":"post_tag","description":"","parent":0,"count":12,"filter":"raw","image":""},{"term_id":14857,"name":"Die-Webzeitung","slug":"die-webzeitung","term_group":0,"term_taxonomy_id":14876,"taxonomy":"post_tag","description":"","parent":0,"count":3623,"filter":"raw","image":""},{"term_id":15782,"name":"Glasfaser","slug":"glasfaser","term_group":0,"term_taxonomy_id":15801,"taxonomy":"post_tag","description":"","parent":0,"count":4,"filter":"raw","image":""},{"term_id":13954,"name":"Kirchheim","slug":"kirchheim","term_group":0,"term_taxonomy_id":13996,"taxonomy":"post_tag","description":"","parent":0,"count":5,"filter":"raw","image":""},{"term_id":68,"name":"Online-Zeitung","slug":"online-zeitung","term_group":0,"term_taxonomy_id":69,"taxonomy":"post_tag","description":"","parent":0,"count":3593,"filter":"raw","image":""},{"term_id":11532,"name":"Teck","slug":"teck","term_group":0,"term_taxonomy_id":11570,"taxonomy":"post_tag","description":"","parent":0,"count":3,"filter":"raw","image":""}]},"_links":{"self":[{"href":"https:\/\/die-webzeitung.de\/stuttgart\/wp-json\/wp\/v2\/posts\/158295","targetHints":{"allow":["GET"]}}],"collection":[{"href":"https:\/\/die-webzeitung.de\/stuttgart\/wp-json\/wp\/v2\/posts"}],"about":[{"href":"https:\/\/die-webzeitung.de\/stuttgart\/wp-json\/wp\/v2\/types\/post"}],"author":[{"embeddable":true,"href":"https:\/\/die-webzeitung.de\/stuttgart\/wp-json\/wp\/v2\/users\/4"}],"replies":[{"embeddable":true,"href":"https:\/\/die-webzeitung.de\/stuttgart\/wp-json\/wp\/v2\/comments?post=158295"}],"version-history":[{"count":1,"href":"https:\/\/die-webzeitung.de\/stuttgart\/wp-json\/wp\/v2\/posts\/158295\/revisions"}],"predecessor-version":[{"id":158297,"href":"https:\/\/die-webzeitung.de\/stuttgart\/wp-json\/wp\/v2\/posts\/158295\/revisions\/158297"}],"wp:featuredmedia":[{"embeddable":true,"href":"https:\/\/die-webzeitung.de\/stuttgart\/wp-json\/wp\/v2\/media\/158296"}],"wp:attachment":[{"href":"https:\/\/die-webzeitung.de\/stuttgart\/wp-json\/wp\/v2\/media?parent=158295"}],"wp:term":[{"taxonomy":"category","embeddable":true,"href":"https:\/\/die-webzeitung.de\/stuttgart\/wp-json\/wp\/v2\/categories?post=158295"},{"taxonomy":"post_tag","embeddable":true,"href":"https:\/\/die-webzeitung.de\/stuttgart\/wp-json\/wp\/v2\/tags?post=158295"}],"curies":[{"name":"wp","href":"https:\/\/api.w.org\/{rel}","templated":true}]}}