{"id":158281,"date":"2025-10-06T12:46:46","date_gmt":"2025-10-06T11:46:46","guid":{"rendered":"https:\/\/die-webzeitung.de\/stuttgart\/2025\/10\/06\/sara-daebritz-beendet-karriere-in-der-nationalmannschaft\/"},"modified":"2025-10-06T12:46:46","modified_gmt":"2025-10-06T11:46:46","slug":"sara-daebritz-beendet-karriere-in-der-nationalmannschaft","status":"publish","type":"post","link":"https:\/\/die-webzeitung.de\/stuttgart\/2025\/10\/06\/sara-daebritz-beendet-karriere-in-der-nationalmannschaft\/","title":{"rendered":"Sara D\u00e4britz beendet Karriere in der Nationalmannschaft"},"content":{"rendered":"<p style=\"text-align: justify;\">Nach vielen erfolgreichen Jahren im Trikot der deutschen\u00a0Frauen-Nationalmannschaft hat Sara D\u00e4britz\u00a0heute ihren R\u00fccktritt aus der Nationalmannschaft bekanntgegeben. Die 30-J\u00e4hrige deb\u00fctierte im Jahr 2013 f\u00fcr das DFB-Team und absolvierte insgesamt 111 L\u00e4nderspiele, in denen sie 18 Tore erzielte. Zu ihren gr\u00f6\u00dften Erfolgen z\u00e4hlen der Gewinn der Europameisterschaft 2013 in Schweden und die Goldmedaille bei den Olympischen Spielen 2016 in Rio de Janeiro. Nach Stationen beim SC Freiburg, dem FC Bayern M\u00fcnchen, Paris Saint-Germain und Olympique Lyon spielt D\u00e4britz seit diesem Sommer f\u00fcr Real Madrid.<\/p>\n<p style=\"text-align: justify;\">Sara D\u00e4britz sagt: &#8220;Ich blicke voller Dankbarkeit auf eine wundervolle internationale Karriere zur\u00fcck, die f\u00fcr immer einen Platz in meinem Herzen haben wird. Vom ersten bis zum letzten Spiel habe ich das Nationaltrikot mit Stolz, Freude und Demut getragen. Es war mir ein gro\u00dfes Privileg, f\u00fcr mein Land aufzulaufen. Ich habe noch beide Seiten miterlebt &#8211; von Spielen vor 2000 Zuschauern bis hin zu ausverkauften Stadien mit einer \u00fcberragenden Atmosph\u00e4re. Auf diese Entwicklung bin ich unglaublich stolz. Und ich freue mich ganz besonders f\u00fcr die n\u00e4chste Generation, die diesen Weg weitergehen darf und die Begeisterung f\u00fcr den deutschen Frauenfu\u00dfball noch gr\u00f6\u00dfer machen wird.&#8221;<\/p>\n<p style=\"text-align: justify;\">D\u00e4britz weiter: &#8220;Nach zw\u00f6lf Jahren in der Nationalmannschaft ist jetzt der richtige Moment gekommen, um Abschied zu nehmen. Es f\u00fchlt sich f\u00fcr mich richtig an. Mein Dank gilt allen Menschen, die mich auf diesem Weg begleitet haben: meinen Trainerinnen und Trainern, unserem Staff und vor allem meinen Mitspielerinnen, mit denen ich so viele unvergessliche Momente teilen durfte. Ihr seid gro\u00dfartig. Von Herzen: Danke!&#8221;<\/p>\n<p style=\"text-align: justify;\">DFB-Vizepr\u00e4sidentin Sabine Mammitzsch sagt: &#8220;Ich kenne Sara schon sehr lange und habe ihre sportliche Laufbahn von Beginn an in verschiedensten Funktionen begleitet. Ihre Bodenst\u00e4ndigkeit, ihre Authentizit\u00e4t, ihr umg\u00e4ngliches Wesen, ihr Humor und ihre herausragenden F\u00e4higkeiten als Spielerin haben sie ausgezeichnet. Sie hat uns alle bereichert &#8211; auch mit ihrer ruhigen Art und Weise.\u00a0Im Frauenfu\u00dfball spielte sie als Leistungstr\u00e4gerin \u00fcber Jahre eine wichtige und pr\u00e4gende Rolle und unterstreicht nun ihre Genialit\u00e4t eindrucksvoll bei Real Madrid. F\u00fcr ihren weiteren Weg w\u00fcnsche ich ihr alles Gute &#8211; wir werden sie in der Nationalmannschaft vermissen.&#8221;<\/p>\n<p style=\"text-align: justify;\">DFB-Sportdirektorin Nia K\u00fcnzer erkl\u00e4rt: &#8220;Sara kann sehr stolz auf ihre beeindruckende Karriere in der Nationalmannschaft sein, sie hat tiefe Spuren hinterlassen. Angefangen in den U-Teams, in denen sie sehr erfolgreich war, bis hin zur Frauen-Nationalmannschaft, als sie als sehr junge Spielerin schon bei der EM 2013 ihren ersten Titel im A-Team holen konnte. Sie ist eine Pers\u00f6nlichkeit, zu der andere Spielerinnen aufschauen k\u00f6nnen &#8211; ein echtes Vorbild, ein wunderbarer Mensch und sie verf\u00fcgt als Spielerin \u00fcber au\u00dfergew\u00f6hnliche F\u00e4higkeiten. Sara hat Herausragendes geleistet und war dabei stets bescheiden und bodenst\u00e4ndig. In jeder Phase ihrer Karriere hat sich Sara dabei in den Dienst der Mannschaft gestellt. Ich w\u00fcnsche ihr f\u00fcr ihre Zukunft alles Gute und freue mich darauf, sie noch einige Jahre auf Topniveau bei einem Spitzenklub wie Real zu sehen.&#8221;<\/p>\n<p style=\"text-align: justify;\">Bundestrainer Christian W\u00fcck sagt: &#8220;Sara war \u00fcber viele Jahre eine feste Gr\u00f6\u00dfe im deutschen Mittelfeld. Mit ihrer au\u00dfergew\u00f6hnlichen Spielintelligenz, ihrer Ruhe am Ball und ihren fu\u00dfballerischen Qualit\u00e4ten hat sie das Gesicht der Mannschaft \u00fcber Jahre mitgepr\u00e4gt. Nicht nur sportlich, auch menschlich war sie eine F\u00fchrungspers\u00f6nlichkeit: Mit ihrer Haltung, Erfahrung und Teamorientierung ist sie stets vorangegangen und hat sich immer in den Dienst der Mannschaft gestellt. Junge Spielerinnen konnten sich an ihr orientieren, sie war Vorbild und Teamplayerin zugleich. Ihre Erfolge mit der Nationalmannschaft sprechen f\u00fcr sich. Sie kann mit Stolz auf eine beeindruckende Karriere im DFB-Trikot zur\u00fcckblicken. F\u00fcr ihre kommenden Aufgaben bei Real Madrid w\u00fcnsche ich ihr von Herzen alles Gute.&#8221;<\/p>\n<p style=\"text-align: justify;\">Die Nationalmannschaftskarriere der geb\u00fcrtigen Ambergerin begann im Jahr 2010 mit ihrem ersten Einsatz f\u00fcr die U 15-Auswahl des DFB gegen die Niederlande. Es folgten zahlreiche Berufungen in Juniorinnen-Nationalteams. Zu den H\u00f6hepunkten ihrer Laufbahn im Nachwuchsbereich z\u00e4hlen der Gewinn der U 17-Europameisterschaft 2012, bei der sie das Team als Kapit\u00e4nin anf\u00fchrte, und der Titel bei der U 20-Weltmeisterschaft 2014 in Kanada.<\/p>\n<p style=\"text-align: justify;\">Bereits vor dem WM-Gewinn mit der U 20 feierte D\u00e4britz ihr Deb\u00fct in der A-Nationalmannschaft: Am 29. Juni 2013 stand sie in der M\u00fcnchner Allianz Arena gegen Japan erstmals f\u00fcr das DFB-Team auf dem Platz und setzte damit den ersten Schritt einer langen und beeindruckenden Laufbahn im DFB-Trikot.\u00a0Mit der A-Nationalmannschaft nahm D\u00e4britz an drei Weltmeisterschaften (2015, 2019, 2023) und vier Europameisterschaften (2013, 2017, 2022, 2025) teil. Sie wurde Europameisterin (2013) und Olympiasiegerin (2016). Ihr letzter Einsatz im Nationalmannschaftstrikot war das Halbfinale bei der EM 2025 gegen Spanien.<\/p>\n<hr \/>\n<p style=\"text-align: justify;\">\n","protected":false},"excerpt":{"rendered":"<p>Nach vielen erfolgreichen Jahren im Trikot der deutschen\u00a0Frauen-Nationalmannschaft hat Sara D\u00e4britz\u00a0heute ihren R\u00fccktritt aus der Nationalmannschaft bekanntgegeben. Die 30-J\u00e4hrige deb\u00fctierte im Jahr 2013 f\u00fcr das DFB-Team und absolvierte insgesamt 111 L\u00e4nderspiele, in denen sie 18 Tore erzielte. Zu ihren gr\u00f6\u00dften Erfolgen z\u00e4hlen der Gewinn der Europameisterschaft 2013 in Schweden und die Goldmedaille bei den Olympischen [&hellip;]<\/p>\n","protected":false},"author":4,"featured_media":147453,"comment_status":"closed","ping_status":"open","sticky":false,"template":"","format":"standard","meta":{"inline_featured_image":false,"_exactmetrics_skip_tracking":false,"_exactmetrics_sitenote_active":false,"_exactmetrics_sitenote_note":"","_exactmetrics_sitenote_category":0,"footnotes":""},"categories":[59,110],"tags":[18165,14857,129,18166,68,18167],"class_list":{"0":"post-158281","1":"post","2":"type-post","3":"status-publish","4":"format-standard","5":"has-post-thumbnail","7":"category-aktuell","8":"category-sport","9":"tag-daebritz","10":"tag-die-webzeitung","11":"tag-fusball","12":"tag-fussballerin","13":"tag-online-zeitung","14":"tag-sara"},"image_feature":"https:\/\/die-webzeitung.de\/stuttgart\/wp-content\/uploads\/sites\/4\/2022\/10\/fussball-scaled.jpg","author_name":"Redaktion","pure_taxonomies":{"categories":[{"term_id":59,"name":"Aktuell","slug":"aktuell","term_group":0,"term_taxonomy_id":60,"taxonomy":"category","description":"","parent":0,"count":1017,"filter":"raw","image":""},{"term_id":110,"name":"Sport","slug":"sport","term_group":0,"term_taxonomy_id":112,"taxonomy":"category","description":"Sportberichte","parent":0,"count":1043,"filter":"raw","image":""}],"tags":[{"term_id":18165,"name":"D\u00e4britz","slug":"daebritz","term_group":0,"term_taxonomy_id":18184,"taxonomy":"post_tag","description":"","parent":0,"count":1,"filter":"raw","image":""},{"term_id":14857,"name":"Die-Webzeitung","slug":"die-webzeitung","term_group":0,"term_taxonomy_id":14876,"taxonomy":"post_tag","description":"","parent":0,"count":3623,"filter":"raw","image":""},{"term_id":129,"name":"Fu\u00dfball","slug":"fusball","term_group":0,"term_taxonomy_id":131,"taxonomy":"post_tag","description":"","parent":0,"count":171,"filter":"raw","image":""},{"term_id":18166,"name":"Fussballerin","slug":"fussballerin","term_group":0,"term_taxonomy_id":18185,"taxonomy":"post_tag","description":"","parent":0,"count":1,"filter":"raw","image":""},{"term_id":68,"name":"Online-Zeitung","slug":"online-zeitung","term_group":0,"term_taxonomy_id":69,"taxonomy":"post_tag","description":"","parent":0,"count":3593,"filter":"raw","image":""},{"term_id":18167,"name":"Sara","slug":"sara","term_group":0,"term_taxonomy_id":18186,"taxonomy":"post_tag","description":"","parent":0,"count":1,"filter":"raw","image":""}]},"_links":{"self":[{"href":"https:\/\/die-webzeitung.de\/stuttgart\/wp-json\/wp\/v2\/posts\/158281","targetHints":{"allow":["GET"]}}],"collection":[{"href":"https:\/\/die-webzeitung.de\/stuttgart\/wp-json\/wp\/v2\/posts"}],"about":[{"href":"https:\/\/die-webzeitung.de\/stuttgart\/wp-json\/wp\/v2\/types\/post"}],"author":[{"embeddable":true,"href":"https:\/\/die-webzeitung.de\/stuttgart\/wp-json\/wp\/v2\/users\/4"}],"replies":[{"embeddable":true,"href":"https:\/\/die-webzeitung.de\/stuttgart\/wp-json\/wp\/v2\/comments?post=158281"}],"version-history":[{"count":0,"href":"https:\/\/die-webzeitung.de\/stuttgart\/wp-json\/wp\/v2\/posts\/158281\/revisions"}],"wp:featuredmedia":[{"embeddable":true,"href":"https:\/\/die-webzeitung.de\/stuttgart\/wp-json\/wp\/v2\/media\/147453"}],"wp:attachment":[{"href":"https:\/\/die-webzeitung.de\/stuttgart\/wp-json\/wp\/v2\/media?parent=158281"}],"wp:term":[{"taxonomy":"category","embeddable":true,"href":"https:\/\/die-webzeitung.de\/stuttgart\/wp-json\/wp\/v2\/categories?post=158281"},{"taxonomy":"post_tag","embeddable":true,"href":"https:\/\/die-webzeitung.de\/stuttgart\/wp-json\/wp\/v2\/tags?post=158281"}],"curies":[{"name":"wp","href":"https:\/\/api.w.org\/{rel}","templated":true}]}}