{"id":158274,"date":"2025-10-06T09:58:39","date_gmt":"2025-10-06T08:58:39","guid":{"rendered":"https:\/\/die-webzeitung.de\/stuttgart\/?p=158274"},"modified":"2025-10-06T09:58:39","modified_gmt":"2025-10-06T08:58:39","slug":"heizung-richtig-einstellen-geld-sparen-klima-schuetzen","status":"publish","type":"post","link":"https:\/\/die-webzeitung.de\/stuttgart\/2025\/10\/06\/heizung-richtig-einstellen-geld-sparen-klima-schuetzen\/","title":{"rendered":"Heizung richtig einstellen \u2013 Geld sparen \u2013 Klima sch\u00fctzen"},"content":{"rendered":"<p style=\"text-align: justify;\">Wer trotz steigender Kosten bares Geld sparen m\u00f6chte, sollte einen Blick auf die eigene Heizungsanlage werfen. Denn oft liegt es nicht an der Technik selbst, sondern an der Einstellung: Eine falsch geregelte Heizung verbraucht unn\u00f6tig viel Energie \u2013 und das geht ins Geld. Schon mit einfachen Ma\u00dfnahmen lassen sich 10 bis 15 Prozent der Heizkosten einsparen. Die Klimaschutzagentur des Landkreises Esslingen zeigt, worauf es ankommt.<\/p>\n<p style=\"text-align: justify;\">Ein zentraler Punkt ist die Vorlauftemperatur \u2013 also die Temperatur des Heizwassers, das vom Kessel in die Heizk\u00f6rper flie\u00dft. Sie sollte m\u00f6glichst genau zur Au\u00dfentemperatur passen. Moderne Heizungen regeln das automatisch \u00fcber die sogenannte Heizkurve. Ist diese zu steil eingestellt, wird mehr Energie verbraucht als n\u00f6tig. Eine flachere Kurve spart bares Geld und sorgt dennoch f\u00fcr angenehme W\u00e4rme. Zeitprogramme und smarte Steuerung bieten weitere Einsparpotenziale.<\/p>\n<p style=\"text-align: justify;\">Doch auch die beste Regelung bringt wenig, wenn die W\u00e4rme nicht richtig verteilt wird. Luft im System, verdeckte Heizk\u00f6rper oder ein fehlender hydraulischer Abgleich f\u00fchren dazu, dass einzelne R\u00e4ume nicht warm werden \u2013 und die Heizung unn\u00f6tig hoch eingestellt werden muss. Deshalb gilt: Heizk\u00f6rper freir\u00e4umen, regelm\u00e4\u00dfig entl\u00fcften und den hydraulischen Abgleich durchf\u00fchren lassen. F\u00fcr diese zentrale Ma\u00dfnahme ben\u00f6tigt man allerdings einen Fachbetrieb.<\/p>\n<p style=\"text-align: justify;\">F\u00fcnf einfache Tipps f\u00fcr weniger Heizkosten:<\/p>\n<ul style=\"text-align: justify;\">\n<li>Heizzeiten f\u00fcr Werktage und Wochenenden individuell einstellen.<\/li>\n<li>Sommer- und Winterzeit beachten.<\/li>\n<li>Im Urlaub Warmwasser ausschalten oder auf Frostschutzbetrieb stellen.<\/li>\n<li>Nachts die Temperatur absenken \u2013 aber nicht unter 16\u202f\u00b0C.<\/li>\n<li>Moderne Technik wie Wetterprognosen und mobile Steuerung nutzen.<\/li>\n<\/ul>\n<p style=\"text-align: justify;\"><u>Kostenfreie station\u00e4re Beratungen<\/u> k\u00f6nnen angeboten werden in N\u00fcrtingen, Kirchheim unter Teck, Filderstadt und Esslingen am Neckar und stehen allen Menschen im Kreis offen. Die Beratung dauert 45 Minuten.<\/p>\n<p style=\"text-align: justify;\"><u>Kosteng\u00fcnstige Beratungen zuhause<\/u> mit einem Eigenanteil von 40 Euro werden zudem Eigent\u00fcmerinnen und Eigent\u00fcmer von Wohngeb\u00e4uden angeboten und dauern bis zu 2 Stunden. Die Ergebnisse dieser Beratung erhalten die Ratsuchenden nach dem Termin in Form eines Berichts.<\/p>\n<p style=\"text-align: justify;\"><strong>Terminvereinbarung<\/strong><\/p>\n<p style=\"text-align: justify;\"><strong>telefonisch bei der Klimaschutzagentur\u00a0<\/strong><strong>unter 0711 \u2013 20 70 30 \u2013 70\u00a0<\/strong><strong>Mo \u2013 Do von 09:00 \u2013 13:00 Uhr<\/strong><\/p>\n<p style=\"text-align: justify;\">N\u00e4here Informationen zu diesen Angeboten erhalten Ratsuchende \u00fcber den Link <a href=\"http:\/\/www.ksa-es.de\/privatpersonen\/#energieberatung\" target=\"_blank\" rel=\"noopener\">www.ksa-es.de\/privatpersonen\/#energieberatung<\/a>.<\/p>\n<hr \/>\n<p style=\"text-align: justify;\">\n","protected":false},"excerpt":{"rendered":"<p>Wer trotz steigender Kosten bares Geld sparen m\u00f6chte, sollte einen Blick auf die eigene Heizungsanlage werfen. Denn oft liegt es nicht an der Technik selbst, sondern an der Einstellung: Eine falsch geregelte Heizung verbraucht unn\u00f6tig viel Energie \u2013 und das geht ins Geld. Schon mit einfachen Ma\u00dfnahmen lassen sich 10 bis 15 Prozent der Heizkosten [&hellip;]<\/p>\n","protected":false},"author":4,"featured_media":0,"comment_status":"closed","ping_status":"open","sticky":false,"template":"","format":"standard","meta":{"inline_featured_image":false,"_exactmetrics_skip_tracking":false,"_exactmetrics_sitenote_active":false,"_exactmetrics_sitenote_note":"","_exactmetrics_sitenote_category":0,"footnotes":""},"categories":[2247],"tags":[14857,17201,14440,9998,893,68],"class_list":{"0":"post-158274","1":"post","2":"type-post","3":"status-publish","4":"format-standard","6":"category-kreis-esslingen","7":"tag-die-webzeitung","8":"tag-einstellung","9":"tag-esslingen","10":"tag-heizung","11":"tag-klimaschutz","12":"tag-online-zeitung"},"image_feature":null,"author_name":"Redaktion","pure_taxonomies":{"categories":[{"term_id":2247,"name":"Kreis Esslingen","slug":"kreis-esslingen","term_group":0,"term_taxonomy_id":2260,"taxonomy":"category","description":"Informationen aus dem Landkreis Esslingen","parent":171,"count":214,"filter":"raw","image":""}],"tags":[{"term_id":14857,"name":"Die-Webzeitung","slug":"die-webzeitung","term_group":0,"term_taxonomy_id":14876,"taxonomy":"post_tag","description":"","parent":0,"count":3623,"filter":"raw","image":""},{"term_id":17201,"name":"Einstellung","slug":"einstellung","term_group":0,"term_taxonomy_id":17220,"taxonomy":"post_tag","description":"","parent":0,"count":3,"filter":"raw","image":""},{"term_id":14440,"name":"Esslingen","slug":"esslingen","term_group":0,"term_taxonomy_id":3885,"taxonomy":"post_tag","description":"","parent":0,"count":202,"filter":"raw","image":""},{"term_id":9998,"name":"Heizung","slug":"heizung","term_group":0,"term_taxonomy_id":10029,"taxonomy":"post_tag","description":"","parent":0,"count":5,"filter":"raw","image":""},{"term_id":893,"name":"Klimaschutz","slug":"klimaschutz","term_group":0,"term_taxonomy_id":902,"taxonomy":"post_tag","description":"","parent":0,"count":11,"filter":"raw","image":""},{"term_id":68,"name":"Online-Zeitung","slug":"online-zeitung","term_group":0,"term_taxonomy_id":69,"taxonomy":"post_tag","description":"","parent":0,"count":3593,"filter":"raw","image":""}]},"_links":{"self":[{"href":"https:\/\/die-webzeitung.de\/stuttgart\/wp-json\/wp\/v2\/posts\/158274","targetHints":{"allow":["GET"]}}],"collection":[{"href":"https:\/\/die-webzeitung.de\/stuttgart\/wp-json\/wp\/v2\/posts"}],"about":[{"href":"https:\/\/die-webzeitung.de\/stuttgart\/wp-json\/wp\/v2\/types\/post"}],"author":[{"embeddable":true,"href":"https:\/\/die-webzeitung.de\/stuttgart\/wp-json\/wp\/v2\/users\/4"}],"replies":[{"embeddable":true,"href":"https:\/\/die-webzeitung.de\/stuttgart\/wp-json\/wp\/v2\/comments?post=158274"}],"version-history":[{"count":1,"href":"https:\/\/die-webzeitung.de\/stuttgart\/wp-json\/wp\/v2\/posts\/158274\/revisions"}],"predecessor-version":[{"id":158275,"href":"https:\/\/die-webzeitung.de\/stuttgart\/wp-json\/wp\/v2\/posts\/158274\/revisions\/158275"}],"wp:attachment":[{"href":"https:\/\/die-webzeitung.de\/stuttgart\/wp-json\/wp\/v2\/media?parent=158274"}],"wp:term":[{"taxonomy":"category","embeddable":true,"href":"https:\/\/die-webzeitung.de\/stuttgart\/wp-json\/wp\/v2\/categories?post=158274"},{"taxonomy":"post_tag","embeddable":true,"href":"https:\/\/die-webzeitung.de\/stuttgart\/wp-json\/wp\/v2\/tags?post=158274"}],"curies":[{"name":"wp","href":"https:\/\/api.w.org\/{rel}","templated":true}]}}