{"id":158262,"date":"2025-10-06T10:20:09","date_gmt":"2025-10-06T09:20:09","guid":{"rendered":"https:\/\/die-webzeitung.de\/stuttgart\/?p=158262"},"modified":"2025-10-13T08:59:38","modified_gmt":"2025-10-13T07:59:38","slug":"polizei-report-kreis-esslingen-woche-41-4","status":"publish","type":"post","link":"https:\/\/die-webzeitung.de\/stuttgart\/2025\/10\/06\/polizei-report-kreis-esslingen-woche-41-4\/","title":{"rendered":"Polizei-Report Kreis Esslingen | Woche 41"},"content":{"rendered":"<p><em>Quelle: ots<\/em><\/p>\n<p style=\"text-align: justify;\"><strong>Esslingen: Verkehrsunfall mit Verletzten auf Einsatzfahrt<br \/>\n<\/strong>Am Samstagvormittag ist es an der Kreuzung der Landesstra\u00dfe 1192 zur Kreisstra\u00dfe 1215 zu einem Verkehrsunfall gekommen, bei welchem eine Person verletzt wurde. Der 22-j\u00e4hrige Fahrer eines Rettungswagens befand sich gegen 10.40 Uhr unter Verwendung von Sonder- und Wegerechten auf einer Einsatzfahrt \u00fcber die Adenauerbr\u00fccke und wollte nach links in Richtung Esslingen-Sirnau abbiegen. Zum \u00dcberqueren der rot zeigenden Ampel hatte er Blaulicht und Martinshorn eingeschaltet. W\u00e4hrend des Abbiegens kam ihm eine 78-j\u00e4hrige Fahrerin eines Pkw Ford aus Richtung Esslingen-Berkheim entgegen, woraufhin es im Kreuzungsbereich zur Frontalkollision beider Fahrzeuge kam. Ersten Erkenntnissen zu Folge hatte die Ford-Fahrerin zum Unfallzeitpunkt gr\u00fcn. Sie zog sich durch den Zusammensto\u00df leichte Verletzungen zu und musste in ein Krankenhaus gebracht werden. Der entstandene Sachschaden bel\u00e4uft sich auf 13.000 Euro. Die besch\u00e4digten Fahrzeuge wurden durch ein Abschleppunternehmen geborgen. Auslaufende Betriebsstoffe mussten durch eine Spezialfirma gebunden und entsorgt werden. W\u00e4hrend der Fahrbahnreinigung und Bergung der Fahrzeuge kam es immer wieder zu kurzzeitigen Teilsperrungen, die entsprechende Auswirkungen auf den Fahrzeugverkehr hatten.<\/p>\n<p style=\"text-align: justify;\"><strong>Filderstadt: Kollision zwischen Zweirad und Pkw<br \/>\n<\/strong>Schwere Verletzungen hat sich ein Kraftradfahrer bei einem Verkehrsunfall am Samstagmittag zugezogen, der sich auf der Landesstra\u00dfe 1208a bei Echterdingen in Richtung Bernhausen ereignet hat. Der 63-j\u00e4hrige Fahrer einer Aprilia fuhr gegen 14 Uhr linksseitig an, aufgrund roter Ampel, verkehrsbedingt wartenden Fahrzeugen vorbei. Ein 61-j\u00e4hriger Mercedes-Fahrer, der aus Richtung Ortsmitte von der Bernh\u00e4user Stra\u00dfe nach links auf die L 1208a einbog \u00fcbersah den Kraftradfahrer. Es kam zum Zusammensto\u00df zwischen den beiden Fahrzeugen, wodurch sich der Zweiradlenker so schwere Verletzungen zuzog, dass er mit dem Rettungsdienst in eine Klinik gebracht werden musste. Der Mercedes war in Folge des Unfalles nicht mehr fahrbereit und wurde durch einen Abschleppdienst geborgen. Insgesamt entstand an den beiden Fahrzeugen ein Schaden von etwa 15.000 Euro. Das Polizeirevier Filderstadt hat die Unfallermittlungen, insbesondere zur Frage, wie die Ampeln zum Unfallzeitpunkt geschalten waren, aufgenommen.<\/p>\n<p style=\"text-align: justify;\"><strong>K\u00f6ngen: Kleinbrand in Frachtzentrum<br \/>\n<\/strong>Am Samstagabend sind Einsatzkr\u00e4fte der Feuerwehr und der Polizei zu einem Brand ins Industriegebiet nahe der Robert-Bosch-Stra\u00dfe ausger\u00fcckt. Kurz vor 19 Uhr kam es im Frachtzentrum in einem Paket zun\u00e4chst zu einer Rauchentwicklung, die sich im weiteren Verlauf zu einem Kleinbrand entwickelte. In dem Paket befand sich ein Spielzeug, dessen Akku vermutlich aufgrund eines technischen Defekts zur Ausl\u00f6sung des Brandes f\u00fchrte. Das Feuer konnte durch die Einsatzkr\u00e4fte der Feuerwehr rasch gel\u00f6scht werden. Der entstandene Sachschaden am Spielzeug wird auf circa 1.000 Euro gesch\u00e4tzt. Es wurde niemand verletzt. Die Freiwillige Feuerwehr K\u00f6ngen war mit vier Fahrzeugen und 30 Einsatzkr\u00e4ften vor Ort.<\/p>\n<p style=\"text-align: justify;\"><strong>Filderstadt: Radfahrerin verletzt<br \/>\n<\/strong>Die Missachtung der Vorfahrt ist die Ursache eines Verkehrsunfalls, der sich am Freitagnachmittag an der Kreuzung St\u00fctzenweg \/ Pulsstra\u00dfe im Stadtteil Bernhausen ereignet hat. Eine 31-J\u00e4hrige war gegen 17.05 Uhr mit ihrem Fahrrad auf dem St\u00fctzenweg unterwegs. Als sie die Kreuzung zur Pulsstra\u00dfe geradeaus \u00fcberquerte, \u00fcbersah sie einen von rechts kommenden und vorfahrtsberechtigten Ford. Dessen 51 Jahre alte Fahrerin hatte keinerlei Chancen mehr, rechtzeitig zu reagieren, sodass es im Kreuzungsbereich zur Kollision der Fahrzeuge kam. Dabei erlitt die Radfahrerin nach derzeitigen Erkenntnissen Verletzungen noch unbekannten Ausma\u00dfes. Sie wurde durch den Rettungsdienst in ein Krankenhaus gebracht. Der entstandene Sachschaden an den beteiligten Fahrzeugen wird auf etwa 3.300 Euro gesch\u00e4tzt.<\/p>\n<p style=\"text-align: justify;\"><strong>Weilheim\/Teck-Hepsisau: Geb\u00e4udebrand<br \/>\n<\/strong>Am fr\u00fchen Samstagmorgen ist es in der Hauptstra\u00dfe zu einem Geb\u00e4udebrand gekommen. Gegen 03.10 Uhr w\u00e4hlten mehrere Anwohner den Notruf und teilten der Integrierten Leitstelle den Brand einer Scheune mit angrenzendem Wohngeb\u00e4ude mit. Beim Eintreffen der Rettungskr\u00e4fte konnten Flammen im Bereich des Dachstuhls der Scheune festgestellt werden. Alle Bewohner konnten das Brandobjekt selbstst\u00e4ndig und unverletzt verlassen. Gegen 04.30 Uhr konnte der Brand durch die Feuerwehr, welche mit zw\u00f6lf Fahrzeugen und 80 Einsatzkr\u00e4ften vor Ort war, schlie\u00dflich gel\u00f6scht werden. Die Schadensh\u00f6he bel\u00e4uft sich auf sch\u00e4tzungsweise 300.000 Euro. Zur Brandursache kann derzeit noch keine Aussage getroffen werden. Die Ermittlungen hierzu dauern an.<\/p>\n<p style=\"text-align: justify;\"><strong>Filderstadt: Nach Sturz in Krankenhaus gebracht<br \/>\n<\/strong>Ein Motorradfahrer ist nach einem Sturz am Donnerstagnachmittag vom Rettungsdienst ins Krankenhaus gebracht worden. Der 54-J\u00e4hrige war mit seiner Yamaha gegen 14.50 Uhr auf der Weidacher Stra\u00dfe in Bernhausen unterwegs und wollte nach links auf die Echterdinger Stra\u00dfe abbiegen. Dabei kam der Biker zu Fall. Aufgrund seiner dabei erlittenen Verletzungen kam er zur weiteren Untersuchung und Behandlung in eine Klinik. Der Schaden an der Maschine d\u00fcrfte sich auf sch\u00e4tzungsweise 1.000 Euro belaufen.<\/p>\n<p style=\"text-align: justify;\"><strong>Esslingen: Rauchmelder verhindert Brandgeschehen<br \/>\n<\/strong>Der Installation eines Rauchmelders ist es zu verdanken, dass durch einen vergessenen, eingeschalteten Herd in einer Wohnung im Goerdelerweg nichts Schlimmeres geschah. Nachdem eine Bewohnerin gegen 15 Uhr einen Kochtopf mit Suppe auf den eingeschalteten Herd gestellt hatte, diesen offensichtlich vergessen hatte und die Wohnung verlie\u00df, entwickelte sich hieraus massiver Rauch, der den Melder ausl\u00f6ste. Die Feuerwehr, welche mit f\u00fcnf Fahrzeugen und 25 Kr\u00e4ften an den Einsatzort geeilt war, beseitigte die Gefahrenquelle und bel\u00fcftete die stark verrauchten R\u00e4umlichkeiten.<\/p>\n<p style=\"text-align: justify;\"><strong>Neuffen: Psychisch auff\u00e4llige Person<br \/>\n<\/strong>Wegen des Verdachts der K\u00f6rperverletzung ermittelt der Polizeiposten Neuffen gegen einen 36-J\u00e4hrigen nach einem Vorfall am Donnerstagmorgen in der Hauptstra\u00dfe in Neuffen. Dort hatte der offenbar verwirrte Mann Passanten und Schul- und Kindergartenkinder in aggressiver Art und Weise angesprochen, auf Autos eingeschlagen und war auch auf die Motorhaube eines Fahrzeugs gestiegen. Im weiteren Verlauf entbl\u00f6\u00dfte er sich vollst\u00e4ndig, rannte nackt die Stra\u00dfe entlang und ging auch einen Passanten k\u00f6rperlich an, bevor er von den zwischenzeitlich alarmierten Polizeibeamten in Gewahrsam genommen werden konnte. Er wurde nachfolgend in eine Fachklinik eingeliefert und dort station\u00e4r aufgenommen. Ernstlich verletzt wurde nach derzeitigem Kenntnisstand niemand, auch Sachsch\u00e4den wurden bislang nicht bekannt.<\/p>\n<p style=\"text-align: justify;\"><strong>Esslingen: Unfall mit schwerstverletztem Motorradfahrer<br \/>\n<\/strong>Schwerste Verletzungen hat ein Motorradfahrer bei einem Verkehrsunfall am Mittwochabend auf der R\u00f6merstra\u00dfe beim Segelfluggel\u00e4nde erlitten. Ein 18-J\u00e4hriger war gegen 18.15 Uhr mit einem 1er BMW auf der Wiflingshauser Stra\u00dfe unterwegs. Beim Linksabbiegen auf die K 1213, R\u00f6merstra\u00dfe, \u00fcbersah er den von links kommenden, vorfahrtsberechtigten 17 Jahre alten Lenker eines Leichtkraftrads der Marke Piaggio Aprilia. Der Jugendliche prallte mit seiner Maschine gegen die linke Seite des Pkw und wurde \u00fcber das Auto abgewiesen. Beim Sturz auf die Fahrbahn zog er sich so schwere Verletzungen zu, dass er mit einem Rettungshubschrauber in eine Klinik geflogen werden musste. Der Unfallverursacher erlitt einen schweren Schock. Der Schaden an den beiden Fahrzeugen wird auf 12.000 Euro gesch\u00e4tzt. In die Ermittlungen der Esslinger Verkehrspolizei wurde ein Gutachter eingeschalten. W\u00e4hrend der Unfallaufnahme musste die Unfallstelle in beide Richtungen bis kurz nach 21.30 Uhr voll gesperrt werden.<\/p>\n<p style=\"text-align: justify;\"><strong>Plochingen: Auf Fu\u00dfg\u00e4nger\u00fcberweg angefahren (Zeugenaufruf)<br \/>\n<\/strong>Das Polizeirevier Esslingen sucht Zeugen zu einem Verkehrsunfall am Mittwochnachmittag. Den derzeitigen Ermittlungen zufolge wurde eine 54 Jahre alte Fu\u00dfg\u00e4ngerin gegen 14 Uhr im Einm\u00fcndungsbereich Esslinger Stra\u00dfe \/ Bergstra\u00dfe beim \u00dcberqueren des dortigen Fu\u00dfg\u00e4nger\u00fcberwegs von einem roten Smart angefahren. Der noch unbekannte Lenker des Wagens fuhr jedoch in Richtung Innenstadt weiter. Die 54-J\u00e4hrige musste aufgrund ihrer erlittenen Verletzungen vom Rettungsdienst ins Krankenhaus gebracht werden. Zeugen, die den Unfall beobachtet haben, werden gebeten, sich unter der Telefonnummer 0711\/3990-0 zu melden.<\/p>\n<p style=\"text-align: justify;\"><strong>Baltmannsweiler: Bei Bremsvorgang gest\u00fcrzt<br \/>\n<\/strong>Ein 16-J\u00e4hriger ist bei einem Verkehrsunfall am Dienstagabend in der Turmstra\u00dfe leicht verletzt worden. Der Jugendliche war kurz vor 21 Uhr mit seinem Kleinkraftrad Piaggio Aprilia auf der Turmstra\u00dfe in Richtung Esslingen unterwegs. Aufgrund eines am rechten Fahrbahnrand geparkten Seat Leon sowie eines entgegenkommenden Pkw musste der Kradlenker seine Geschwindigkeit verringern, wobei er offensichtlich zu stark abbremste, mit seinem Zweirad st\u00fcrzte und in der Folge gegen den geparkten Wagen prallte. Der Rettungsdienst brachte den Verletzten in eine Klinik. An seiner Aprilia sowie am Seat entstanden ein Schaden von mindestens 1.000 Euro.<\/p>\n<p style=\"text-align: justify;\"><strong>N\u00fcrtingen: Starker Zigarettenrauch l\u00f6st Brandalarm aus<br \/>\n<\/strong>Die Einsatzkr\u00e4fte von Feuerwehr und Polizei sind am Dienstagabend zu einem Brandeinsatz in die Max-Eyth-Stra\u00dfe gerufen worden. Kurz vor 20 Uhr hatte dort ein Brandmelder Alarm ausgel\u00f6st. Bei der \u00dcberpr\u00fcfung vor Ort stellte sich heraus, dass der Melder aufgrund von starkem Zigarettenrauch in einem Bewohnerzimmer aktiviert wurde. Ein Brandgeschehen war nicht eingetreten. Die Feuerwehr war mit vier Fahrzeugen und 20 Einsatzkr\u00e4ften vor Ort. Das Polizeirevier N\u00fcrtingen ermittelt.<\/p>\n<p style=\"text-align: justify;\"><strong>Altbach: BMW aus dem Verkehr gezogen<br \/>\n<\/strong>Beamte der Verkehrspolizei Esslingen haben am sp\u00e4ten Dienstagabend einen Pkw mit gravierenden M\u00e4ngeln aus dem Verkehr gezogen. Gegen 23.15 Uhr wurde die Streifenbesatzung auf einen BMW in der Esslinger Stra\u00dfe aufmerksam und kontrollierte ihn. Hierbei stellten sie neben falsch verbauten Auspuffteilen auch unzul\u00e4ssige Ver\u00e4nderungen am Fahrzeug fest. Sicherheitsm\u00e4ngel an der Batterie, eine nicht den Vorschriften entsprechend funktionierende Lichtanlage sowie fehlerhaft montierte Scheinwerfer komplettierten den nicht verkehrssicheren Zustand des Pkw. Dem 50 Jahre alten Lenker wurde die Weiterfahrt mit dem Fahrzeug, an dem die Betriebserlaubnis erloschen war, untersagt. In erwartet nun ein Bu\u00dfgeldverfahren.<\/p>\n<p style=\"text-align: justify;\"><strong>N\u00fcrtingen: B\u00f6ller an Schule gez\u00fcndet<br \/>\n<\/strong>Zahlreiche Einsatzkr\u00e4fte von Rettungsdienst, Feuerwehr und Polizei sind am Dienstagvormittag zum Realschulkomplex in der M\u00fchlstra\u00dfe ausger\u00fcckt. Gegen 10.25 Uhr z\u00fcndete eine bislang unbekannte Person auf dem gemeinsamen Pausenhof im \u00fcberdachten Eingangsbereich offenbar einen B\u00f6ller. Nach derzeitigem Kenntnisstand erlitten drei Sch\u00fcler im Alter von elf und zw\u00f6lf Jahren leichte Verletzungen, zwei davon wurden vom Rettungsdienst zur weiteren Abkl\u00e4rung in ein Klinikum verbracht. Sachschaden entstand nicht. Das Polizeirevier N\u00fcrtingen hat die Ermittlungen wegen des Verdachts der gef\u00e4hrlichen K\u00f6rperverletzung aufgenommen.<\/p>\n<p style=\"text-align: justify;\"><strong>Plochingen: Geldbeutel geraubt<br \/>\n<\/strong>Wegen des Verdachts des Raubes ermittelt die Polizei seit dem fr\u00fchen Dienstag gegen einen 15-J\u00e4hrigen. Dem Jugendlichen wird zur Last gelegt, gegen 00.30 Uhr in der Marktstra\u00dfe einen 39-J\u00e4hrigen geschlagen und dessen Geldb\u00f6rse geraubt zu haben. Der Gesch\u00e4digte begab sich danach nach Hause und verst\u00e4ndigte \u00fcber Notruf die Polizei. Im Zuge der eingeleiteten Fahndungsma\u00dfnahmen konnte der 15-j\u00e4hrige Tatverd\u00e4chtige, auf den die Personenbeschreibung zutraf, noch in Tatortn\u00e4he angetroffen und vor\u00fcbergehend festgenommen werden. Er f\u00fchrte neben dem Handy des 39-J\u00e4hrigen auch dessen Geldb\u00f6rse mit sich. Die Gegenst\u00e4nde wurden von den Beamten beschlagnahmt. Der Jugendliche sieht nun einer entsprechenden Strafanzeige bei der Staatsanwaltschaft entgegen.<\/p>\n<p style=\"text-align: justify;\"><strong>Notzingen: Unfall bei \u00dcberholman\u00f6ver<br \/>\n<\/strong>Ein \u00dcberholman\u00f6ver hat am Dienstagvormittag in Notzingen zu einem Verkehrsunfall mit Personenschaden gef\u00fchrt. Den derzeitigen Ermittlungen der Verkehrspolizei zufolge setzte ein 42 Jahre alter Mercedes-Lenker, der gegen 11.15 Uhr auf der Hochdorfer Stra\u00dfe in Richtung Kirchheim unterwegs war, zum \u00dcberholen eines Mercedes an, der von einer 28-J\u00e4hrigen gelenkt wurde. Ein entgegenkommender Zeuge bremste seinen Wagen daher bis zum Stillstand ab. Der 42-J\u00e4hrige scherte seinerseits so dicht vor dem Auto der 28-J\u00e4hrigen ein, dass es zur Kollision der beiden Mercedes kam. Ersten Erkenntnissen zufolge verletzten sich beim Zusammensto\u00df beide Personen leicht, weshalb sie der Rettungsdienst zur weiteren Untersuchung und Behandlung in umliegende Kliniken brachte. Auch ein bei der Frau mitfahrendes, knapp einj\u00e4hriges Kind kam vorsorglich ins Krankenhaus. Der Blechschaden an den beiden Autos d\u00fcrfte insgesamt mit sch\u00e4tzungsweise 20.000 Euro zu Buche schlagen.<\/p>\n<p style=\"text-align: justify;\"><strong>Ostfildern: Kind gegen Pkw gerannt<br \/>\n<\/strong>Bei einem Verkehrsunfall am Montagnachmittag in der Kirchheimer Stra\u00dfe in Ruit ist ein Kind leicht verletzt worden. Ein siebenj\u00e4hriger Junge rannte gegen 14.45 Uhr zwischen geparkten Pkw auf den Fahrbereich eines Parkdecks und prallte hierbei gegen einen vorbeifahrenden Mercedes einer 47 Jahre alten Frau. Der Rettungsdienst brachte das Kind anschlie\u00dfend zur medizinischen Behandlung in eine Klinik.<\/p>\n<p style=\"text-align: justify;\"><strong>N\u00fcrtingen: Frau angegriffen (Zeugenaufruf)<br \/>\n<\/strong>Noch unklar sind der Ablauf und die Hintergr\u00fcnde eines Vorfalls, der sich am fr\u00fchen Dienstagmorgen in der Jakobstra\u00dfe ereignet hat. Derzeitigen Kenntnissen zufolge war eine 25-J\u00e4hrige gegen 5.15 Uhr zu Fu\u00df in der Jakobstra\u00dfe unterwegs, als sie, ihren Angaben zufolge, pl\u00f6tzlich von hinten angegriffen, niedergeschlagen und mit einem scharfen Gegenstand verletzt wurde. Anschlie\u00dfend soll der Angreifer in unbekannte Richtung gefl\u00fcchtet sein. Die Frau alarmierte in der Folge die Polizei woraufhin sofort umfangreiche Fahndungsma\u00dfnahmen eingeleitet wurden. Diese verliefen bislang ergebnislos. Ein Rettungswagen brachte die Frau zur Behandlung ins Krankenhaus. Die Kriminalpolizei hat noch vor Ort die Ermittlungen aufgenommen und sucht unter der Telefonnummer 0711\/3990-0 nach Zeugen. Hinweise nimmt auch das Polizeirevier N\u00fcrtingen, Telefon 07022\/9224-0 entgegen.<\/p>\n<p style=\"text-align: justify;\"><strong>Deizisau: Unfall mit drei Fahrzeugen auf der B 10<br \/>\n<\/strong>Ein Verkehrsunfall mit drei Fahrzeugen hat sich am Montagmorgen im Berufsverkehr auf der B 10 in Fahrtrichtung Stuttgart ereignet. Ersten Ermittlungen nach war gegen 7.15 Uhr zun\u00e4chst eine 24-J\u00e4hrige auf H\u00f6he von Deizisau mit ihrem Mini Cooper auf den vor ihr abbremsenden 3er BMW einer 23 Jahre alten Frau aufgefahren. Im Anschluss prallte ein 29-j\u00e4hriger Seat-Fahrer mit seinem Ibiza gegen den Mini. Bei dem Unfall erlitt neben den beiden Frauen auch ein 24 Jahre alten Beifahrer in dem Mini Cooper leichte Verletzungen. Sie wurden vom Rettungsdienst in eine Klinik zur medizinischen Versorgung gebracht. Alle Fahrzeuge mussten abgeschleppt werden. Der Gesamtschaden bel\u00e4uft sich einer ersten Sch\u00e4tzung nach auf rund 30.000 Euro. Es kam zu Verkehrsbeeintr\u00e4chtigungen.<\/p>\n<p style=\"text-align: justify;\"><strong>Filderstadt: Fahrzeugbrand in Bernhausen<br \/>\n<\/strong>In Bernhausen ist am Sonntagvormittag, gegen 10.20 Uhr, ein Lastwagen in Brand geraten. Nach derzeitigem Kenntnisstand d\u00fcrfte die Sattelzugmaschine wohl aufgrund eines technischen Defekts im Motorraum Feuer gefangen haben, nachdem der Fahrer kurz zuvor in der Stra\u00dfe Weilerhof angehalten hatte. Noch vor dem Eintreffen der Feuerwehr konnten die Flammen von Zeugen gr\u00f6\u00dftenteils gel\u00f6scht werden. Die Schadensh\u00f6he kann abschlie\u00dfend noch nicht beziffert werden.<\/p>\n<p style=\"text-align: justify;\"><strong>Reichenbach\/Fils: Tier ausgewichen und gegen Schutzplanken geprallt<br \/>\n<\/strong>Erheblicher Sachschaden ist am sp\u00e4ten Sonntagabend bei einem Unfall auf der B10 entstanden. Gegen 23.30 Uhr war ein 30-J\u00e4hriger mit einem Audi A5 auf der Bundesstra\u00dfe von Esslingen in Richtung Ulm unterwegs, als kurz nach dem Plochinger Dreieck ein unbekanntes Tier die Fahrbahn \u00fcberquerte. Infolge des pl\u00f6tzlichen Ausweichens prallte der Mann mit seinem Wagen in die Schutzplanken. Der Schaden am Pkw bel\u00e4uft sich auf mindestens 10.000 Euro, hinzu kommt eine Besch\u00e4digung der Schutzplanke in noch nicht bekannter H\u00f6he.<\/p>\n<p style=\"text-align: justify;\"><strong>Reichenbach\/Fils: Baum auf Haus gest\u00fcrzt<br \/>\n<\/strong>Vergleichsweise glimpflich endete der Sturz eines Baumes auf ein Wohnhaus am Samstagnachmittag in der F\u00fcrstenstra\u00dfe. Eine Windb\u00f6e riss dabei gegen 15.30 Uhr einen etwa 20 Meter hohen Baum um, der daraufhin auf den Anbau eines Wohngeb\u00e4udes st\u00fcrzte und die Dacheindeckung besch\u00e4digte. Einsatzkr\u00e4fte der Feuerwehr entfernten in der Folge fachm\u00e4nnisch den Baum. Der Schaden d\u00fcrfte im vierstelligen Bereich liegen. Verletzt wurde gl\u00fccklicherweise niemand.<\/p>\n<p style=\"text-align: justify;\"><strong>Filderstadt: P\u00f6beleien enden in Polizeigewahrsam<br \/>\n<\/strong>Eine Frau musste am Sonntagabend nach mehrfachen P\u00f6beleien in der T\u00fcbinger Stra\u00dfe in Bernhausen in Gewahrsam genommen werden. Gegen 20 Uhr waren die Einsatzkr\u00e4fte an den Bahnhofsvorplatz gerufen worden. Dort hatte zuvor eine 35-J\u00e4hrige fortlaufend Passanten bel\u00e4stigt, woraufhin ihr durch die Beamten ein Platzverweis ausgesprochen wurde. Nur 15 Minuten sp\u00e4ter kehrte sie zur\u00fcck und p\u00f6belte in aggressiver Weise die Kunden in einem Schnellimbiss an. Eine Polizeistreife nahm daraufhin die stark alkoholisierte Frau in Gewahrsam. Sie konnte daraufhin sicher die Nacht im Ortsarrest des Polizeireviers Filderstadt verbringen.<\/p>\n<hr \/>\n<p>&nbsp;<\/p>\n","protected":false},"excerpt":{"rendered":"<p>Quelle: ots Esslingen: Verkehrsunfall mit Verletzten auf Einsatzfahrt Am Samstagvormittag ist es an der Kreuzung der Landesstra\u00dfe 1192 zur Kreisstra\u00dfe 1215 zu einem Verkehrsunfall gekommen, bei welchem eine Person verletzt wurde. Der 22-j\u00e4hrige Fahrer eines Rettungswagens befand sich gegen 10.40 Uhr unter Verwendung von Sonder- und Wegerechten auf einer Einsatzfahrt \u00fcber die Adenauerbr\u00fccke und wollte [&hellip;]<\/p>\n","protected":false},"author":4,"featured_media":152245,"comment_status":"closed","ping_status":"open","sticky":false,"template":"","format":"standard","meta":{"inline_featured_image":false,"_exactmetrics_skip_tracking":false,"_exactmetrics_sitenote_active":false,"_exactmetrics_sitenote_note":"","_exactmetrics_sitenote_category":0,"footnotes":""},"categories":[11240],"tags":[14857,14440,68,205,1625],"class_list":{"0":"post-158262","1":"post","2":"type-post","3":"status-publish","4":"format-standard","5":"has-post-thumbnail","7":"category-region-esslingen","8":"tag-die-webzeitung","9":"tag-esslingen","10":"tag-online-zeitung","11":"tag-polizei","12":"tag-report"},"image_feature":"https:\/\/die-webzeitung.de\/stuttgart\/wp-content\/uploads\/sites\/4\/2024\/02\/Polizei-Pix-scaled.jpg","author_name":"Redaktion","pure_taxonomies":{"categories":[{"term_id":11240,"name":"Polizei-Report Esslingen","slug":"region-esslingen","term_group":0,"term_taxonomy_id":11278,"taxonomy":"category","description":"Polizeiberichte aus der Region des Landkreises Esslingen","parent":1619,"count":69,"filter":"raw","image":""}],"tags":[{"term_id":14857,"name":"Die-Webzeitung","slug":"die-webzeitung","term_group":0,"term_taxonomy_id":14876,"taxonomy":"post_tag","description":"","parent":0,"count":3623,"filter":"raw","image":""},{"term_id":14440,"name":"Esslingen","slug":"esslingen","term_group":0,"term_taxonomy_id":3885,"taxonomy":"post_tag","description":"","parent":0,"count":202,"filter":"raw","image":""},{"term_id":68,"name":"Online-Zeitung","slug":"online-zeitung","term_group":0,"term_taxonomy_id":69,"taxonomy":"post_tag","description":"","parent":0,"count":3593,"filter":"raw","image":""},{"term_id":205,"name":"Polizei","slug":"polizei","term_group":0,"term_taxonomy_id":208,"taxonomy":"post_tag","description":"","parent":0,"count":277,"filter":"raw","image":""},{"term_id":1625,"name":"Report","slug":"report","term_group":0,"term_taxonomy_id":1634,"taxonomy":"post_tag","description":"","parent":0,"count":210,"filter":"raw","image":""}]},"_links":{"self":[{"href":"https:\/\/die-webzeitung.de\/stuttgart\/wp-json\/wp\/v2\/posts\/158262","targetHints":{"allow":["GET"]}}],"collection":[{"href":"https:\/\/die-webzeitung.de\/stuttgart\/wp-json\/wp\/v2\/posts"}],"about":[{"href":"https:\/\/die-webzeitung.de\/stuttgart\/wp-json\/wp\/v2\/types\/post"}],"author":[{"embeddable":true,"href":"https:\/\/die-webzeitung.de\/stuttgart\/wp-json\/wp\/v2\/users\/4"}],"replies":[{"embeddable":true,"href":"https:\/\/die-webzeitung.de\/stuttgart\/wp-json\/wp\/v2\/comments?post=158262"}],"version-history":[{"count":11,"href":"https:\/\/die-webzeitung.de\/stuttgart\/wp-json\/wp\/v2\/posts\/158262\/revisions"}],"predecessor-version":[{"id":158336,"href":"https:\/\/die-webzeitung.de\/stuttgart\/wp-json\/wp\/v2\/posts\/158262\/revisions\/158336"}],"wp:featuredmedia":[{"embeddable":true,"href":"https:\/\/die-webzeitung.de\/stuttgart\/wp-json\/wp\/v2\/media\/152245"}],"wp:attachment":[{"href":"https:\/\/die-webzeitung.de\/stuttgart\/wp-json\/wp\/v2\/media?parent=158262"}],"wp:term":[{"taxonomy":"category","embeddable":true,"href":"https:\/\/die-webzeitung.de\/stuttgart\/wp-json\/wp\/v2\/categories?post=158262"},{"taxonomy":"post_tag","embeddable":true,"href":"https:\/\/die-webzeitung.de\/stuttgart\/wp-json\/wp\/v2\/tags?post=158262"}],"curies":[{"name":"wp","href":"https:\/\/api.w.org\/{rel}","templated":true}]}}