{"id":158225,"date":"2025-10-04T20:03:54","date_gmt":"2025-10-04T19:03:54","guid":{"rendered":"https:\/\/die-webzeitung.de\/stuttgart\/?p=158225"},"modified":"2025-10-05T10:09:11","modified_gmt":"2025-10-05T09:09:11","slug":"gemeinderat-beschliesst-besetzungs-und-wiederbesetzungssperre","status":"publish","type":"post","link":"https:\/\/die-webzeitung.de\/stuttgart\/2025\/10\/04\/gemeinderat-beschliesst-besetzungs-und-wiederbesetzungssperre\/","title":{"rendered":"Gemeinderat beschlie\u00dft Besetzungs- und Wiederbesetzungssperre"},"content":{"rendered":"<p style=\"text-align: justify;\">STUTTGART.| Der Gemeinderat der Landeshauptstadt Stuttgart hat in seiner letzten Sitzung am 25. September eine sofortige Besetzungs- und Wiederbesetzungssperre f\u00fcr alle Stellen beschlossen, die Aufgaben im freiwilligen Bereich wahrnehmen. Dies ist Teil des\u00a0Haushaltssicherungskonzepts, das der Gemeinderat der Verwaltung im Juni auferlegt hatte. Von der Sperre ausgenommen sind alle Stellen, die mit der Erf\u00fcllung von Pflichtaufgaben verbunden sind, sowie Besetzungen infolge von Mutterschutz oder Elternzeit. Ausgenommen sind zum Beispiel Stellen in Bereichen wie der Ordnungsverwaltung, etwa in B\u00fcrgerb\u00fcros und im Ausl\u00e4nderwesen, sowie der Kinder- und Jugendhilfe, die f\u00fcr die Erf\u00fcllung gesetzlicher Vorschriften und sozialer Pflichtaufgaben unerl\u00e4sslich sind. Auch Auszubildende mit einer \u00dcbernahmegarantie sollen nach Abschluss ihrer Ausbildung weiterbesch\u00e4ftigt werden. Die Eigenbetriebe der Landeshauptstadt Stuttgart sind von dieser Sperre ausgenommen.<\/p>\n<p style=\"text-align: justify;\">Der Beschluss fiel mit den Stimmen von CDU, B\u00fcndnis90\/Die Gr\u00fcnen, AfD, Freie W\u00e4hler und FDP. Es gab 18 Gegenstimmen der Fraktionen SPD und Volt, Die Linke S\u00d6S Plus und PULS.<\/p>\n<p style=\"text-align: justify;\">Erster B\u00fcrgermeister Dr. Fabian Mayer verwies in seiner Begr\u00fcndung darauf, dass der\u00a0Personalhaushalt mit \u00fcber einer Milliarde Euro der gr\u00f6\u00dfte Teilhaushalt der Landeshauptstadt\u00a0Stuttgart sei. \u201eWie in allen anderen Bereichen m\u00fcssen wir auch hier sparen. Die finanziellen Auswirkungen der Ma\u00dfnahme lassen sich gegenw\u00e4rtig zwar noch nicht abschlie\u00dfend beziffern, da es noch ein paar Unbekannte in der Gleichung gibt. Wir wissen jedoch, dass gegenw\u00e4rtig rund 500 unbesetzte Stellen im freiwilligen Bereich ein immenser Kostenblock sind. Wir m\u00fcssen uns im Lichte der Haushaltslage auf unsere Pflicht- und Kernaufgaben konzentrieren.\u201c<\/p>\n<p style=\"text-align: justify;\">Mayer betonte: \u201eAlle Arbeitspl\u00e4tze bei der Stadt sind jetzt und weiterhin sicher. Wir bleiben eine verl\u00e4ssliche und attraktive Arbeitgeberin mit vielf\u00e4ltigen Vorz\u00fcgen.\u201c Aktuell gebe es rund 1500 offene Stellen im Bereich der Pflichtaufgaben einer Kommune. \u201eWir werden also weiter einstellen, aber werden das auf unsere Kernaufgaben bezogen tun.\u201c<\/p>\n<p style=\"text-align: justify;\">Die Besetzungs- und Wiederbesetzungssperre gilt vorerst bis Ende M\u00e4rz. Bis zu den Stellenplanberatungen f\u00fcr den Doppelhaushaltsplan 2026\/2027 (10.\/11. Dezember) soll ein Konzept f\u00fcr Folgema\u00dfnahmen in den Gemeinderat eingebracht werden.<\/p>\n<hr \/>\n<p style=\"text-align: justify;\">\n","protected":false},"excerpt":{"rendered":"<p>STUTTGART.| Der Gemeinderat der Landeshauptstadt Stuttgart hat in seiner letzten Sitzung am 25. September eine sofortige Besetzungs- und Wiederbesetzungssperre f\u00fcr alle Stellen beschlossen, die Aufgaben im freiwilligen Bereich wahrnehmen. Dies ist Teil des\u00a0Haushaltssicherungskonzepts, das der Gemeinderat der Verwaltung im Juni auferlegt hatte. Von der Sperre ausgenommen sind alle Stellen, die mit der Erf\u00fcllung von Pflichtaufgaben [&hellip;]<\/p>\n","protected":false},"author":4,"featured_media":158226,"comment_status":"closed","ping_status":"open","sticky":false,"template":"","format":"standard","meta":{"inline_featured_image":false,"_exactmetrics_skip_tracking":false,"_exactmetrics_sitenote_active":false,"_exactmetrics_sitenote_note":"","_exactmetrics_sitenote_category":0,"footnotes":""},"categories":[2239],"tags":[68,275],"class_list":{"0":"post-158225","1":"post","2":"type-post","3":"status-publish","4":"format-standard","5":"has-post-thumbnail","7":"category-stuttgart-lokal","8":"tag-online-zeitung","9":"tag-stuttgart"},"image_feature":"https:\/\/die-webzeitung.de\/stuttgart\/wp-content\/uploads\/sites\/4\/2025\/09\/office-2070806_1280-scaled.jpg","author_name":"Redaktion","pure_taxonomies":{"categories":[{"term_id":2239,"name":"Stuttgart","slug":"stuttgart-lokal","term_group":0,"term_taxonomy_id":2252,"taxonomy":"category","description":"Berichte und Informationen aus Stuttgart","parent":1433,"count":941,"filter":"raw","image":""}],"tags":[{"term_id":68,"name":"Online-Zeitung","slug":"online-zeitung","term_group":0,"term_taxonomy_id":69,"taxonomy":"post_tag","description":"","parent":0,"count":3593,"filter":"raw","image":""},{"term_id":275,"name":"Stuttgart","slug":"stuttgart","term_group":0,"term_taxonomy_id":281,"taxonomy":"post_tag","description":"","parent":0,"count":1194,"filter":"raw","image":""}]},"_links":{"self":[{"href":"https:\/\/die-webzeitung.de\/stuttgart\/wp-json\/wp\/v2\/posts\/158225","targetHints":{"allow":["GET"]}}],"collection":[{"href":"https:\/\/die-webzeitung.de\/stuttgart\/wp-json\/wp\/v2\/posts"}],"about":[{"href":"https:\/\/die-webzeitung.de\/stuttgart\/wp-json\/wp\/v2\/types\/post"}],"author":[{"embeddable":true,"href":"https:\/\/die-webzeitung.de\/stuttgart\/wp-json\/wp\/v2\/users\/4"}],"replies":[{"embeddable":true,"href":"https:\/\/die-webzeitung.de\/stuttgart\/wp-json\/wp\/v2\/comments?post=158225"}],"version-history":[{"count":1,"href":"https:\/\/die-webzeitung.de\/stuttgart\/wp-json\/wp\/v2\/posts\/158225\/revisions"}],"predecessor-version":[{"id":158227,"href":"https:\/\/die-webzeitung.de\/stuttgart\/wp-json\/wp\/v2\/posts\/158225\/revisions\/158227"}],"wp:featuredmedia":[{"embeddable":true,"href":"https:\/\/die-webzeitung.de\/stuttgart\/wp-json\/wp\/v2\/media\/158226"}],"wp:attachment":[{"href":"https:\/\/die-webzeitung.de\/stuttgart\/wp-json\/wp\/v2\/media?parent=158225"}],"wp:term":[{"taxonomy":"category","embeddable":true,"href":"https:\/\/die-webzeitung.de\/stuttgart\/wp-json\/wp\/v2\/categories?post=158225"},{"taxonomy":"post_tag","embeddable":true,"href":"https:\/\/die-webzeitung.de\/stuttgart\/wp-json\/wp\/v2\/tags?post=158225"}],"curies":[{"name":"wp","href":"https:\/\/api.w.org\/{rel}","templated":true}]}}