{"id":158216,"date":"2025-09-29T13:27:28","date_gmt":"2025-09-29T12:27:28","guid":{"rendered":"https:\/\/die-webzeitung.de\/stuttgart\/?p=158216"},"modified":"2025-12-05T12:06:02","modified_gmt":"2025-12-05T11:06:02","slug":"wechsel-im-praeventionsteam-beim-polizeirevier-sindelfingen","status":"publish","type":"post","link":"https:\/\/die-webzeitung.de\/stuttgart\/2025\/09\/29\/wechsel-im-praeventionsteam-beim-polizeirevier-sindelfingen\/","title":{"rendered":"Wechsel im Pr\u00e4ventionsteam beim Polizeirevier Sindelfingen"},"content":{"rendered":"<p style=\"text-align: justify;\">SINDELFINGEN.| Nach 20 Jahren erfolgreicher Arbeit als Pr\u00e4ventionsbeamter beim Polizeirevier Sindelfingen gibt Polizeihauptkommissar Olaf R\u00f6senberg sein Amt an Polizeihauptkommissarin Ramona Henschke ab und verabschiedet sich mit Ablauf des Monats September in den wohlverdienten Ruhestand.<\/p>\n<p style=\"text-align: justify;\">Olaf R\u00f6senberg, der seit zwei Jahrzehnten f\u00fcr die Kriminalpr\u00e4vention an Grundschulen, weiterf\u00fchrenden Schulen und bei Senioren im Bereich Sindelfingen t\u00e4tig war, hat ma\u00dfgeblich dazu beigetragen, dass Kinder, Jugendliche und \u00e4ltere Menschen \u00fcber altersspezifische Gefahren aufgekl\u00e4rt und gesch\u00fctzt wurden. Seine engagierte Arbeit umfasste nicht nur Vortr\u00e4ge und Workshops, sondern auch die Teilnahme an verschiedenen Infost\u00e4nden, wie zum Beispiel beim Weltkindertag in Sindelfingen und in Einkaufszentren. Dar\u00fcber hinaus unterst\u00fctzte er das Referat Pr\u00e4vention des Polizeipr\u00e4sidiums Ludwigsburg bei der Messe &#8220;Haus und Energie&#8221; und f\u00fchrte Besuchergruppen von Kindern und Jugendlichen durch das Polizeirevier Sindelfingen.<\/p>\n<p style=\"text-align: justify;\">&#8220;Die Kriminalpr\u00e4vention ist ein zentraler Bestandteil unserer Arbeit bei der Polizei. Wir sind dankbar f\u00fcr das jahrelange Engagement von Olaf R\u00f6senberg und freuen uns darauf, mit Ramona Henschke eine kompetente Nachfolgerin gefunden zu haben. Ihre Erfahrung und ihr Enthusiasmus werden sicherlich dazu beitragen, dass unsere B\u00fcrgerinnen und B\u00fcrger weiterhin umfassend im Pr\u00e4ventionsbereich aufgekl\u00e4rt werden k\u00f6nnen&#8221;, so Polizeioberr\u00e4tin Marleen Walheim, Leiterin des Polizeireviers Sindelfingen.<\/p>\n<p style=\"text-align: justify;\">Ramona Henschke, bringt bereits viel polizeiliche Erfahrung mit. Seit 2016 ist sie Angeh\u00f6rige des Polizeireviers Sindelfingen, war dort zun\u00e4chst im Streifendienst t\u00e4tig und arbeitet seit 2023 im Bezirksdienst. Seit September 2024 bereitet sie sich &#8211; parallel zur Ermittlungsarbeit &#8211; auf die neuen Aufgaben der Kriminalpr\u00e4vention vor.<\/p>\n<p style=\"text-align: justify;\">Ramona Henschke engagiert sich auch privat in der Gewaltpr\u00e4vention. Ihre Ziele sind es, den direkten Kontakt zu Kindern, Jugendlichen und Senioren zu erhalten sowie die Arbeit von Olaf R\u00f6senberg fortzuf\u00fchren. Ein wichtiger Aspekt ihrer Arbeit wird es sein, Kreativit\u00e4t und aktuelle F\u00e4lle und Themen in ihre Vortr\u00e4ge einzubinden, um die Pr\u00e4vention noch effektiver zu gestalten.<\/p>\n<hr \/>\n<p style=\"text-align: justify;\">\n","protected":false},"excerpt":{"rendered":"<p>SINDELFINGEN.| Nach 20 Jahren erfolgreicher Arbeit als Pr\u00e4ventionsbeamter beim Polizeirevier Sindelfingen gibt Polizeihauptkommissar Olaf R\u00f6senberg sein Amt an Polizeihauptkommissarin Ramona Henschke ab und verabschiedet sich mit Ablauf des Monats September in den wohlverdienten Ruhestand. Olaf R\u00f6senberg, der seit zwei Jahrzehnten f\u00fcr die Kriminalpr\u00e4vention an Grundschulen, weiterf\u00fchrenden Schulen und bei Senioren im Bereich Sindelfingen t\u00e4tig war, [&hellip;]<\/p>\n","protected":false},"author":4,"featured_media":158217,"comment_status":"closed","ping_status":"open","sticky":false,"template":"","format":"standard","meta":{"inline_featured_image":false,"_exactmetrics_skip_tracking":false,"_exactmetrics_sitenote_active":false,"_exactmetrics_sitenote_note":"","_exactmetrics_sitenote_category":0,"footnotes":""},"categories":[59,2246],"tags":[14857,68,18164,7532],"class_list":{"0":"post-158216","1":"post","2":"type-post","3":"status-publish","4":"format-standard","5":"has-post-thumbnail","7":"category-aktuell","8":"category-kreis-boeblingen","9":"tag-die-webzeitung","10":"tag-online-zeitung","11":"tag-praeventionsteam","12":"tag-sindelfingen"},"image_feature":"https:\/\/die-webzeitung.de\/stuttgart\/wp-content\/uploads\/sites\/4\/2025\/09\/BildPresseartikelmitLogo.jpg","author_name":"Redaktion","pure_taxonomies":{"categories":[{"term_id":59,"name":"Aktuell","slug":"aktuell","term_group":0,"term_taxonomy_id":60,"taxonomy":"category","description":"","parent":0,"count":1017,"filter":"raw","image":""},{"term_id":2246,"name":"Kreis B\u00f6blingen","slug":"kreis-boeblingen","term_group":0,"term_taxonomy_id":2259,"taxonomy":"category","description":"","parent":171,"count":197,"filter":"raw","image":""}],"tags":[{"term_id":14857,"name":"Die-Webzeitung","slug":"die-webzeitung","term_group":0,"term_taxonomy_id":14876,"taxonomy":"post_tag","description":"","parent":0,"count":3623,"filter":"raw","image":""},{"term_id":68,"name":"Online-Zeitung","slug":"online-zeitung","term_group":0,"term_taxonomy_id":69,"taxonomy":"post_tag","description":"","parent":0,"count":3593,"filter":"raw","image":""},{"term_id":18164,"name":"Pr\u00e4ventionsteam","slug":"praeventionsteam","term_group":0,"term_taxonomy_id":18183,"taxonomy":"post_tag","description":"","parent":0,"count":1,"filter":"raw","image":""},{"term_id":7532,"name":"Sindelfingen","slug":"sindelfingen","term_group":0,"term_taxonomy_id":7554,"taxonomy":"post_tag","description":"","parent":0,"count":8,"filter":"raw","image":""}]},"_links":{"self":[{"href":"https:\/\/die-webzeitung.de\/stuttgart\/wp-json\/wp\/v2\/posts\/158216","targetHints":{"allow":["GET"]}}],"collection":[{"href":"https:\/\/die-webzeitung.de\/stuttgart\/wp-json\/wp\/v2\/posts"}],"about":[{"href":"https:\/\/die-webzeitung.de\/stuttgart\/wp-json\/wp\/v2\/types\/post"}],"author":[{"embeddable":true,"href":"https:\/\/die-webzeitung.de\/stuttgart\/wp-json\/wp\/v2\/users\/4"}],"replies":[{"embeddable":true,"href":"https:\/\/die-webzeitung.de\/stuttgart\/wp-json\/wp\/v2\/comments?post=158216"}],"version-history":[{"count":1,"href":"https:\/\/die-webzeitung.de\/stuttgart\/wp-json\/wp\/v2\/posts\/158216\/revisions"}],"predecessor-version":[{"id":158218,"href":"https:\/\/die-webzeitung.de\/stuttgart\/wp-json\/wp\/v2\/posts\/158216\/revisions\/158218"}],"wp:featuredmedia":[{"embeddable":true,"href":"https:\/\/die-webzeitung.de\/stuttgart\/wp-json\/wp\/v2\/media\/158217"}],"wp:attachment":[{"href":"https:\/\/die-webzeitung.de\/stuttgart\/wp-json\/wp\/v2\/media?parent=158216"}],"wp:term":[{"taxonomy":"category","embeddable":true,"href":"https:\/\/die-webzeitung.de\/stuttgart\/wp-json\/wp\/v2\/categories?post=158216"},{"taxonomy":"post_tag","embeddable":true,"href":"https:\/\/die-webzeitung.de\/stuttgart\/wp-json\/wp\/v2\/tags?post=158216"}],"curies":[{"name":"wp","href":"https:\/\/api.w.org\/{rel}","templated":true}]}}