{"id":158208,"date":"2025-09-28T10:52:16","date_gmt":"2025-09-28T09:52:16","guid":{"rendered":"https:\/\/die-webzeitung.de\/stuttgart\/2025\/09\/28\/erfolgreicher-schlag-gegen-falsche-polizeibeamte\/"},"modified":"2025-09-28T10:52:16","modified_gmt":"2025-09-28T09:52:16","slug":"erfolgreicher-schlag-gegen-falsche-polizeibeamte","status":"publish","type":"post","link":"https:\/\/die-webzeitung.de\/stuttgart\/2025\/09\/28\/erfolgreicher-schlag-gegen-falsche-polizeibeamte\/","title":{"rendered":"Erfolgreicher Schlag gegen falsche Polizeibeamte"},"content":{"rendered":"<p style=\"text-align: justify;\">Innenminister Strobl zur Pressemitteilung des Polizeipr\u00e4sidiums Freiburg, wonach es der Kriminalpolizei in Abstimmung mit der Staatsanwaltschaft gelungen ist, mehrere professionelle und strukturierte Anrufstraftaten aufzudecken.<\/p>\n<p style=\"text-align: justify;\">Der Stv. Ministerpr\u00e4sident und Innenminister Thomas Strobl sagte zur Pressemitteilung des Polizeipr\u00e4sidiums Freiburg, wonach es der Kriminalpolizei Freiburg in enger Abstimmung mit der Staatsanwaltschaft Freiburg gelungen ist, mehrere professionelle und strukturierte Anrufstraftaten aufzudecken:<\/p>\n<p style=\"text-align: justify;\">\u201eDurch betr\u00fcgerische Telefonanrufe \u2013 als falscher Polizeibeamter, mit dem sogenannten Enkeltrick und durch Schockanrufe \u2013 werden Menschen um hohe Geldbetr\u00e4ge gebracht. Dabei wird oft ihr Lebensalter und ihre Verbundenheit zu ihren Angeh\u00f6rigen schamlos ausgenutzt und die Opfer werden psychisch massiv unter Druck gesetzt. Das macht diese Taten besonders verwerflich. Den dahintersteckenden, teilweise hochprofessionell organisierten Kriminellen haben wir den Kampf angesagt. Die j\u00fcngsten Erfolge der Polizei Freiburg zeigen das eindr\u00fccklich. Durch das konsequente Einschreiten der Polizei wurde ein gro\u00dfer finanzieller Schaden abgewendet. Mein Dank gilt allen beteiligten Ermittlerinnen und Ermittlern f\u00fcr ihren starken und unnachgiebigen Einsatz.\u201c<\/p>\n<hr \/>\n<p style=\"text-align: justify;\">\n","protected":false},"excerpt":{"rendered":"<p>Innenminister Strobl zur Pressemitteilung des Polizeipr\u00e4sidiums Freiburg, wonach es der Kriminalpolizei in Abstimmung mit der Staatsanwaltschaft gelungen ist, mehrere professionelle und strukturierte Anrufstraftaten aufzudecken. Der Stv. Ministerpr\u00e4sident und Innenminister Thomas Strobl sagte zur Pressemitteilung des Polizeipr\u00e4sidiums Freiburg, wonach es der Kriminalpolizei Freiburg in enger Abstimmung mit der Staatsanwaltschaft Freiburg gelungen ist, mehrere professionelle und strukturierte [&hellip;]<\/p>\n","protected":false},"author":4,"featured_media":151511,"comment_status":"closed","ping_status":"open","sticky":false,"template":"","format":"standard","meta":{"inline_featured_image":false,"_exactmetrics_skip_tracking":false,"_exactmetrics_sitenote_active":false,"_exactmetrics_sitenote_note":"","_exactmetrics_sitenote_category":0,"footnotes":""},"categories":[59,9098],"tags":[4,14857,16643,68,16331],"class_list":{"0":"post-158208","1":"post","2":"type-post","3":"status-publish","4":"format-standard","5":"has-post-thumbnail","7":"category-aktuell","8":"category-baden-wuerttemberg","9":"tag-baden-wurttemberg","10":"tag-die-webzeitung","11":"tag-falsch","12":"tag-online-zeitung","13":"tag-polizeibeamte"},"image_feature":"https:\/\/die-webzeitung.de\/stuttgart\/wp-content\/uploads\/sites\/4\/2023\/11\/police-378255_1280-scaled.jpg","author_name":"Redaktion","pure_taxonomies":{"categories":[{"term_id":59,"name":"Aktuell","slug":"aktuell","term_group":0,"term_taxonomy_id":60,"taxonomy":"category","description":"","parent":0,"count":1017,"filter":"raw","image":""},{"term_id":9098,"name":"Baden-W\u00fcrttemberg","slug":"baden-wuerttemberg","term_group":0,"term_taxonomy_id":9124,"taxonomy":"category","description":"","parent":171,"count":238,"filter":"raw","image":""}],"tags":[{"term_id":4,"name":"Baden-W\u00fcrttemberg","slug":"baden-wurttemberg","term_group":0,"term_taxonomy_id":4,"taxonomy":"post_tag","description":"","parent":0,"count":136,"filter":"raw","image":""},{"term_id":14857,"name":"Die-Webzeitung","slug":"die-webzeitung","term_group":0,"term_taxonomy_id":14876,"taxonomy":"post_tag","description":"","parent":0,"count":3623,"filter":"raw","image":""},{"term_id":16643,"name":"falsch","slug":"falsch","term_group":0,"term_taxonomy_id":16662,"taxonomy":"post_tag","description":"","parent":0,"count":2,"filter":"raw","image":""},{"term_id":68,"name":"Online-Zeitung","slug":"online-zeitung","term_group":0,"term_taxonomy_id":69,"taxonomy":"post_tag","description":"","parent":0,"count":3593,"filter":"raw","image":""},{"term_id":16331,"name":"Polizeibeamte","slug":"polizeibeamte","term_group":0,"term_taxonomy_id":16350,"taxonomy":"post_tag","description":"","parent":0,"count":2,"filter":"raw","image":""}]},"_links":{"self":[{"href":"https:\/\/die-webzeitung.de\/stuttgart\/wp-json\/wp\/v2\/posts\/158208","targetHints":{"allow":["GET"]}}],"collection":[{"href":"https:\/\/die-webzeitung.de\/stuttgart\/wp-json\/wp\/v2\/posts"}],"about":[{"href":"https:\/\/die-webzeitung.de\/stuttgart\/wp-json\/wp\/v2\/types\/post"}],"author":[{"embeddable":true,"href":"https:\/\/die-webzeitung.de\/stuttgart\/wp-json\/wp\/v2\/users\/4"}],"replies":[{"embeddable":true,"href":"https:\/\/die-webzeitung.de\/stuttgart\/wp-json\/wp\/v2\/comments?post=158208"}],"version-history":[{"count":0,"href":"https:\/\/die-webzeitung.de\/stuttgart\/wp-json\/wp\/v2\/posts\/158208\/revisions"}],"wp:featuredmedia":[{"embeddable":true,"href":"https:\/\/die-webzeitung.de\/stuttgart\/wp-json\/wp\/v2\/media\/151511"}],"wp:attachment":[{"href":"https:\/\/die-webzeitung.de\/stuttgart\/wp-json\/wp\/v2\/media?parent=158208"}],"wp:term":[{"taxonomy":"category","embeddable":true,"href":"https:\/\/die-webzeitung.de\/stuttgart\/wp-json\/wp\/v2\/categories?post=158208"},{"taxonomy":"post_tag","embeddable":true,"href":"https:\/\/die-webzeitung.de\/stuttgart\/wp-json\/wp\/v2\/tags?post=158208"}],"curies":[{"name":"wp","href":"https:\/\/api.w.org\/{rel}","templated":true}]}}