{"id":158204,"date":"2025-09-29T09:38:20","date_gmt":"2025-09-29T08:38:20","guid":{"rendered":"https:\/\/die-webzeitung.de\/stuttgart\/?p=158204"},"modified":"2025-10-05T10:13:04","modified_gmt":"2025-10-05T09:13:04","slug":"polizei-report-stuttgart-woche-40-4","status":"publish","type":"post","link":"https:\/\/die-webzeitung.de\/stuttgart\/2025\/09\/29\/polizei-report-stuttgart-woche-40-4\/","title":{"rendered":"Polizei-Report Stuttgart | Woche 40"},"content":{"rendered":"<p><em>Quelle: ots<\/em><\/p>\n<p style=\"text-align: justify;\"><strong>Stuttgart-Mitte: 47-J\u00e4hrigen \u00fcberfallen &#8211; Zeugen gesucht<\/strong><br \/>\nEin bislang unbekannter Mann hat am Samstagmorgen (04.10.2025) am Kronprinzplatz einen 47-J\u00e4hrigen ausgeraubt. Der 47-J\u00e4hrige wurde gegen 04:30 Uhr unvermittelt angegriffen und gew\u00fcrgt, w\u00e4hrend der unbekannte Mann ihm zeitgleich zirka 300 Euro Bargeld, sein Mobiltelefon und eine M\u00fctze der Marke Gucci entwendete. Danach fl\u00fcchtete der Mann. Er war zirka 170 cm gro\u00df, hatte einen dunklen Teint und trug eine braune Jacke. Zeugen des Vorfalls werden gebeten, sich unter der Rufnummer +4971189905778 bei der Kriminalpolizei zu melden.<\/p>\n<p style=\"text-align: justify;\"><strong>Stuttgart-Bad Cannstatt: Sachbesch\u00e4digungsserie an Pkws &#8211; Zeugen gesucht<\/strong><br \/>\nIn dem Zeitraum vom Donnerstag (02.10.2025) bis Samstag (04.10.2025) kam es im Bereich der Rosenaustra\u00dfe\/Duisburger Stra\u00dfe zu Sachbesch\u00e4digungen an mindestens sieben Fahrzeugen. Unbekannte besch\u00e4digten dabei an den geparkten Fahrzeugen die Scheibenwischer. Es entstand ein Sachschaden in H\u00f6he von zirka 350 Euro. Zeugen und weitere Gesch\u00e4digte werden gebeten, sich unter der Telefonnummer +4971189903600 an das Polizeirevier 6 Martin-Luther-Stra\u00dfe zu wenden.<\/p>\n<p style=\"text-align: justify;\"><strong>Stuttgart-Heumaden: Ermittlungserfolg nach versuchtem T\u00f6tungsdelikt &#8211; Weitere Tatverd\u00e4chtige in Haft<\/strong><br \/>\nNachdem die Kriminalpolizei bereits am 21.08.2025 f\u00fcnf Tatverd\u00e4chtige festgenommen hat, denen vorgeworfen wird, am 23.07.2025 einem 15-J\u00e4hrigen schwere Verletzungen zugef\u00fcgt zu haben (siehe Pressemitteilung des Polizeipr\u00e4sidiums Stuttgart vom 05.09.2025 unter https:\/\/t1p.de\/4olxt) sind sechs weitere Haftbefehle vollstreckt worden. Die Tatverd\u00e4chtigen gerieten aufgrund weiterer intensiver Ermittlungen der Kriminalpolizei in den Focus. Polizeibeamte nahmen sie am Mittwoch (01.10.2025) in Stuttgart und Esslingen an ihren Wohnorten fest. Vier m\u00e4nnliche Tatverd\u00e4chtige im Alter von 16, 16, 17 und 17 Jahren und eine 36-j\u00e4hrige Frau, alle syrische Staatsangeh\u00f6rige, sowie eine 16-J\u00e4hrige Frau deutsch-irakischer Staatsangeh\u00f6rigkeit wurden am Mittwoch einem Haftrichter vorgef\u00fchrt, der die bereits bestehenden Haftbefehle in Vollzug setzte und die Tatverd\u00e4chtigen in eine Justizvollzugsanstalt einwies.<\/p>\n<p style=\"text-align: justify;\"><strong>Stuttgart-Mitte: Mann randaliert in Stadtbahn &#8211; Zeugen gesucht<\/strong><br \/>\nPolizeibeamte haben am Mittwochnachmittag (01.10.2025) einen 47 Jahre alten Mann festgenommen, der in einer Stadtbahn der Linie U15 randaliert und Drohungen ausgesprochen hat. Der Mann befand sich gegen 16.10 Uhr in der Stadtbahn, die zwischen den Haltestellen Pragfriedhof und Hauptbahnhof unterwegs war. Er schrie herum und \u00e4u\u00dferte Drohungen gegen\u00fcber den Fahrg\u00e4sten. Alarmierte Polizeibeamte nahmen den Mann kurz darauf in der K\u00f6nigstra\u00dfe vorl\u00e4ufig fest. Nach Abschluss der polizeilichen Ma\u00dfnahmen brachten sie ihn in eine psychiatrische Einrichtung. Zeugen werden gebeten, sich unter der Rufnummer +4971189903200 beim Polizeirevier 2 Wolframstra\u00dfe zu melden.<\/p>\n<p style=\"text-align: justify;\"><strong>Stuttgart-Bad Cannstatt: Von Fahrbahn abgekommen und gegen Mauer geprallt<\/strong><br \/>\nEin 21 Jahre alter Mann ist der Nacht zum Donnerstag (02.10.2025) auf der K\u00f6nig-Karls-Br\u00fccke von der Fahrbahn abgekommen und gegen eine Mauer geprallt. Der Mann war gegen 03.15 Uhr mit seinem Peugeot auf der Br\u00fccke Richtung Bad Cannstatt unterwegs und wollte nach rechts in die Mercedesstra\u00dfe abbiegen. Mutma\u00dflich aufgrund von \u00fcberh\u00f6hter Geschwindigkeit prallte er gegen eine Mauer, die die Fahrbahn begrenzte. Sein 27 Jahre alter Beifahrer zog sich hierbei leichte Verletzungen zu. Rettungskr\u00e4fte brachten ihn zur weiteren Versorgung in ein Krankenhaus. Am Peugeot entstand ein Sachschaden von rund 30.000 Euro. Der Fahrer stand mutma\u00dflich unter dem Einfluss von Bet\u00e4ubungsmitteln, weshalb er eine Blutprobe und seinen F\u00fchrerschein abgegeben musste. Nach Abschluss der polizeilichen Ma\u00dfnahmen setzten die Beamten ihn wieder auf freien Fu\u00df.<\/p>\n<p style=\"text-align: justify;\"><strong>Stuttgart-Stammheim: Gegen Baum geprallt<\/strong><br \/>\nEine Frau ist am Mittwoch (01.10.2025) im Emerholzweg mit ihrem Toyota von der Fahrbahn abgekommen und gegen einen Baum geprallt. Sie fuhr gegen 11.50 Uhr im Emerholzweg, als sie aus bislang unbekannter Ursache von der Fahrbahn abkam, in den Gr\u00fcnstreifen fuhr und schlie\u00dflich gegen einen Baum prallte. Rettungskr\u00e4fte brachten die Leichtverletzte in ein Krankenhaus. Am Fahrzeug entstand ein Totalschaden von rund 40.000 Euro.<\/p>\n<p style=\"text-align: justify;\"><strong>Stuttgart-Stammheim: Beim Abbiegen mit E-Scooter zusammengesto\u00dfen und gefl\u00fcchtet &#8211; Tatverd\u00e4chtigen vorl\u00e4ufig festgenommen<\/strong><br \/>\nPolizeibeamte haben am Dienstagabend (30.09.2025) einen 23 Jahre alten Mann vorl\u00e4ufig festgenommen, der im Verdacht steht, einen Unfall an der Stammheimer Stra\u00dfe verursacht zu haben, bei dem sich ein 16 Jahre alter E-Scooter-Fahrer schwere Verletzungen zuzog. Der 16-J\u00e4hrige fuhr gegen 20.10 Uhr mit seinem E-Scooter in der Stammheimer Stra\u00dfe. In die gleiche Richtung fuhr der 23-J\u00e4hrige mit seinem Peugeot und stie\u00df mutma\u00dflich beim Rechtsabbiegen Richtung Bundestra\u00dfe B10 mit dem 16-J\u00e4hrigen zusammen. Hierbei verletzte sich der Jugendliche schwer. Der Autofahrer fl\u00fcchtete zun\u00e4chst unerkannt von der Unfallstelle. Alarmierte Polizeibeamte fahndeten nach dem Mann und trafen ihn im Bereich der M\u00fcnchinger Stra\u00dfe an. Der 23-j\u00e4hrige Tatverd\u00e4chtige stand mutma\u00dflich unter dem Einfluss von Bet\u00e4ubungsmitteln, weshalb er eine Blutprobe abgeben musste. Zudem besteht der Verdacht, dass er keine g\u00fcltige Fahrerlaubnis hat und das Fahrzeug nicht versichert war. Nach Abschluss der polizeilichen Ma\u00dfnahmen setzten die Beamten den Mann wieder auf freien Fu\u00df.<\/p>\n<p style=\"text-align: justify;\"><strong>Stuttgart-Degerloch: In Gegenverkehr geraten &#8211; mehrere Verletzte<\/strong><br \/>\nBei einem Verkehrsunfall am Dienstagabend (30.09.2025) in der Heinestra\u00dfe haben sich zwei M\u00e4nner im Alter von 23 und 29 schwere Verletzungen, sowie drei M\u00e4nner im Alter zwischen 34 und 47 Jahren leichte Verletzungen zugezogen. Der 23-J\u00e4hrige fuhr gegen 18.20 Uhr mit seinem BMW in der Heinestra\u00dfe Richtung Degerloch. In einer Linkskurve geriet er aus bislang ungekl\u00e4rter Ursache in den Gegenverkehr und stie\u00df mit dem entgegenkommenden Toyota eines 34-J\u00e4hrigen zusammen. Der 34-J\u00e4hrige und seine zwei 42 und 47 Jahre alten Mitfahrer verletzten sich bei dem Zusammensto\u00df leicht. Der Fahrer des BMW und sein 29-j\u00e4hriger Beifahrer zogen sich schwere Verletzungen zu. Rettungskr\u00e4fte brachten die Verletzten in Krankenh\u00e4user. An beiden Fahrzeugen entstand ein Totalschaden in H\u00f6he von rund 40.000 Euro.<\/p>\n<p style=\"text-align: justify;\"><strong>Stuttgart-Feuerbach: Von Stadtbahn erfasst &#8211; Zeugen gesucht<\/strong><br \/>\nEin 29 Jahre alter Fu\u00dfg\u00e4nger hat sich bei einem Verkehrsunfall in der Heilbronner Stra\u00dfe schwere Verletzungen zugezogen. Der 29-J\u00e4hrige \u00fcberquerte gegen 16.10 Uhr an der Stadtbahnhaltestelle Borsigstra\u00dfe an einem Z-\u00dcbergang die Gleise. Dabei erfasste ihn eine Stadtbahn der Linie U7, die in Richtung Ostfildern unterwegs war. Rettungskr\u00e4fte k\u00fcmmerten sich um den 29-J\u00e4hrigen und brachten ihn in ein Krankenhaus. Zeugen werden gebeten, sich unter der Rufnummer +4971189904100 bei der Verkehrspolizei zu melden.<\/p>\n<p style=\"text-align: justify;\"><strong>Ludwigsburg: Einsatzma\u00dfnahmen gegen Rockergruppierungen<\/strong><br \/>\nIm Zuge der Einsatzma\u00dfnahmen am 1. Oktober gegen Angeh\u00f6rige der Rockergruppierung Gremium MC Nomads Bosporus T\u00fcrkiye war ein 44-j\u00e4hriger Tatverd\u00e4chtiger vorl\u00e4ufig festgenommen worden, bei dem Drogen sowie eine mutma\u00dflich scharfe Schusswaffe aufgefunden worden waren.<br \/>\nDer Tatverd\u00e4chtige wurde noch am selben Tag auf Antrag der Staatsanwaltschaft Stuttgart einem Haftrichter beim Amtsgericht Stuttgart vorgef\u00fchrt. Dieser erlie\u00df Haftbefehl wegen F\u00fchrens einer Schusswaffe in Tateinheit mit Besitz einer Schusswaffe sowie wegen bewaffneten Handeltreibens mit Bet\u00e4ubungsmitteln, setzte ihn in Vollzug und wies den 44-j\u00e4hrigen italienischen Staatsangeh\u00f6rigen in eine Justizvollzugsanstalt ein.<br \/>\nAm Einsatztag (30.09.2025) waren Durchsuchungsbeschl\u00fcsse unter anderen in folgenden Kommunen vollstreckt worden:<br \/>\n&#8211; Landkreis B\u00f6blingen: G\u00e4rtringen, G\u00e4ufelden, Weil der Stadt<br \/>\n&#8211; Landkreis Ludwigsburg: Besigheim, Erdmannhausen, Murr<br \/>\n&#8211; Landkreis Esslingen: Esslingen am Neckar, K\u00f6ngen, Leinfelden-Echterdingen<br \/>\n&#8211; Stadt Stuttgart<\/p>\n<p style=\"text-align: justify;\"><strong>Stuttgart-Bad Cannstatt: Autoscheibe eingeschlagen &#8211; Zeugen gesucht<\/strong><br \/>\nUnbekannte haben am Montagnachmittag (29.09.2025) die Heckscheibe eines BMWs eingeschlagen und einen Rucksack gestohlen. Der Besitzer parkte sein Auto gegen 16.30 Uhr in einem Parkhaus an der Badstra\u00dfe. Als er gegen 17.45 Uhr zum Fahrzeug zur\u00fcckkam, stellte er die eingeworfene Scheibe fest. Die T\u00e4ter hatten aus dem Innenraum einen Rucksack der Marke Puma gestohlen. Zeugen werden gebeten, sich unter der Rufnummer +4971189903600 beim Polizeirevier 6 Martin-Luther-Stra\u00dfe zu melden.<\/p>\n<p style=\"text-align: justify;\"><strong>Stuttgart-Bad Cannstatt: 38-J\u00e4hrigen getreten &#8211; Tatverd\u00e4chtigen vorl\u00e4ufig festgenommen &#8211; Zeugen gesucht<\/strong><br \/>\nPolizeibeamte haben am Montagabend (29.09.2025) auf der Gaisburger Br\u00fccke einen 27-J\u00e4hrigen vorl\u00e4ufig festgenommen, der im Verdacht steht, einen 38-J\u00e4hrigen getreten und hierbei verletzt zu haben. Der 38-J\u00e4hrige beobachtete gegen 23.00 Uhr auf dem Parkplatz P10 einen Streit zwischen dem 27-J\u00e4hrigen und seiner Begleiterin. Hierbei soll der 27-J\u00e4hrige seine Begleitung geschlagen haben. Der 38-J\u00e4hrige sprach die beiden an und forderte den 27-J\u00e4hrigen auf, dies zu unterlassen. Anschlie\u00dfend soll der Tatverd\u00e4chtige den 38-J\u00e4hrigen zu Boden gesto\u00dfen und getreten haben. Als der 27-J\u00e4hrige von ihm ablie\u00df, alarmierte er die Polizeibeamten. Diese nahm den 27-J\u00e4hrigen vorl\u00e4ufig fest und setzten ihn nach Durchf\u00fchrung der polizeilichen Ma\u00dfnahmen wieder auf freien Fu\u00df. Zeugen werden gebeten, sich unter der Rufnummer +4971189905778 bei der Kriminalpolizei zu melden.<\/p>\n<p style=\"text-align: justify;\"><strong>Stuttgart-Bad Cannstatt: Pkw contra Stadtbahn<\/strong><br \/>\nBeim Zusammensto\u00df eines Mercedes und einer Stadtbahn der Linie U16 am Montag (29.09.2025) haben sich der 79 Jahre alte Mercedesfahrer sowie ein Fahrgast in der Bahn leichte Verletzungen zugezogen. Der 79-J\u00e4hrige fuhr gegen 17.30 Uhr in der Pragstra\u00dfe Richtung Neckartalstra\u00dfe. Im Bereich der Haltestelle Rosensteinpark wendete er, den ersten Ermittlungen zufolge verbotswidrig, und stie\u00df mit einer Stadtbahn der Linie U16 zusammen, die in gleicher Richtung unterwegs war. Rettungskr\u00e4fte k\u00fcmmerten sich um die beiden Verletzten und brachten den Mercedesfahrer in ein Krankenhaus. W\u00e4hrend der Unfallaufnahme war die Pragstra\u00dfe gesperrt, es kam zu erheblichen Verkehrsbehinderungen. Der Schaden betr\u00e4gt ersten Sch\u00e4tzungen zufolge rund 70.000 Euro.<\/p>\n<p style=\"text-align: justify;\"><strong>Stuttgart-Stammheim: 78 Jahre alter Mann erliegt seinen Verletzungen &#8211; Tatverd\u00e4chtigen festgenommen<\/strong><br \/>\nPolizeibeamte haben am Donnerstag (25.09.2025) einen 29 Jahre alten Mann festgenommen, der im Verdacht steht, am 15.09.2025 in einer Tiefgarage am Scottweg einen 78 Jahre alten Mann bei einem Streit so schwer verletzt zu haben, dass dieser am Samstag (27.09.2025) in einem Stuttgarter Krankenhaus seinen Verletzungen erlegen ist. Zeugen entdeckten den Schwerverletzten gegen 18.40 Uhr in der Tiefgarage und alarmierten die Polizei. Rettungskr\u00e4fte k\u00fcmmerten sich um den Mann und brachten ihn in ein Krankenhaus. Ermittlungen f\u00fchrten auf die Spur des Tatverd\u00e4chtigen, den die Ermittler am Donnerstag, gegen 10.30 Uhr in der Hahnemannstra\u00dfe festnahmen. Er wurde noch am selben Tag einem Haftrichter vorgef\u00fchrt, der den von der Staatsanwaltschaft Stuttgart beantragten Haftbefehl erlie\u00df und den 29-J\u00e4hrigen mit t\u00fcrkischer Staatsangeh\u00f6rigkeit in eine Justizvollzugsanstalt einwies.<\/p>\n<p style=\"text-align: justify;\"><strong>Stuttgart-Nord: Schrauben in Streifenwagenreifen gedreht &#8211; Zeugen gesucht<\/strong><br \/>\nUnbekannte haben am Freitag (26.09.20259) oder Samstag (27.09.2025) drei Fahrzeuge des Polizeireviers 2 Wolframstra\u00dfe besch\u00e4digt. Beamte stellten bei der \u00dcberpr\u00fcfung der Fahrzeuge am Samstagmittag gegen 13.00 Uhr Schrauben in drei Reifen verschiedener Streifenwagen fest. Zeugen werden gebeten, sich unter der Rufnummer +4971189903200 beim Polizeirevier 2 Wolframstra\u00dfe zu melden.<\/p>\n<p style=\"text-align: justify;\"><strong>Stuttgart-Bad Cannstatt: Elfj\u00e4hrige sexuell bedr\u00e4ngt &#8211; Zeugen gesucht<\/strong><br \/>\nEin unbekannter Mann hat am Freitagvormittag (26.09.2025) im Rosensteinpark versucht, ein elfj\u00e4hriges M\u00e4dchen zu k\u00fcssen. Das M\u00e4dchen ging mit ihrer Schulklasse gegen 09.30 Uhr im Rosensteinpark spazieren, als der Unbekannte sie auf H\u00f6he der Wilhelma ansprach und nach dem Weg fragte. Pl\u00f6tzlich hielt der Mann den Arm des M\u00e4dchens fest, zog sie zu sich heran und versuchte, sie zu k\u00fcssen. Zu dieser Zeit war die Schulklasse schon weitergegangen, so dass niemand die Situation bemerkte. Als der Mann sie loslie\u00df, rannte das M\u00e4dchen zur\u00fcck zu ihrer Schulklasse. Der Unbekannte ist etwa 70 Jahre alt und rund 170 Zentimeter gro\u00df. Er hatte einen grauen Schnurrbart, war ungepflegt und trug einen langen beigefarbenen Mantel, eine braune Hose und eine M\u00fctze. Zur Tatzeit hatte er einen Gehstock dabei. Zeugen werden gebeten, sich unter der Rufnummer +4971189905778 bei der Kriminalpolizei zu melden.<\/p>\n<p style=\"text-align: justify;\"><strong>Stuttgart-Weilimdorf: Schockanrufer erbeuten Gold &#8211; Zeugen gesucht<\/strong><br \/>\nUnbekannte Telefontrickbetr\u00fcger haben am Donnerstag (25.09.2025) bei einer Seniorin in Wolfbusch Gold im Wert von mehreren 10.000 Euro erbeutet. Ein unbekannter Mann rief gegen 18.00 Uhr bei der Frau an und gaukelte vor, dass eine Bekannte von ihr einen Unfall hatte, bei der eine schwangere Frau verletzt worden sei. Um eine im Raum stehende Haft abzuwenden, solle die Frau eine Kaution bezahlen. W\u00e4hrend des mehrere Stunden dauernden Telefonats setzte der Unbekannte die Seniorin derart unter Druck, dass sie das Gold am sp\u00e4ten Abend in der Stra\u00dfe Am Seelachwald einem unbekannten Abholer \u00fcbergab. Der Abholer war etwa 170 Zentimeter gro\u00df, rund 30 bis 35 Jahre alt und trug einen dunklen Anorak. Zeugen werden gebeten, sich unter der Rufnummer +4971189905778 bei der Kriminalpolizei zu melden.<\/p>\n<p style=\"text-align: justify;\"><strong>Stuttgart-M\u00f6hringen: Jugendlichen ausgeraubt &#8211; Zeugen gesucht<\/strong><br \/>\nUnbekannte haben am Samstagabend (27.09.2025) einen 14 Jahre alten Jugendlichen in der Rembrandtstra\u00dfe ausgeraubt. Der 14-J\u00e4hrige war gegen 19.20 Uhr mit seinem 12-j\u00e4hrigen Bruder unterwegs, als zwei etwa gleichaltrige Jungen auf sie zukamen und unter Vorhalt eines Schlagrings Bargeld forderten. Nachdem der \u00c4ltere ihnen f\u00fcnf Euro ausgeh\u00e4ndigt hatte, fl\u00fcchteten sie. Beide T\u00e4ter waren etwa 150 bis 160 Zentimeter gro\u00df. Einer trug eine schwarze Jacke mit Fellbesatz und eine blaue Jeans. Sein Komplize trug eine wei\u00dfe Jacke, eine blaue Jeans und wei\u00dfe Schuhe. Zeugen werden gebeten, sich unter der Rufnummer +4971189905778 bei der Kriminalpolizei zu melden.<\/p>\n<p style=\"text-align: justify;\"><strong>Stuttgart-Mitte: Lkw mit Bauschutt-Container umgekippt<\/strong><br \/>\nEin mit Bauschutt beladener Lkw ist am Montagmorgen (29.09.2025) in der Hauffstra\u00dfe umgekippt. Ersten Erkenntnissen zufolge kippte der Lkw beim Entladen gegen 07.00 Uhr um. Der 55 Jahre alte Lkw-Fahrer konnte das Fahrzeug unverletzt verlassen. W\u00e4hrend der voraussichtlich bis in den Nachmittag andauernden Bergungsarbeiten kann es zu Verkehrsbeeintr\u00e4chtigungen in der Hauffstra\u00dfe kommen. Der Schaden bel\u00e4uft sich auf mehrere Zehntausend Euro.<\/p>\n<p style=\"text-align: justify;\"><strong>Stuttgart-Mitte: 26-J\u00e4hrige sexuell bel\u00e4stigt &#8211; Zeugen gesucht<\/strong><br \/>\nEine Gruppe unbekannter M\u00e4nner hat in der Nacht zum Sonntag (28.09.2025) eine 26 Jahre alte Frau sexuell bedr\u00e4ngt. Die junge Frau verlie\u00df gegen 01.40 Uhr eine Bar an der Hauptst\u00e4tter Stra\u00dfe, als sie die M\u00e4nner umzingelten. Einer der M\u00e4nner griff ihr an den Po, woraufhin sie die Polizei alarmierte. Zeugen werden gebeten, sich unter der Rufnummer +4971189903300 beim Polizeirevier 3 Gutenbergstra\u00dfe zu melden.<\/p>\n<p style=\"text-align: justify;\"><strong>Stuttgart-West: In Wohnungen eingebrochen &#8211; Zeugen gesucht<\/strong><br \/>\nUnbekannte sind am Samstag (27.09.2025) in zwei Wohnungen an der Gustav-Siegle-Stra\u00dfe eingebrochen. Die T\u00e4ter schlugen in beiden F\u00e4llen zwischen 17.00 Uhr und 22.25 Uhr eine Scheibe auf einem Balkon ein und gelangten so in die Wohnungen. Dort durchw\u00fchlten sie Schr\u00e4nke und Schubladen, bevor sie fl\u00fcchteten. Ob sie etwas erbeuteten, ist Gegenstand der derzeitigen Ermittlungen. Eine Zeugin meldete gegen 22.15 Uhr, dass sie zwei dunkel gekleidete und maskierte Personen im Garten gesehen habe, die in Richtung Zeppelinstra\u00dfe weggegangen seien. Alarmierte Polizisten fahndeten nach den T\u00e4tern, trafen sie aber nicht mehr an. Zeugen werden gebeten, sich unter der Rufnummer +4971189905778 bei der Kriminalpolizei zu melden.<\/p>\n<hr \/>\n<p>&nbsp;<\/p>\n","protected":false},"excerpt":{"rendered":"<p>Quelle: ots Stuttgart-Mitte: 47-J\u00e4hrigen \u00fcberfallen &#8211; Zeugen gesucht Ein bislang unbekannter Mann hat am Samstagmorgen (04.10.2025) am Kronprinzplatz einen 47-J\u00e4hrigen ausgeraubt. Der 47-J\u00e4hrige wurde gegen 04:30 Uhr unvermittelt angegriffen und gew\u00fcrgt, w\u00e4hrend der unbekannte Mann ihm zeitgleich zirka 300 Euro Bargeld, sein Mobiltelefon und eine M\u00fctze der Marke Gucci entwendete. Danach fl\u00fcchtete der Mann. Er [&hellip;]<\/p>\n","protected":false},"author":4,"featured_media":152245,"comment_status":"closed","ping_status":"open","sticky":false,"template":"","format":"standard","meta":{"inline_featured_image":false,"_exactmetrics_skip_tracking":false,"_exactmetrics_sitenote_active":false,"_exactmetrics_sitenote_note":"","_exactmetrics_sitenote_category":0,"footnotes":""},"categories":[11241],"tags":[14857,68,205,1625,275],"class_list":{"0":"post-158204","1":"post","2":"type-post","3":"status-publish","4":"format-standard","5":"has-post-thumbnail","7":"category-region-stuttgart","8":"tag-die-webzeitung","9":"tag-online-zeitung","10":"tag-polizei","11":"tag-report","12":"tag-stuttgart"},"image_feature":"https:\/\/die-webzeitung.de\/stuttgart\/wp-content\/uploads\/sites\/4\/2024\/02\/Polizei-Pix-scaled.jpg","author_name":"Redaktion","pure_taxonomies":{"categories":[{"term_id":11241,"name":"Polizei-Report Stuttgart","slug":"region-stuttgart","term_group":0,"term_taxonomy_id":11279,"taxonomy":"category","description":"Polizeiberichte aus der Region Stuttgart","parent":1619,"count":68,"filter":"raw","image":""}],"tags":[{"term_id":14857,"name":"Die-Webzeitung","slug":"die-webzeitung","term_group":0,"term_taxonomy_id":14876,"taxonomy":"post_tag","description":"","parent":0,"count":3623,"filter":"raw","image":""},{"term_id":68,"name":"Online-Zeitung","slug":"online-zeitung","term_group":0,"term_taxonomy_id":69,"taxonomy":"post_tag","description":"","parent":0,"count":3593,"filter":"raw","image":""},{"term_id":205,"name":"Polizei","slug":"polizei","term_group":0,"term_taxonomy_id":208,"taxonomy":"post_tag","description":"","parent":0,"count":277,"filter":"raw","image":""},{"term_id":1625,"name":"Report","slug":"report","term_group":0,"term_taxonomy_id":1634,"taxonomy":"post_tag","description":"","parent":0,"count":210,"filter":"raw","image":""},{"term_id":275,"name":"Stuttgart","slug":"stuttgart","term_group":0,"term_taxonomy_id":281,"taxonomy":"post_tag","description":"","parent":0,"count":1194,"filter":"raw","image":""}]},"_links":{"self":[{"href":"https:\/\/die-webzeitung.de\/stuttgart\/wp-json\/wp\/v2\/posts\/158204","targetHints":{"allow":["GET"]}}],"collection":[{"href":"https:\/\/die-webzeitung.de\/stuttgart\/wp-json\/wp\/v2\/posts"}],"about":[{"href":"https:\/\/die-webzeitung.de\/stuttgart\/wp-json\/wp\/v2\/types\/post"}],"author":[{"embeddable":true,"href":"https:\/\/die-webzeitung.de\/stuttgart\/wp-json\/wp\/v2\/users\/4"}],"replies":[{"embeddable":true,"href":"https:\/\/die-webzeitung.de\/stuttgart\/wp-json\/wp\/v2\/comments?post=158204"}],"version-history":[{"count":13,"href":"https:\/\/die-webzeitung.de\/stuttgart\/wp-json\/wp\/v2\/posts\/158204\/revisions"}],"predecessor-version":[{"id":158259,"href":"https:\/\/die-webzeitung.de\/stuttgart\/wp-json\/wp\/v2\/posts\/158204\/revisions\/158259"}],"wp:featuredmedia":[{"embeddable":true,"href":"https:\/\/die-webzeitung.de\/stuttgart\/wp-json\/wp\/v2\/media\/152245"}],"wp:attachment":[{"href":"https:\/\/die-webzeitung.de\/stuttgart\/wp-json\/wp\/v2\/media?parent=158204"}],"wp:term":[{"taxonomy":"category","embeddable":true,"href":"https:\/\/die-webzeitung.de\/stuttgart\/wp-json\/wp\/v2\/categories?post=158204"},{"taxonomy":"post_tag","embeddable":true,"href":"https:\/\/die-webzeitung.de\/stuttgart\/wp-json\/wp\/v2\/tags?post=158204"}],"curies":[{"name":"wp","href":"https:\/\/api.w.org\/{rel}","templated":true}]}}