{"id":158202,"date":"2025-09-29T09:38:08","date_gmt":"2025-09-29T08:38:08","guid":{"rendered":"https:\/\/die-webzeitung.de\/stuttgart\/?p=158202"},"modified":"2025-10-05T12:23:04","modified_gmt":"2025-10-05T11:23:04","slug":"polizei-report-kreis-esslingen-woche-40-4","status":"publish","type":"post","link":"https:\/\/die-webzeitung.de\/stuttgart\/2025\/09\/29\/polizei-report-kreis-esslingen-woche-40-4\/","title":{"rendered":"Polizei-Report Kreis Esslingen | Woche 40"},"content":{"rendered":"<p><em>Quelle: ots<\/em><\/p>\n<p style=\"text-align: justify;\"><strong>Esslingen: Betrunken gefahren und Widerstand geleistet<br \/>\n<\/strong>Wegen Trunkenheit im Verkehr und Widerstand gegen Vollstreckungsbeamte muss sich ein 63-j\u00e4hriger Autofahrer verantworten, den die Polizei am Sonntagmorgen im Ortsteil Liebersbronn aus dem Verkehr gezogen hat. Gegen 00.30 Uhr fiel den Beamten das auff\u00e4llig fahrende Fahrzeug in der Neuen Stra\u00dfe auf. In Folge dessen endete die Hinterherfahrt an der Wohnanschrift des Fahrers, an welcher er nach mehreren Einparkversuchen die Wand seiner Garage touchierte und erheblichen Sachschaden verursachte. Eine \u00dcberpr\u00fcfung seiner Verkehrst\u00fcchtigkeit ergab in der Folge einen Atemalkoholwert von mehr als 1,5 Promille, weshalb eine Blutentnahme angeordnet wurde. Mit dieser Ma\u00dfnahme zeigte sich der Fahrzeuglenker nicht einverstanden und leistete mitunter erheblichen Widerstand, bei dem die eingesetzten Beamten leicht verletzt wurden. Auch mit der Beschlagnahme seines F\u00fchrerscheins war der 63-J\u00e4hrige nicht einverstanden. Nach Anschluss der Ma\u00dfnahmen wurde der Mann auf freien Fu\u00df gesetzt und sieht nun entsprechenden Strafanzeigen entgegen.<\/p>\n<p style=\"text-align: justify;\"><strong>Filderstadt-Bernhausen: Streitigkeiten am Nachmittag<br \/>\n<\/strong>Am fr\u00fchen Samstagnachmittag ist es in der Gartenstra\u00dfe zu einer k\u00f6rperlichen Auseinandersetzung zwischen zwei M\u00e4nnern gekommen. Gegen 12.35 Uhr gingen bei der Integrierten Leitstelle des Rettungsdiensts und der Feuerwehr mehrere Notrufe \u00fcber Streitigkeiten auf offener Stra\u00dfe zwischen zwei M\u00e4nnern ein. Daraufhin wurden mehrere Polizeibeamte zum Einsatzort entsandt. Ersten Erkenntnissen zur Folge gerieten die M\u00e4nner aus bislang ungekl\u00e4rter Ursache in einen Streit, in dessen Verlauf ein 27-J\u00e4hriger eine Flasche nach einem 35-J\u00e4hrigen warf. Die Flasche verfehlte den 35-J\u00e4hrigen, traf jedoch einen zuf\u00e4llig vorbeifahrenden Land Rover. Am PKW entstand gesch\u00e4tzt ein Sachschaden von circa 1.000 Euro. Die beiden Kontrahenten blieben unverletzt.<\/p>\n<p style=\"text-align: justify;\"><strong>Kirchheim unter Teck: Schwerverletzter Radfahrer<br \/>\n<\/strong>Schwere Verletzungen hat sich ein 54-j\u00e4hriger Radfahrer bei einem Verkehrsunfall am Samstagvormittag in Kirchheim unter Teck zugezogen. Der Mann befuhr gegen 10.15 Uhr die Umgehungsstra\u00dfe in Richtung Lenningen. Ein 62-j\u00e4hriger Fahrer eines Suzuki wollte im Bereich des Wangerhaldenweg nach rechts auf die Umgehungsstra\u00dfe abbiegen. Dabei \u00fcbersah er den 54-J\u00e4hrigen auf seinem Fahrrad. Beim Zusammensto\u00df wurde der Radfahrer schwer verletzt und musste durch den Rettungsdienst in ein Klinikum verbracht werden. Der Gesamtsachschaden wird auf ca. 1.500 Euro beziffert.<\/p>\n<p style=\"text-align: justify;\"><strong>Esslingen: Nach Messerangriff in Haft<\/strong><br \/>\nWegen des Verdachts eines versuchten T\u00f6tungsdelikts ermitteln die Staatsanwaltschaft Stuttgart und die Kriminalpolizei Esslingen gegen einen 18 Jahre alten Heranwachsenden. Diesem wird vorgeworfen, am Donnerstagabend (02.10.2025) einen anderen Mann nach einem Streit mit einem Messer schwer verletzt zu haben. Er befindet sich zwischenzeitlich in Untersuchungshaft.<br \/>\nNach derzeitigem Ermittlungsstand traf der Tatverd\u00e4chtige am Donnerstag, gegen 22.30 Uhr, in der Pliensauvorstadt auf den 35-j\u00e4hrigen Gesch\u00e4digten und einen Zeugen, die zusammen mit einem Hund spazieren gingen. Unvermittelt soll der 18-J\u00e4hrige auf den Hund des Gesch\u00e4digten eingetreten haben, woraufhin sich ein Streit entwickelte, der handgreiflich wurde. Hierbei soll der Tatverd\u00e4chtige ein Messer eingesetzt haben, mit dem er den Gesch\u00e4digten schwer verletzte. Der 35-J\u00e4hrige musste zur weiteren Behandlung in ein Krankenhaus. Lebensgefahr bestand nicht. Das mutma\u00dfliche Tatmesser wurde in Tatortn\u00e4he sichergestellt.<br \/>\nDer Tatverd\u00e4chtige konnte noch vor Ort widerstandlos von der Polizei festgenommen werden.<br \/>\nAm Freitagnachmittag wurde der afghanische Staatsangeh\u00f6rige dem Haftrichter beim Amtsgericht Stuttgart vorgef\u00fchrt. Dieser erlie\u00df den von der Staatsanwaltschaft beantragten Haftbefehl und setzte ihn in Vollzug. Die weiteren Ermittlungen der Kriminalpolizei, insbesondere zum Ablauf und den Hintergr\u00fcnden der Tat, dauern an.<\/p>\n<p style=\"text-align: justify;\"><strong>Leinfelden-Echterdingen: Gro\u00dfeinsatz der Feuerwehr nach Kabelbrand in Betriebsgeb\u00e4ude<br \/>\n<\/strong>Zu einem Brand in einem Betriebsgeb\u00e4ude abseits der Terminals auf dem Gel\u00e4nde des Stuttgarter Flughafens sind die Einsatzkr\u00e4fte am Mittwochabend ausger\u00fcckt. Kurz vor 20 Uhr war es in einem Technikraum im Untergeschoss des Geb\u00e4udes zu einer starken Rauchentwicklung gekommen. Die Feuerwehr, die mit zahlreichen Kr\u00e4ften im Einsatz war, konnte den Brand l\u00f6schen. Wie sich herausstellte, war es im Bereich eines gr\u00f6\u00dferen Kabelstrangs in dem Technikraum aus noch ungekl\u00e4rter Ursache zu einem Brand gekommen. Bei den L\u00f6scharbeiten erlitten drei Feuerwehrleute nach derzeitigen Erkenntnissen leichte Verletzungen. Alle drei mussten wegen des Verdachts einer Rauchgasintoxikation vom Rettungsdienst ins Krankenhaus gebracht werden. Infolge des Brandes kam es zu Beeintr\u00e4chtigungen des Flugverkehrs. Spezialisten der Kriminalpolizei haben noch in der Nacht erste Ermittlungen zur Brandursache aufgenommen. Die H\u00f6he des entstandenen Sachschadens ist noch nicht bekannt. Im Einsatz waren die Feuerwehr mit zw\u00f6lf Fahrzeugen und 108 Feuerwehrleuten, einem Messzug der Feuerwehr mit drei Fahrzeugen und sechs Feuerwehrleuten und der Rettungsdienst mit drei Fahrzeugen und sechs Rettungskr\u00e4ften.<\/p>\n<p style=\"text-align: justify;\"><strong>Kirchheim\/Teck: Motorradfahrer nach Verkehrsunfall verstorben<br \/>\n<\/strong>Der 18-J\u00e4hrige, der bei einem Verkehrsunfall am Montagabend auf der Klaus-Holighaus-Stra\u00dfe lebensgef\u00e4hrlich verletzt worden war (wir berichteten), ist im Laufe des Dienstags im Krankenhaus verstorben. Wie bereits berichtet, war der Heranwachsende am Montagabend mit seinem Leichtkraftrad auf der Klaus-Holighaus-Stra\u00dfe unterwegs, in einer scharfen Linkskurve alleinbeteiligt von der Fahrbahn abgekommen und gegen einen Baum geprallt.<\/p>\n<p style=\"text-align: justify;\"><strong>Kirchheim\/Teck: Vorfahrt missachtet<br \/>\n<\/strong>Die Missachtung der Grundregel &#8220;Rechts vor Links&#8221; ist die Ursache eines Verkehrsunfalls, den ein 15-J\u00e4hriger am Dienstagmittag an der an der Einm\u00fcndung Obere Steinstra\u00dfe \/ Schlierbacher Stra\u00dfe verursacht hat. Der Jugendliche war gegen 13.15 Uhr mit einem Microcar auf Oberen Steinstra\u00dfe in Richtung Jakobstra\u00dfe unterwegs. An der Einm\u00fcndung zur Schlierbacher Stra\u00dfe missachtete er die Grundregel &#8220;Rechts vor Links&#8221;, sodass es zu Kollision mit einem von rechts auf der Schlierbacher Stra\u00dfe heranfahrenden Elektro-Scooter eines 21-J\u00e4hrigen kam. Durch den Aufprall st\u00fcrzte der Rollerfahrer auf die Fahrbahn und wurde nach derzeitigen Erkenntnissen leicht verletzt. Ein Rettungswagen brachte ihn anschlie\u00dfend ins Krankenhaus. Der entstandene Sachschaden an dem Microcar wird auf etwa 3.000 Euro, der Sachschaden am Roller auf etwa 100 Euro gesch\u00e4tzt. Bei der Unfallaufnahme stellte sich heraus, dass an dem Roller kein Versicherungskennzeichen angebracht war, weshalb der 21-J\u00e4hrige einer Anzeige wegen des Versto\u00dfes gegen das Versicherungsgesetz entgegensieht.<\/p>\n<p style=\"text-align: justify;\"><strong>Leinfelden-Echterdingen: Bundesstra\u00dfe nach Unfall gesperrt (Zeugenaufruf)<br \/>\n<\/strong>Zeugen zu einem schadenstr\u00e4chtigen Verkehrsunfall, der sich am Dienstagnachmittag auf der B27 zwischen den Anschlussstellen Leinfelden-Echterdingen Mitte und Leinfelden-Echterdingen Nord ereignet hat, sucht die Verkehrspolizei Esslingen. Derzeitigen Ermittlungen zufolge war ein 20-J\u00e4hriger gegen 16.10 Uhr mit seinem Audi A4 auf der Bundesstra\u00dfe hinter einem Tesla eines 43-J\u00e4hrigen in Richtung Stuttgart unterwegs. Der Fahrer des Tesla war auf der rechten der beiden Fahrspuren unterwegs und musste verkehrsbedingt stark abbremsen. Der Audi soll ebenfalls stark abgebremst und mehrfach die Spur gewechselt haben. Ein auf der linken Spur fahrender 38-J\u00e4hriger konnte aufgrund der abrupten Spurwechsel des Audi nicht mehr rechtzeitig reagieren und krachte mit seinem Renault Capture ins Heck des Audi. Durch den Aufprall wurde der Audi gedreht und prallte ins Heck des Tesla, der in der Folge in die rechten Leitplanken abgewiesen worden war, bevor der Wagen auf der Abbiegespur zur BAB 8 zum Stehen kam. Der Fahrer des Renault wurde bei der Kollision nach derzeitigen Erkenntnissen so schwer verletzt, dass er vom Rettungsdienst zur station\u00e4ren Behandlung ins Krankenhaus gebracht werden musste. Der Fahrer des Audi und sein 17 Jahre alter Beifahrer erlitten leichte Verletzungen und wurden ebenfalls vom Rettungsdienst zur ambulanten Behandlung in eine Klinik gebracht. Der Audi und der Renault waren nach dem Unfall so schwer besch\u00e4digt, dass sie abgeschleppt werden mussten. Der entstandene Sachschaden wird auf insgesamt rund 33.000 Euro gesch\u00e4tzt. F\u00fcr die Dauer der Rettungs- und Bergungsma\u00dfnahmen und der Unfallaufnahme musste die Bundesstra\u00dfe bis etwa 17.45 Uhr gesperrt werden. Da zum Unfallhergang unterschiedliche Angaben vorliegen, sucht die Verkehrspolizei nach Zeugen. Diese werden gebeten, sich unter der Telefonnummer 0711\/3990-420 bei der Verkehrspolizei Esslingen zu melden.<\/p>\n<p style=\"text-align: justify;\"><strong>Esslingen: Gegenverkehr \u00fcbersehen<br \/>\n<\/strong>Mit dem Rettungswagen musste eine 15-j\u00e4hrige Motorradfahrerin nach einem Verkehrsunfall am Dienstagnachmittag ins Krankenhaus gebracht werden. Die jugendliche Fahrsch\u00fclerin war gegen 16.45 Uhr mit ihrem Leichtkraftrad auf der L1201 von Plochingen herkommend in Richtung Aichschie\u00df unterwegs. Dabei war sie \u00fcber Sprechfunk mit ihrem dahinterfahrenden 61 Jahre alten Fahrlehrer verbunden. An der Kreuzung Wei\u00dfer Stein wollte sie nach links abbiegen um auf die L1150 aufzufahren. Dabei \u00fcbersah sie eine entgegenkommende Mercedes C-Klasse. Deren 39-j\u00e4hrige Fahrerin hatte keine Chance mehr rechtzeitig zu reagieren, sodass es zur Kollision der Fahrzeuge kam. W\u00e4hrend die Mercedes-Fahrerin und ihre beiden mitfahrenden Kinder im Alter von vier und acht Jahren unverletzt blieben, wurde die Fahrsch\u00fclerin so schwer verletzt, dass sie vom Rettungsdienst ins Krankenhaus gebracht werden musste. Beide Fahrzeuge waren nach dem Unfall nicht mehr fahrbereit. Der entstandene Sachschaden wird auf insgesamt rund 9.000 Euro gesch\u00e4tzt.<\/p>\n<p style=\"text-align: justify;\"><strong>Ludwigsburg: Einsatzma\u00dfnahmen gegen Rockergruppierungen<\/strong><br \/>\nIm Zuge der Einsatzma\u00dfnahmen am 1. Oktober gegen Angeh\u00f6rige der Rockergruppierung Gremium MC Nomads Bosporus T\u00fcrkiye war ein 44-j\u00e4hriger Tatverd\u00e4chtiger vorl\u00e4ufig festgenommen worden, bei dem Drogen sowie eine mutma\u00dflich scharfe Schusswaffe aufgefunden worden waren.<br \/>\nDer Tatverd\u00e4chtige wurde noch am selben Tag auf Antrag der Staatsanwaltschaft Stuttgart einem Haftrichter beim Amtsgericht Stuttgart vorgef\u00fchrt. Dieser erlie\u00df Haftbefehl wegen F\u00fchrens einer Schusswaffe in Tateinheit mit Besitz einer Schusswaffe sowie wegen bewaffneten Handeltreibens mit Bet\u00e4ubungsmitteln, setzte ihn in Vollzug und wies den 44-j\u00e4hrigen italienischen Staatsangeh\u00f6rigen in eine Justizvollzugsanstalt ein.<br \/>\nAm Einsatztag (30.09.2025) waren Durchsuchungsbeschl\u00fcsse unter anderen in folgenden Kommunen vollstreckt worden:<br \/>\n&#8211; Landkreis B\u00f6blingen: G\u00e4rtringen, G\u00e4ufelden, Weil der Stadt<br \/>\n&#8211; Landkreis Ludwigsburg: Besigheim, Erdmannhausen, Murr<br \/>\n&#8211; Landkreis Esslingen: Esslingen am Neckar, K\u00f6ngen, Leinfelden-Echterdingen<br \/>\n&#8211; Stadt Stuttgart<\/p>\n<p style=\"text-align: justify;\"><strong>Leinfelden-Echterdingen: Rettungskr\u00e4fte angegangen<br \/>\n<\/strong>Wegen des Verdachts des T\u00e4tlichen Angriffs auf Hilfeleistende und Polizeibeamte ermittelt das Polizeirevier Filderstadt seit Montagabend gegen eine 48 Jahre alte Frau. Da diese gegen 21 Uhr aufgrund eines medizinischen Notfalls Hilfe ben\u00f6tigte, hatten Angeh\u00f6rige den Rettungsdienst gerufen. W\u00e4hrend den anschlie\u00dfenden Ma\u00dfnahmen griff die 48-J\u00e4hrige unvermittelt eine 27-J\u00e4hrige Rettungsangestellte an und schlug auf diese ein. Die alarmierten Polizeibeamten stellten bei der 48-J\u00e4hringen mit \u00fcber drei Promille eine massive Alkoholisierung fest. In der Folge beleidigte die Frau die Streifenbeamten und versuchte auch diese mit Schl\u00e4gen anzugehen. Sie wurde daraufhin in Gewahrsam genommen und in einer Fachklinik untergebracht. Verletzt wurde keiner der Beteiligten.<\/p>\n<p style=\"text-align: justify;\"><strong>Kirchheim: Hoher Sachschaden nach Missachtung von roter Ampel<br \/>\n<\/strong>Bei einem Verkehrsunfall am Montagabend auf der B 465 bei Kirchheim\/Teck ist ein Sachschaden von rund 60.000 Euro entstanden. Die beiden beteiligten Pkw-Lenker wurden vorsorglich durch den Rettungsdienst zur Untersuchung in eine Klinik gebracht. Dem bisherigen Kenntnisstand zufolge fuhr kurz nach 21 Uhr ein 55-j\u00e4hriger Ford-Lenker auf der B 465 aus Richtung Kirchheim und bog ohne das f\u00fcr ihn angezeigte Rotlicht zu beachten nach links auf die Autobahnauffahrt in Richtung M\u00fcnchen ab. Hierbei kollidierte er mit dem Tesla eines 56-J\u00e4hringen, der den Kreuzungsbereich aus Dettingen kommend geradeaus in Richtung Kirchheim \u00fcberqueren wollte. Infolge des heftigen Zusammenpralls wurden die Fahrzeuge total besch\u00e4digt. Sie mussten aufgeladen und abtransportiert werden. Die Arbeiten zur Unfallaufnahme und R\u00e4umung der Unfallstelle dauerten bis kurz vor 23 Uhr.<\/p>\n<p style=\"text-align: justify;\"><strong>Dettingen\/Teck: Brandausbruch w\u00e4hrend Autofahrt<br \/>\n<\/strong>Ein Auto ist am Montagmittag w\u00e4hrend der Fahrt in Brand geraten. Gegen 13.40 Uhr bemerkte die Lenkerin eines VW, die zu dieser Zeit auf der B 465 unterwegs war, Brandgeruch in ihrem Wagen. Nach dem Anhalten entdeckte sie Flammen im Motorraum, die nach derzeitigem Kenntnisstand aufgrund eines technischen Defekts entstanden sein d\u00fcrften. Ein weiterer Verkehrsteilnehmer l\u00f6schte die Flammen mit Hilfe eines Feuerl\u00f6schers noch vor dem Eintreffen der Feuerwehr. Der Pkw wurde in der Folge abgeschleppt. Der entstandene Sachschaden kann abschlie\u00dfend noch nicht beziffert werden.<\/p>\n<p style=\"text-align: justify;\"><strong>Kirchheim\/Teck: Motorradfahrer verungl\u00fcckt<br \/>\n<\/strong>Mit lebensgef\u00e4hrlichen Verletzungen musste ein 18 Jahre alter Motorradfahrer nach einem Verkehrsunfall am Montagabend ins Krankenhaus geflogen werden. Der junge Fahrer war gegen 20.10 Uhr mit seinem Leichtkraftrad Yamaha auf der Klaus-Holighaus-Stra\u00dfe vom Flugplatz Hahnweide herkommend, in Richtung Bundesstra\u00dfe unterwegs, als er in der dortigen scharfen Linkskurve alleinbeteiligt nach rechts von der Fahrbahn abkam. In der Folge prallte er samt seiner 125er mit so gro\u00dfer Wucht gegen einen Baum, dass er von der Maschine abgeworfen und lebensgef\u00e4hrlich verletzt wurde. Nach einer not\u00e4rztlichen Erstversorgung an der Unfallstelle wurde der Heranwachsende von einem Rettungshubschrauber ins Krankenhaus geflogen. Sein Motorrad, an dem wirtschaftlicher Totalschaden in H\u00f6he von rund 6.000 Euro entstanden war, wurde von einem Abschleppdienst geborgen. Neben zahlreichen Kr\u00e4ften des Rettungsdienstes war die Feuerwehr mit drei Fahrzeuge und 14 Feuerwehrleuten und Mitarbeiter der Psychosozialen Notfallversorgung im Einsatz.<\/p>\n<p style=\"text-align: justify;\"><strong>N\u00fcrtingen: Alten Sprengstoff entsorgt<br \/>\n<\/strong>Ein Zeuge hat am Sonntagmittag kurz nach 13 Uhr neben einem Schotterweg parallel zur K 1236 bei Altenriet mehrere b\u00f6ller\u00e4hnliche Gegenst\u00e4nde entdeckt und die Polizei verst\u00e4ndigt. Bei der \u00dcberpr\u00fcfung der Gegenst\u00e4nde stellten sich diese als Dynamitstangen mit deutlich \u00e4lterem Herstellungsjahr heraus. Diese waren offensichtlich an der \u00d6rtlichkeit durch einen Unbekannten entsorgt wurden. Der Kampfmittelbeseitigungsdienst sammelte die Stangen ein und transportiere diese ab. Eine Gefahr bestand zu keinem Zeitpunkt. Das Polizeirevier N\u00fcrtingen ermittelt nun wegen des Verdachts eines Versto\u00dfes gegen das Sprengstoffgesetz.<\/p>\n<p style=\"text-align: justify;\"><strong>Wendlingen: Am Steuer eingeschlafen<br \/>\n<\/strong>\u00dcberm\u00fcdung d\u00fcrfte eine der Ursachen f\u00fcr einen Verkehrsunfall gewesen sein, den ein 20-J\u00e4hriger am Sonntagmorgen an der Einm\u00fcndung Ulmer Stra\u00dfe \/ Traubenstra\u00dfe verursacht hat. Der junge Fahrer war gegen 7.45 Uhr mit seiner Mercedes C-Klasse auf der Ulmer Stra\u00dfe in Fahrtrichtung Kirchheim unterwegs und wollte an der Einm\u00fcndung nach links in die Traubenstra\u00dfe einbiegen. Dabei nahm er die Kurve zu weit und geriet auf ein angrenzendes Grundst\u00fcck. Dort \u00fcberfuhr er mehrere Begrenzungspfosten und besch\u00e4digte im weiteren Verlauf auch ein Verkehrszeichen und einen Betonsockel. Bei der Unfallaufnahme stellten die Polizeibeamte nicht nur Anzeichen f\u00fcr eine alkoholische Beeinflussung, sondern auch f\u00fcr einen m\u00f6glicherweise vorangegangenen Konsum von Bet\u00e4ubungsmittel fest, sodass eine Blutentnahme angeordnet werden musste. Der F\u00fchrerschein des Heranwachsenden wurde noch an Ort und Stelle beschlagnahmt. Der Sachschaden am Mercedes wird auf rund 10.000 Euro gesch\u00e4tzt. Zur H\u00f6he der Sachsch\u00e4den an der Grundst\u00fccksbegrenzung und den Verkehrseinrichtungen liegen noch keine Informationen vor.<\/p>\n<p style=\"text-align: justify;\"><strong>Filderstadt: Radfahrerin verletzt<br \/>\n<\/strong>Die Missachtung der Grundregel &#8220;Rechts vor Links&#8221; ist die Ursache eines Verkehrsunfalls, der sich am Sonntagnachmittag an der Kreuzung Mesnerwiesenstra\u00dfe \/ Kreuzstra\u00dfe im Stadtteil Bonlanden ereignet hat. Eine 15-J\u00e4hrige war gegen 14.10 Uhr mit ihrem Fahrrad auf der Mesnerwiesenstra\u00dfe unterwegs. Als sie die Kreuzung zur Kreuzstra\u00dfe geradeaus \u00fcberquerte, \u00fcbersah sie einen von rechts kommenden und vorfahrtsberechtigten Seat Tarraco. Dessen 55 Jahre alter Fahrer hatte keinerlei Chancen mehr, rechtzeitig zu reagieren, sodass es im Kreuzungsbereich zur Kollision der Fahrzeuge kam. Dabei erlitt die Jugendliche nach derzeitigen Erkenntnissen leichte Verletzungen. Sie konnte nach einer Erstversorgung durch den Rettungsdienst an der Unfallstelle mit ihren Angeh\u00f6rigen selbst ein Krankenhaus aufsuchen. Der entstandene Sachschaden am Auto wird auf etwa 2.500 Euro, der Schaden am Fahrrad auf rund 100 Euro gesch\u00e4tzt.<\/p>\n<p style=\"text-align: justify;\"><strong>Leinfelden-Echterdingen: Viel zu schnell auf B 27 unterwegs<br \/>\n<\/strong>Einen rasenden Pkw haben Beamte des Verkehrsdienst Esslingen am fr\u00fchen Montagmorgen auf der B 27 gestoppt. Ein 22-J\u00e4hriger war mit seinem Ford Focus RS auf der Bundestra\u00dfe Richtung Stuttgart unterwegs, wobei seine Geschwindigkeit weit \u00fcber den erlaubten Werten lag. Auf H\u00f6he der Anschlussstelle Filderstadt-Plattenhardt konnten die Polizeibeamten bei dem Fahrzeug eine gefahrene Geschwindigkeit von knapp 200 km\/h bei erlaubten 120 km\/h messen. Der Anweisung anzuhalten leistete der junge Mann zun\u00e4chst nicht Folge und fuhr stattdessen mehrfach mit stark \u00fcberh\u00f6hter Geschwindigkeit weiter, bevor er im weiteren Verlauf doch anhielt und kontrolliert werden konnte. Die Verkehrspolizei Esslingen ermittelt nun wegen des Verdachts eines verbotenen Kraftfahrzeugrennens.<\/p>\n<hr \/>\n<p style=\"text-align: justify;\">\n","protected":false},"excerpt":{"rendered":"<p>Quelle: ots Esslingen: Betrunken gefahren und Widerstand geleistet Wegen Trunkenheit im Verkehr und Widerstand gegen Vollstreckungsbeamte muss sich ein 63-j\u00e4hriger Autofahrer verantworten, den die Polizei am Sonntagmorgen im Ortsteil Liebersbronn aus dem Verkehr gezogen hat. Gegen 00.30 Uhr fiel den Beamten das auff\u00e4llig fahrende Fahrzeug in der Neuen Stra\u00dfe auf. In Folge dessen endete die [&hellip;]<\/p>\n","protected":false},"author":4,"featured_media":152245,"comment_status":"closed","ping_status":"open","sticky":false,"template":"","format":"standard","meta":{"inline_featured_image":false,"_exactmetrics_skip_tracking":false,"_exactmetrics_sitenote_active":false,"_exactmetrics_sitenote_note":"","_exactmetrics_sitenote_category":0,"footnotes":""},"categories":[11240],"tags":[14857,14440,68,205,1625],"class_list":{"0":"post-158202","1":"post","2":"type-post","3":"status-publish","4":"format-standard","5":"has-post-thumbnail","7":"category-region-esslingen","8":"tag-die-webzeitung","9":"tag-esslingen","10":"tag-online-zeitung","11":"tag-polizei","12":"tag-report"},"image_feature":"https:\/\/die-webzeitung.de\/stuttgart\/wp-content\/uploads\/sites\/4\/2024\/02\/Polizei-Pix-scaled.jpg","author_name":"Redaktion","pure_taxonomies":{"categories":[{"term_id":11240,"name":"Polizei-Report Esslingen","slug":"region-esslingen","term_group":0,"term_taxonomy_id":11278,"taxonomy":"category","description":"Polizeiberichte aus der Region des Landkreises Esslingen","parent":1619,"count":69,"filter":"raw","image":""}],"tags":[{"term_id":14857,"name":"Die-Webzeitung","slug":"die-webzeitung","term_group":0,"term_taxonomy_id":14876,"taxonomy":"post_tag","description":"","parent":0,"count":3623,"filter":"raw","image":""},{"term_id":14440,"name":"Esslingen","slug":"esslingen","term_group":0,"term_taxonomy_id":3885,"taxonomy":"post_tag","description":"","parent":0,"count":202,"filter":"raw","image":""},{"term_id":68,"name":"Online-Zeitung","slug":"online-zeitung","term_group":0,"term_taxonomy_id":69,"taxonomy":"post_tag","description":"","parent":0,"count":3593,"filter":"raw","image":""},{"term_id":205,"name":"Polizei","slug":"polizei","term_group":0,"term_taxonomy_id":208,"taxonomy":"post_tag","description":"","parent":0,"count":277,"filter":"raw","image":""},{"term_id":1625,"name":"Report","slug":"report","term_group":0,"term_taxonomy_id":1634,"taxonomy":"post_tag","description":"","parent":0,"count":210,"filter":"raw","image":""}]},"_links":{"self":[{"href":"https:\/\/die-webzeitung.de\/stuttgart\/wp-json\/wp\/v2\/posts\/158202","targetHints":{"allow":["GET"]}}],"collection":[{"href":"https:\/\/die-webzeitung.de\/stuttgart\/wp-json\/wp\/v2\/posts"}],"about":[{"href":"https:\/\/die-webzeitung.de\/stuttgart\/wp-json\/wp\/v2\/types\/post"}],"author":[{"embeddable":true,"href":"https:\/\/die-webzeitung.de\/stuttgart\/wp-json\/wp\/v2\/users\/4"}],"replies":[{"embeddable":true,"href":"https:\/\/die-webzeitung.de\/stuttgart\/wp-json\/wp\/v2\/comments?post=158202"}],"version-history":[{"count":10,"href":"https:\/\/die-webzeitung.de\/stuttgart\/wp-json\/wp\/v2\/posts\/158202\/revisions"}],"predecessor-version":[{"id":158273,"href":"https:\/\/die-webzeitung.de\/stuttgart\/wp-json\/wp\/v2\/posts\/158202\/revisions\/158273"}],"wp:featuredmedia":[{"embeddable":true,"href":"https:\/\/die-webzeitung.de\/stuttgart\/wp-json\/wp\/v2\/media\/152245"}],"wp:attachment":[{"href":"https:\/\/die-webzeitung.de\/stuttgart\/wp-json\/wp\/v2\/media?parent=158202"}],"wp:term":[{"taxonomy":"category","embeddable":true,"href":"https:\/\/die-webzeitung.de\/stuttgart\/wp-json\/wp\/v2\/categories?post=158202"},{"taxonomy":"post_tag","embeddable":true,"href":"https:\/\/die-webzeitung.de\/stuttgart\/wp-json\/wp\/v2\/tags?post=158202"}],"curies":[{"name":"wp","href":"https:\/\/api.w.org\/{rel}","templated":true}]}}