{"id":158167,"date":"2025-09-27T19:33:04","date_gmt":"2025-09-27T18:33:04","guid":{"rendered":"https:\/\/die-webzeitung.de\/stuttgart\/?p=158167"},"modified":"2025-09-28T10:43:46","modified_gmt":"2025-09-28T09:43:46","slug":"polizeiliche-massnahmen-anlaesslich-des-178-stuttgarter-volksfestes","status":"publish","type":"post","link":"https:\/\/die-webzeitung.de\/stuttgart\/2025\/09\/27\/polizeiliche-massnahmen-anlaesslich-des-178-stuttgarter-volksfestes\/","title":{"rendered":"Polizeiliche Ma\u00dfnahmen anl\u00e4sslich des 178. Stuttgarter Volksfestes"},"content":{"rendered":"<p style=\"text-align: justify;\">STUTTGART.|\u00a0In wenigen Tagen findet auf dem Cannstatter Wasen das 178. Stuttgarter Volksfest statt. Gemeinsam mit allen beteiligten Sicherheitspartnern bereitet sich die Stuttgarter Polizei intensiv auf dieses Ereignis, das von Freitag, 26. September bis Sonntag, 12. Oktober 2025 stattfindet, vor. Dabei steht f\u00fcr die Polizei vor allem die Sicherheit der Festbesucherinnen und -besucher im Fokus. &#8220;Professionell und b\u00fcrgernah &#8211; so pr\u00e4sentiert sich unsere Polizei auch in diesem Jahr wieder auf dem Wasen. Dieses Bild wird bei den erwarteten \u00fcber vier Millionen Besucherinnen und Besuchern nachhaltig haften bleiben und das Sicherheitsgef\u00fchl st\u00e4rken. Mit einem ausgereiften Einsatzkonzept und motivierten Polizeibeamtinnen und Polizeibeamten wird das Polizeipr\u00e4sidium Stuttgart f\u00fcr die notwendige Sicherheit bei diesem Gro\u00dfereignis sorgen. Den eingesetzten Polizistinnen und Polizisten danke ich schon jetzt f\u00fcr ihren engagierten Einsatz und werde wie in all den vergangenen Jahren auch heuer pers\u00f6nlich einen Besuch bei der Wasenwache machen&#8221;, sagte der Stv. Ministerpr\u00e4sident und Innenminister Thomas Strobl mit Blick auf das anstehende Volksfest. Auf der Wasenwache b\u00fcndeln sich die Module der Sicherheitsarchitektur. Rotes Kreuz, die Feuerwehr, der Veranstalter in.stuttgart, die Bundespolizei und die polizeilichen Einsatzkr\u00e4fte der Wasenwache arbeiten hier eng zusammen: &#8220;Mit unserer Doppelstrategie aus Pr\u00e4vention und Repression schaffen wir Rahmenbedingungen f\u00fcr ein sicheres Volksfest. Wir setzen auf die Verzahnung von Video\u00fcberwachung, hoher polizeilicher Pr\u00e4senz sowie schneller Interventionsf\u00e4higkeit &#8211; damit alle das Volksfest sicher und unbeschwert genie\u00dfen k\u00f6nnen&#8221;, so Polizeivizepr\u00e4sident Carsten H\u00f6fler. Unterst\u00fctzung erh\u00e4lt das Polizeipr\u00e4sidium Stuttgart durch Kolleginnen und Kollegen des Polizeipr\u00e4sidiums Einsatz.<\/p>\n<p style=\"text-align: justify;\">W\u00e4hrend des Volksfestes sind t\u00e4glich \u00fcber 100 Beamtinnen und Beamte auf dem Festgel\u00e4nde im Einsatz, um die Sicherheit der Festbesucherinnen und Besucher zu gew\u00e4hrleisten. Die Einsatzkr\u00e4fte werden an den Zug\u00e4ngen und auf dem Festgel\u00e4nde, aber auch rund um den Cannstatter Wasen pr\u00e4sent sein und stehen als Ansprechpartner f\u00fcr alle Besucherinnen und Besucher zur Verf\u00fcgung. Wie bereits in den vergangenen Jahren wird auch die Videobeobachtungsanlage im Einsatz sein. Sie macht es m\u00f6glich, potenzielle Auseinandersetzungen oder Bedrohungslagen bereits im Vorfeld zu erkennen und schnell intervenieren zu k\u00f6nnen.<\/p>\n<p style=\"text-align: justify;\">Aufgrund der nach wie vor hohen abstrakten Gefahr von Anschl\u00e4gen wird die Polizei sehr konzentriert und wachsam sein. Besonderes Augenmerk wird auch wieder das Thema gef\u00e4hrliche Gegenst\u00e4nde bekommen. Auf dem gesamten Festgel\u00e4nde gilt ein Waffen- und Messerverbot. Der Veranstalter wird mit seinem Sicherheitsdienst an den Zug\u00e4ngen Kontrollen durchf\u00fchren, um sicherzustellen, dass keine verbotenen Gegenst\u00e4nde auf das Festgel\u00e4nde gelangen. Die Polizei appelliert an alle Besucherinnen und Besucher verantwortungsbewusst zu handeln und keine Messer oder gef\u00e4hrlichen Gegenst\u00e4nde mit sich zu f\u00fchren.<\/p>\n<p style=\"text-align: justify;\">Doch nicht nur uniformierte, sondern auch zivile Fu\u00dfstreifen werden das Gel\u00e4nde \u00fcberwachen und den Fokus auf auff\u00e4llige Personen oder Gruppierungen und auf die Einhaltung der Jugendschutzbestimmungen legen. Dieses Konzept wurde bereits beim Fr\u00fchlingsfest erfolgreich angewandt. Die Polizei weist \u00fcberdies darauf hin, dass der Veranstalter den Konsum von Cannabis auf dem gesamten Festgel\u00e4nde als auch in den Festzelten untersagt. Die Beamtinnen und Beamten des Referats Pr\u00e4vention werden mit einem Informationsstand auf dem Volksfest vertreten sein. Dieser steht an folgenden Tagen zwischen 14.30 Uhr und 18.00 Uhr rechts neben dem offiziellen Haupteingangstor des Volksfestes im \u00dcbergang des Besucherparkplatzes zum Festgel\u00e4nde: &#8211; Dienstag, 30.09.2025 &#8211; Mittwoch, 01.10.2025 zusammen mit Kollegen der Einstellungsberatung &#8211; Mittwoch, 08.10.2025, zusammen mit Kollegen der Bundespolizei Stuttgart und Einstellungsberatung &#8211; Donnerstag, 09.10.2025<\/p>\n<p style=\"text-align: justify;\">Auf den Social-Media-Kan\u00e4len des Polizeipr\u00e4sidiums Stuttgart gibt es au\u00dferdem am Samstag, 11. Oktober, ab 16 Uhr exklusive Einblicke in das Einsatzgeschehen rund um das Cannstatter Volksfest. Unter dem Hashtag #Wasenstreife wird den ganzen Abend auf Facebook, Instagram und X (ehemals Twitter) live berichtet. Auch in Fotos und Videos wird gezeigt, wie die Wasenstreifen f\u00fcr Sicherheit auf dem Gel\u00e4nde sorgen. Die Polizei Stuttgart w\u00fcnscht allen Besucherinnen und Besuchern ein friedliches und fr\u00f6hliches Festvergn\u00fcgen. Pr\u00e4ventionstipps der Polizei Stuttgart zum Thema Taschendiebstahl: &#8211; Nehmen Sie nur so viel Bargeld mit, wie Sie tats\u00e4chlich ben\u00f6tigen. &#8211; Tragen Sie Geld- und Zahlungskarten sowie Dokumente immer in verschiedenen verschlossenen Innentaschen der Kleidung m\u00f6glichst dicht am K\u00f6rper. &#8211; Tragen Sie Ihre Hand- oder Umh\u00e4ngetasche immer mit der Verschlussseite zum K\u00f6rper. &#8211; Halten Sie Ihre mitgef\u00fchrte Tasche stets geschlossen. &#8211; Lassen Sie Ihr Handy, Ihre Handtasche oder Jacke niemals unbeaufsichtigt. &#8211; Achten Sie bei einem Menschengedr\u00e4nge verst\u00e4rkt auf Ihre Wertsachen.<\/p>\n<p style=\"text-align: justify;\">Weitere Informationen finden Sie im Internet unter <a class=\"uri-ext outbound\" href=\"https:\/\/www.polizei-stuttgart.de\" target=\"_blank\" rel=\"noopener\">www.polizei-stuttgart.de<\/a> und den Social Media Kan\u00e4len des PP Stuttgart: X: @PP_Stuttgart Facebook: PolizeiStuttgart Instagram: polizei.bw.stuttgart<\/p>\n<hr \/>\n<p style=\"text-align: justify;\">\n","protected":false},"excerpt":{"rendered":"<p>STUTTGART.|\u00a0In wenigen Tagen findet auf dem Cannstatter Wasen das 178. Stuttgarter Volksfest statt. Gemeinsam mit allen beteiligten Sicherheitspartnern bereitet sich die Stuttgarter Polizei intensiv auf dieses Ereignis, das von Freitag, 26. September bis Sonntag, 12. Oktober 2025 stattfindet, vor. Dabei steht f\u00fcr die Polizei vor allem die Sicherheit der Festbesucherinnen und -besucher im Fokus. &#8220;Professionell [&hellip;]<\/p>\n","protected":false},"author":4,"featured_media":144524,"comment_status":"closed","ping_status":"open","sticky":false,"template":"","format":"standard","meta":{"inline_featured_image":false,"_exactmetrics_skip_tracking":false,"_exactmetrics_sitenote_active":false,"_exactmetrics_sitenote_note":"","_exactmetrics_sitenote_category":0,"footnotes":""},"categories":[2239],"tags":[14857,68,205,12101,1561,275,9164],"class_list":{"0":"post-158167","1":"post","2":"type-post","3":"status-publish","4":"format-standard","5":"has-post-thumbnail","7":"category-stuttgart-lokal","8":"tag-die-webzeitung","9":"tag-online-zeitung","10":"tag-polizei","11":"tag-pravention","12":"tag-schutz","13":"tag-stuttgart","14":"tag-volksfest"},"image_feature":"https:\/\/die-webzeitung.de\/stuttgart\/wp-content\/uploads\/sites\/4\/2021\/12\/Polizei.jpg","author_name":"Redaktion","pure_taxonomies":{"categories":[{"term_id":2239,"name":"Stuttgart","slug":"stuttgart-lokal","term_group":0,"term_taxonomy_id":2252,"taxonomy":"category","description":"Berichte und Informationen aus Stuttgart","parent":1433,"count":941,"filter":"raw","image":""}],"tags":[{"term_id":14857,"name":"Die-Webzeitung","slug":"die-webzeitung","term_group":0,"term_taxonomy_id":14876,"taxonomy":"post_tag","description":"","parent":0,"count":3623,"filter":"raw","image":""},{"term_id":68,"name":"Online-Zeitung","slug":"online-zeitung","term_group":0,"term_taxonomy_id":69,"taxonomy":"post_tag","description":"","parent":0,"count":3593,"filter":"raw","image":""},{"term_id":205,"name":"Polizei","slug":"polizei","term_group":0,"term_taxonomy_id":208,"taxonomy":"post_tag","description":"","parent":0,"count":277,"filter":"raw","image":""},{"term_id":12101,"name":"Pr\u00e4vention","slug":"pravention","term_group":0,"term_taxonomy_id":12139,"taxonomy":"post_tag","description":"","parent":0,"count":5,"filter":"raw","image":""},{"term_id":1561,"name":"Schutz","slug":"schutz","term_group":0,"term_taxonomy_id":1570,"taxonomy":"post_tag","description":"","parent":0,"count":11,"filter":"raw","image":""},{"term_id":275,"name":"Stuttgart","slug":"stuttgart","term_group":0,"term_taxonomy_id":281,"taxonomy":"post_tag","description":"","parent":0,"count":1194,"filter":"raw","image":""},{"term_id":9164,"name":"Volksfest","slug":"volksfest","term_group":0,"term_taxonomy_id":9191,"taxonomy":"post_tag","description":"","parent":0,"count":10,"filter":"raw","image":""}]},"_links":{"self":[{"href":"https:\/\/die-webzeitung.de\/stuttgart\/wp-json\/wp\/v2\/posts\/158167","targetHints":{"allow":["GET"]}}],"collection":[{"href":"https:\/\/die-webzeitung.de\/stuttgart\/wp-json\/wp\/v2\/posts"}],"about":[{"href":"https:\/\/die-webzeitung.de\/stuttgart\/wp-json\/wp\/v2\/types\/post"}],"author":[{"embeddable":true,"href":"https:\/\/die-webzeitung.de\/stuttgart\/wp-json\/wp\/v2\/users\/4"}],"replies":[{"embeddable":true,"href":"https:\/\/die-webzeitung.de\/stuttgart\/wp-json\/wp\/v2\/comments?post=158167"}],"version-history":[{"count":1,"href":"https:\/\/die-webzeitung.de\/stuttgart\/wp-json\/wp\/v2\/posts\/158167\/revisions"}],"predecessor-version":[{"id":158168,"href":"https:\/\/die-webzeitung.de\/stuttgart\/wp-json\/wp\/v2\/posts\/158167\/revisions\/158168"}],"wp:featuredmedia":[{"embeddable":true,"href":"https:\/\/die-webzeitung.de\/stuttgart\/wp-json\/wp\/v2\/media\/144524"}],"wp:attachment":[{"href":"https:\/\/die-webzeitung.de\/stuttgart\/wp-json\/wp\/v2\/media?parent=158167"}],"wp:term":[{"taxonomy":"category","embeddable":true,"href":"https:\/\/die-webzeitung.de\/stuttgart\/wp-json\/wp\/v2\/categories?post=158167"},{"taxonomy":"post_tag","embeddable":true,"href":"https:\/\/die-webzeitung.de\/stuttgart\/wp-json\/wp\/v2\/tags?post=158167"}],"curies":[{"name":"wp","href":"https:\/\/api.w.org\/{rel}","templated":true}]}}