{"id":158153,"date":"2025-09-23T10:02:27","date_gmt":"2025-09-23T09:02:27","guid":{"rendered":"https:\/\/die-webzeitung.de\/stuttgart\/?p=158153"},"modified":"2025-09-28T15:18:11","modified_gmt":"2025-09-28T14:18:11","slug":"polizei-report-kreis-esslingen-woche-39-4","status":"publish","type":"post","link":"https:\/\/die-webzeitung.de\/stuttgart\/2025\/09\/23\/polizei-report-kreis-esslingen-woche-39-4\/","title":{"rendered":"Polizei-Report Kreis Esslingen | Woche 39"},"content":{"rendered":"<p><em>Quelle: ots<\/em><\/p>\n<p style=\"text-align: justify;\"><strong>Ostfildern: Von unbekannter Gruppe geschlagen und getreten<br \/>\n<\/strong>Am fr\u00fchen Sonntagmorgen schlugen und traten mehrere Jugendliche oder Heranwachsende auf einen 20-J\u00e4hrigen im Stadtteil Nellingen ein und verletzten diesen. Die Polizei sucht weitere Zeugen. Der 20-J\u00e4hrige wurde gegen 01:15 Uhr unvermittelt von einer Gruppe junger M\u00e4nner im Bereich der Esslinger Stra\u00dfe\/Hindenburgstra\u00dfe angegriffen. Im weiteren Verlauf schlugen und traten sie auf den Gesch\u00e4digten ein. Auch nachdem dieser auf dem Boden lag, schlugen und traten sie weiter auf ihn ein. Erst als weitere Passanten und Zeugen auf das Geschehen aufmerksam wurden, lie\u00dfen die T\u00e4ter von ihm ab und ergriffen die Flucht. Eine sofort eingeleitete Fahndung mit mehreren Streifenwagen blieb erfolglos. Der verletzte 20-J\u00e4hrige wurde durch den Rettungsdienst in eine Klinik verbracht. Laut Zeugenaussagen soll die Personengruppe aus etwa sieben Personen bestanden haben. Alle waren m\u00e4nnlich, etwa 18 Jahre alt mit Migrationshintergrund und trugen haupts\u00e4chlich dunkle Kleidung. Einer der T\u00e4ter fiel jedoch aufgrund seiner hellen Oberbekleidung auf. Hinweise nimmt das Polizeirevier Filderstadt unter Telefon 0711\/70913 entgegen.<\/p>\n<p style=\"text-align: justify;\"><strong>N\u00fcrtingen: Auf Polizeirevier randaliert<br \/>\n<\/strong>Am Samstag, gegen 10.20 Uhr, ist es beim Polizeirevier N\u00fcrtingen nach verbalen Streitigkeiten und Beleidigungen zu einer Widerstandshandlung gekommen. Nachdem ein 44 Jahre alter N\u00fcrtinger B\u00fcrger in den Eingangsbereich der Dienststelle eingelassen worden war, schrie er den wachhabenden Beamten unverst\u00e4ndlich in einer ausl\u00e4ndischen Sprache an. Nachdem sich das Anliegen des Mannes nicht weiter kl\u00e4ren lie\u00df, wurde er gebeten, das Polizeirevier zu verlassen. Dieser Aufforderung kam er aber nicht nach und schlug dabei mehrfach von innen gegen die Eingangst\u00fcr des Polizeireviers. Zudem begann er mit seinem Handy die Polizisten des Reviers unerlaubt zu filmen und zeigte den im Wachbereich anwesenden Beamten beleidigend den Mittelfinger. Nach wiederholten Aufforderungen das Revier zu verlassen wurde dem Aggressor ein Platzverweis erteilt, dem er aber nicht nachkam. Als er mittels k\u00f6rperlichem Zwang in Richtung Ausgang verbracht werden sollte, sperrte sich der Mann massiv, musste zu Boden gebracht und dann aus dem Revier getragen werden. Daraufhin entfernte er sich fu\u00dfl\u00e4ufig vom Tatort. Verletzt wurde bei diesem Vorfall niemand.<\/p>\n<p style=\"text-align: justify;\"><strong>Lenningen: Fu\u00dfg\u00e4nger von Fahrzeug erfasst<br \/>\n<\/strong>Aus einer Unachtsamkeit im Stra\u00dfenverkehr kam es am Samstag, gegen 19.30 Uhr, in der Stra\u00dfe Im G\u00e4ns\u00e4cker in Lenningen zu einem Einsatz f\u00fcr Polizei und Rettungskr\u00e4fte. Der 54-j\u00e4hrige Lenker eines Pkw Citroen befuhr zum Zeitpunkt die Stra\u00dfe Im G\u00e4ns\u00e4cker in Richtung eines Supermarktes, als pl\u00f6tzlich hinter einem vorschriftsm\u00e4\u00dfig, am linken Fahrbahnrand geparkten Lkw, der 14-j\u00e4hrige Fu\u00dfg\u00e4nger unvermittelt auf die Stra\u00dfe rannte. Der Jugendliche wurde von dem Pkw im Vorbeifahren erfasst und leicht verletzt, weshalb er mit dem hinzugerufenen Rettungswagen in eine nahegelegene Klinik verbracht wurde. Am Pkw wurde durch die Kollision die Windschutzscheibe besch\u00e4digt. Der Unfall wurde vom Polizeirevier Kirchheim aufgenommen.<\/p>\n<p style=\"text-align: justify;\"><strong>Ostfildern: Rettungsdienst und Polizeibeamte angegriffen<br \/>\n<\/strong>Das Polizeirevier Filderstadt ermittelt nach einem Vorfall, welcher sich Freitagnacht in Scharnhausen ereignet hat. Gegen 01.15 Uhr verst\u00e4ndigten die Beteiligten einer Auseinandersetzung den Rettungsdienst, nachdem sie sich in einer Wohnung in der Jahnstra\u00dfe bei einer Auseinandersetzung gegenseitig verletzt hatten. Kurz nach dem Eintreffen der Rettungskr\u00e4fte griff ein 42-j\u00e4hriger Bewohner diese unmittelbar an. Die beiden Sanit\u00e4ter konnten sich im Rettungswagen in Sicherheit bringen, bevor die ersten Streifenwagenbesatzungen eintrafen. Die Polizeibeamten mussten Pfefferspray einsetzen, um den alkoholisierten Mann zu Boden zu bringen, der sich ihnen widersetzte. Ein weiterer 40-j\u00e4hriger Beteiligter der Auseinandersetzung muss mit einer Anzeige wegen Beleidigung rechnen, nachdem er die anwesenden Beamten beleidigte. Durch den Angriff erlitten die beiden Sanit\u00e4ter Verletzungen und konnten ihren Dienst nicht fortsetzen.<\/p>\n<p style=\"text-align: justify;\"><strong>Kirchheim: Nach Gewahrsam in Fachklinik untergebracht<br \/>\n<\/strong>Ein offenbar psychisch auff\u00e4lliger 61-J\u00e4hriger hat am fr\u00fchen Donnerstagmorgen mehrfach das Polizeirevier Kirchheim besch\u00e4ftigt. Nachdem der Mann gegen 4.30 Uhr und 6.30 Uhr in seiner Wohnung herumgeschrien und auf seinem Balkon laute Musik geh\u00f6rt hatte, ermahnten ihn die verst\u00e4ndigten Polizeibeamten zun\u00e4chst zur Ruhe und Ordnung. Scheinbar unbeeindruckt davon, geriet der 61-J\u00e4hrige gegen 7.15 Uhr mit anderen Hausbewohnern in einen Streit, weshalb wiederum die Polizei anr\u00fcckte. Zudem ignorierte er f\u00fcr ihn bereits bestehende rechtliche Anordnungen. Da er sich w\u00e4hrend des Einsatzes den Polizeibeamten bedrohlich n\u00e4herte, wurde er in Gewahrsam genommen und ihm Handschlie\u00dfen angelegt. Der weiterhin \u00e4u\u00dferst aggressive und stark alkoholisierte Mann trat w\u00e4hrend den polizeilichen Ma\u00dfnahmen nach den eingesetzten Beamten. Er wurde anschlie\u00dfend in einer Fachklinik untergebracht.<\/p>\n<p style=\"text-align: justify;\"><strong>Neuffen: Unfallflucht und Angriff auf Polizeibeamte<br \/>\n<\/strong>Gleich mehrere Strafanzeigen erwartet ein 22-J\u00e4hriger, der am sp\u00e4ten Donnerstagabend zuerst nach einem Verkehrsunfall fl\u00fcchtete und im Anschluss mehrere Polizeibeamte angriff. Der Mann war gegen 21.30 Uhr mit seinem BMW in der Friedrich -Silcher-Stra\u00dfe frontal gegen einen geparkten Skoda geprallt und fl\u00fcchtete anschlie\u00dfend vom Unfallort. Zeugen verst\u00e4ndigten daraufhin die Polizei. Noch w\u00e4hrend der Unfallaufnahme kam der Fl\u00fcchtige zu Fu\u00df zur\u00fcck und schaute den polizeilichen Ma\u00dfnahmen zu, ohne sich jedoch als Unfallbeteiligter zu erkennen zu geben. Die Beamten stellten im Zuge ihrer Ermittlungen nicht nur fest, dass es sich beim dem 22-J\u00e4hrigen um den gesuchten BMW-Fahrer handelte, sondern auch, dass dieser mit knapp 1,3 Promille deutlich unter Alkoholbeeinflussung stand. Der Anordnung zur Blutentnahme widersetzte sich der Mann heftig und griff hierbei die Polizeibeamten mit massiver Gewalt an, wobei er sich leichte Verletzungen zuzog. Nachdem ihm Handschlie\u00dfen angelegt waren, musste er eine Blutprobe abgeben und auch sein F\u00fchrerschein wurde beschlagnahmt. Sein besch\u00e4digter BMW konnte in der N\u00e4he geparkt aufgefunden werden. In diesem konnten die Beamten auch noch das fehlende Kennzeichen des besch\u00e4digten Skoda auffinden, dass der 22-J\u00e4hrige nach der Kollision mitgenommen hatte.<\/p>\n<p style=\"text-align: justify;\"><strong>Plochingen: Geborstener Ofen l\u00f6st Rettungseinsatz aus<br \/>\n<\/strong>Die Einsatzkr\u00e4fte von Feuerwehr, Rettungsdienst und Polizei sind am Donnerstagvormittag zu einem Brandalarm in einem Firmengeb\u00e4ude am Ceramtec Platz gerufen worden. Dort war kurz vor 9.45 Uhr ein Produktions-Ofen geborsten, woraufhin ein Feuer ausbrach. Mitarbeiter des Unternehmens konnten noch vor dem Eintreffen der Feuerwehr die Flammen l\u00f6schen. Dem bisherigen Ermittlungsstand zufolge, ist von einem technischen Defekt des Ofens auszugehen. Die Feuerwehr bel\u00fcftete das stark verrauchte Geb\u00e4ude und \u00fcberpr\u00fcfte die Anlagen. Verletzt wurde gl\u00fccklicherweise niemand. Es entstand jedoch erheblicher Sachschaden, der derzeit noch nicht bezifferbar ist.<\/p>\n<p style=\"text-align: justify;\"><strong>Aichtal-Neuenhaus: Dachstuhlbrand<br \/>\n<\/strong>Zum Brand im Dachstuhl eines Mehrfamilienhauses sind die Einsatzkr\u00e4fte am fr\u00fchen Donnerstagmorgen in den Sand\u00e4ckerweg ausger\u00fcckt. Kurz vor ein Uhr waren die Leitstellen von Feuerwehr und Polizei von Zeugen alarmiert worden, die Flammen aus dem Dachstuhl des freistehenden Hauses gesehen hatten. Beim Eintreffen der Feuerwehr, die mit zahlreichen Feuerwehrleuten im Einsatz war, hatten alle Bewohner das Geb\u00e4ude bereits unverletzt verlassen. Der Dachstuhl stand bereits in Vollbrand. Die sofort eingeleiteten L\u00f6scharbeiten und die durch die enorme Hitze notwendigen Nachl\u00f6scharbeiten der Feuerwehr zogen sich bis etwa 5.30 Uhr hin. Das Geb\u00e4ude ist derzeit nicht mehr bewohnbar, die Hausbewohner konnten bis auf Weiteres bei Familienangeh\u00f6rigen unterkommen. Vorl\u00e4ufigen Sch\u00e4tzungen zufolge k\u00f6nnte sich der entstandene Sachschaden auf etwa 500.000 Euro belaufen. Das Polizeirevier N\u00fcrtingen hat die Ermittlungen zur Brandursache aufgenommen, die ersten Erkenntnissen zufolge auf einen technischen Defekt im Bereich eines Kaminofens hindeuten k\u00f6nnten.<\/p>\n<p style=\"text-align: justify;\"><strong>N\u00fcrtingen: Bei Sturz mit Roller verletzt<br \/>\n<\/strong>Ein Rollerfahrer hat sich am Mittwochabend leichte Verletzungen bei einem unfallbedingten Sturz zugezogen. Gegen 20 Uhr befuhr ein 57-j\u00e4hriger VW-Lenker die Holzstra\u00dfe in Richtung Plochinger Stra\u00dfe. An der Einm\u00fcndung in die R\u00fcmelinstra\u00dfe war die Sicht des Mannes aufgrund eines abgestellten Containers eingeschr\u00e4nkt, weshalb er mit seinem Wagen bis zur Fahrbahnmitte in den Einm\u00fcndungsbereich einfuhr. Um einen Zusammensto\u00df zu vermeiden, musste deshalb ein auf der Plochinger Stra\u00dfe fahrender, vorfahrtsberechtigter 42-J\u00e4hriger mit seiner Aprilia eine Gefahrenbremsung durchf\u00fchren. Hierbei st\u00fcrzte dieser jedoch auf der regennassen Fahrbahn und verletzte sich. Er musste durch den Rettungsdienst in eine Klinik gebracht werden. An seinem Roller entstand ein Sachschaden von mehreren hundert Euro. Das Polizeirevier N\u00fcrtingen ermittelt.<\/p>\n<p style=\"text-align: justify;\"><strong>Ostfildern: Polizeibeamte angegriffen<br \/>\n<\/strong>Wegen des Verdachts des t\u00e4tlichen Angriffs ermittelt das Polizeirevier Filderstadt seit Mittwochabend gegen eine 69-J\u00e4hrige. Die Frau befand sich kurz vor 21 Uhr im Narzissenweg in Ruit, obwohl ihr der Aufenthalt dort beh\u00f6rdlich untersagt war. Nachdem der Frau durch verst\u00e4ndigte Polizeibeamte ein Platzverweis ausgesprochen worden war, beleidigte und bedrohte sie diese zun\u00e4chst und versuchte, sich in ihrem Fahrzeug einzuschlie\u00dfen. Hierauf musste sie in Gewahrsam genommen und ihr Handschlie\u00dfen angelegt werden. W\u00e4hrend der anschlie\u00dfenden weiteren polizeilichen Ma\u00dfnahmen versuchte die offensichtlich psychisch auff\u00e4llige 69-J\u00e4hrige mehrfach, die eingesetzten Beamten zu schlagen und trat mit den F\u00fc\u00dfen nach ihnen. Sie wurde im Anschluss in einer Fachklinik untergebracht.<\/p>\n<p style=\"text-align: justify;\"><strong>Kirchheim\/Teck: Bei Streitigkeiten schwer verletzt (Zeugenaufruf)<br \/>\n<\/strong>Nach Streitigkeiten am fr\u00fchen Mittwoch, deren Hintergr\u00fcnde und Verlauf noch v\u00f6llig unklar sind, sucht die Kriminalpolizeidirektion Esslingen nach Zeugen und Hinweisen. Kurz nach Mitternacht war die Polizei von Verkehrsteilnehmern alarmiert worden, weil es in der Sch\u00f6llkopfstra\u00dfe, unter der Br\u00fccke der N\u00fcrtinger Stra\u00dfe, auf H\u00f6he des G\u00fcterbahnhofes offenbar zu Streitigkeiten zwischen mehreren Personen gekommen war, die auch in Handgreiflichkeiten m\u00fcndeten. Die Unbekannten sollen dann in einem schwarzen Pkw in Richtung Autobahn gefl\u00fcchtet sein. Vor Ort stellten die Polizeibeamten einen 34-J\u00e4hrigen samt seinem Wagen fest, der offenbar zuvor mit dem Mietwagen zu der \u00d6rtlichkeit gefahren war. Der unter dem Einfluss berauschender Mittel stehende Mann wies erhebliche Verletzung auf, die von der Auseinandersetzung stammen d\u00fcrften, bei der wohl auch ein scharfer Gegenstand eingesetzt worden sein d\u00fcrfte. Der Schwerverletzte, der keinerlei Angaben zum Geschehen machte, wurde vom Rettungsdienst in eine Klinik gebracht. Sofort nach der Alarmierung eingeleitete Fahndungsma\u00dfnahmen verliefen bislang ergebnislos. Zwischenzeitlich hat die Kriminalpolizei die Ermittlungen wegen des Verdachts eines versuchten T\u00f6tungsdeliktes aufgenommen und bittet unter der Telefonnummer 0711\/3990-0 um Hinweise. Diese nimmt auch das Polizeirevier Kirchheim, Telefon 07021\/501-0 entgegen.<\/p>\n<p style=\"text-align: justify;\"><strong>Filderstadt-Bernhausen: Gewerbsm\u00e4\u00dfiger Diebstahl aus Paketsendungen aufgedeckt<\/strong><br \/>\nDie Staatsanwaltschaft Stuttgart und die Kriminalpolizeidirektion Esslingen ermitteln derzeit gegen einen 51-J\u00e4hrigen wegen des Verdachts des gewerbsm\u00e4\u00dfigen Diebstahls. Dem Mann wird zur Last gelegt, \u00fcber einen l\u00e4ngeren Zeitraum hinweg etliche Warensendungen in einem hohen vierstelligen Wert gestohlen zu haben. Der Beschuldigte befindet sich mittlerweile in Untersuchungshaft.<br \/>\nBereits am Sonntagabend (21.09.2025) war der Angestellte eines Post- und Paketdienstleisters aufgefallen, weil er eine Paketsendung unberechtigt ge\u00f6ffnet und den Inhalt in Augenschein genommen hatte. Zwar konnte dem Verd\u00e4chtigen zum Entdeckungszeitpunkt kein strafbares Verhalten vorgeworfen werden, dennoch folgten betriebsinterne Ermittlungen, bei denen wiederholte Reklamationen wegen fehlender Ware zutage traten und sich der Tatverdacht gegen den Mann erh\u00e4rtete.<br \/>\nNachdem von der Staatsanwaltschaft Stuttgart ein richterlicher Durchsuchungsbeschluss erwirkt werden konnte, durchsuchten die Fahnder am Dienstag (23.09.2024) die Wohnung des Mannes. Dabei fanden und beschlagnahmten die Beamten eine Vielzahl von Wertgegenst\u00e4nden, darunter Smartphones und andere Elektronikartikel. Der Gesamtwert d\u00fcrfte sich einer vorl\u00e4ufigen Sch\u00e4tzung zufolge auf mehrere zehntausend Euro belaufen.<br \/>\nDer beschuldigte deutsche Staatsangeh\u00f6rige wurde an Mittwochmittag (24.09.2025) dem Haftrichter beim Amtsgericht Stuttgart vorgef\u00fchrt. Dieser erlie\u00df den von der Staatsanwaltschaft Stuttgart beantragten Haftbefehl und setzte ihn in Vollzug. Der Beschuldigte wurde in eine Justizvollzugsanstalt eingeliefert.<br \/>\nDie kriminalpolizeilichen Ermittlungen zu der Herkunft der beschlagnahmten Gegenst\u00e4nde sowie zu m\u00f6glichen Komplizen dauern an.<\/p>\n<p style=\"text-align: justify;\"><strong>N\u00fcrtingen: Radfahrer nach Unfall gefl\u00fcchtet (Zeugenaufruf)<br \/>\n<\/strong>In Zusammenhang mit einem Verkehrsunfall fahndet das Polizeirevier N\u00fcrtingen seit Dienstagmittag nach einem fl\u00fcchtigen Fahrradfahrer. Nach bisherigen Erkenntnissen fuhr gegen 12.20 Uhr ein 19-J\u00e4hriger mit einem E-Scooter verbotswidrig auf dem Gehweg des Bussteig 8 am Zentralen Omnibusbahnhof in der Europastra\u00dfe. Als Sozia befand sich mit ihm verbotenerweise ein 14 Jahre altes M\u00e4dchen auf dem Roller. Zeitgleich fuhr parallel dazu, ebenfalls nicht regelkonform auf dem Gehweg, ein bislang unbekannter Radfahrer in die gleiche Richtung. Nachdem der Radler eine vor ihm auf dem Gehweg laufende 50 Jahre alte Fu\u00dfg\u00e4ngerin durch Klingeln auf sich aufmerksam gemacht hatte, ging diese zur Seite und wurde in der Folge von dem dahinterfahrenden E-Scooterfahrer erfasst. Durch den anschlie\u00dfenden Sturz erlitt die Frau Verletzungen noch unbekannten Ausma\u00dfe und musste vom Rettungsdienst in eine Klinik gebracht werden. Der Radler fl\u00fcchtete, ohne sich um die Unfallfolgen zu k\u00fcmmern, im Anschluss vom Unfallort. Zeugenhinweise zu ihm und zum Unfallgeschehen nimmt das Polizeirevier N\u00fcrtingen unter der Telefonnummer 07022 \/ 9224-0 entgegen.<\/p>\n<p style=\"text-align: justify;\"><strong>Ostfildern: Nach \u00dcberholvorgang mit Motorrad gest\u00fcrzt<br \/>\n<\/strong>Ein Biker hat infolge eines Verkehrsunfalls am Dienstagabend auf der L 1192 schwere Verletzungen erlitten. Der 51-J\u00e4hrige befuhr kurz vor 19.30 Uhr die Kreuzbrunnenstra\u00dfe vom Scharnhauser Park kommend in Richtung Nellingen. Nachdem er mit seiner Yamaha auf einem geraden Stra\u00dfenabschnitt zwei Pkw \u00fcberholt hatte, st\u00fcrzte er alleinbeteiligt auf der regennassen Fahrbahn beim Befahren einer Rechtskurve und verletzte sich. Nach der Erstversorgung vor Ort, wurde er durch den Rettungsdienst in eine Klinik gebracht. Die Verkehrspolizei Esslingen hat die Ermittlungen aufgenommen und pr\u00fcft, ob als Unfallursache eine an die vorherrschenden Witterungsbedingungen nicht angepasste Geschwindigkeit in Betracht kommt. Das schwerbesch\u00e4digte Motorrad wurde durch ein Abschleppunternehmen abtransportiert. Den Schaden wird auf rund 3.000 Euro gesch\u00e4tzt.<\/p>\n<p style=\"text-align: justify;\"><strong>Kirchheim\/Teck: Mit Rettungshubschrauber in Klinik geflogen<br \/>\n<\/strong>Nach derzeitigem Kenntnisstand schwere Verletzungen hat ein Radfahrer bei einem Verkehrsunfall am Dienstagnachmittag erlitten. Kurz vor 14.30 Uhr war der 89 Jahre alte Mann mit seinem Pedelec auf dem asphaltierten Feldweg parallel zur K 1265 von Jesingen herkommend in Richtung Ohmden unterwegs. Einige hundert Meter nach dem Ortsausgang wollte der Senior die Kreisstra\u00dfe vermutlich queren, um dem dort verlaufenden Feldweg weiter zu folgen. Dabei wurde er vom Ford Fiesta eines 31 Jahre alten Mannes erfasst, der in diesem Moment nach einer Linkskurve zum \u00dcberholen eines vorausfahrenden Autos angesetzt hatte und ebenfalls in Richtung Ohmden fuhr. Der Radler wurde vom Ford erfasst, auf die Motorhaube aufgeladen und anschlie\u00dfend in den linken Stra\u00dfengraben abgeworfen, wo er zum Liegen kam. Nach einer medizinischen Erstversorgung vor Ort musste der Senior mit einem Rettungshubschrauber in eine Klinik geflogen werden. Der Sachschaden an den Fahrzeugen betr\u00e4gt insgesamt circa 4.000 Euro.<\/p>\n<p style=\"text-align: justify;\"><strong>Denkendorf: Holzfassade in Brand geraten<br \/>\n<\/strong>Zu einer Lagerhalle in der K\u00f6rschtalstra\u00dfe sind die Einsatzkr\u00e4fte am Dienstagnachmittag, kurz vor 16.30 Uhr, ausger\u00fcckt. Dort war zuvor die Holzfassade in Brand geraten. Die Flammen konnten durch die Feuerwehr rasch gel\u00f6scht werden, sodass der Sachschaden einer vorl\u00e4ufigen Sch\u00e4tzung zufolge auf einige hundert Euro begrenzt werden konnte. Personen hielten sich beim Brandausbruch nicht im Geb\u00e4ude auf. Verletzt wurde niemand. Das Polizeirevier Filderstadt pr\u00fcft, ob das Feuer durch am Vormittag durchgef\u00fchrte Schwei\u00dfarbeiten ausgel\u00f6st worden sein k\u00f6nnte.<\/p>\n<p style=\"text-align: justify;\"><strong>Neuhausen\/Filder: Bei Rot \u00fcber die Kreuzung? (Zeugenaufruf)<br \/>\n<\/strong>Zeugen zu einem Verkehrsunfall, der sich am Dienstagabend an der Kreuzung L1204 \/ L1209 ereignet hat, sucht die Verkehrspolizei Esslingen. Derzeitigen Ermittlungen zufolge war ein 50-J\u00e4hriger kurz vor 20 Uhr mit seinem Ford S-Max auf der L1204 von Plieningen kommend in Richtung BAB Anschlussstelle Nellingen unterwegs. Als er die ampelgeregelte Kreuzung geradeaus \u00fcberquerte, kam es zur Kollision mit einer Mercedes A-Klasse einer 20-J\u00e4hrigen, die auf der L1209 von Neuhausen herkam und die Kreuzung in Richtung Scharnhausen queren wollte. Durch die Wucht des Aufpralls wurde der Ford gedreht, kam von der Fahrbahn ab und blieb in der angrenzenden B\u00f6schung stehen. Verletzt wurde niemand. Beide Autos mussten nachfolgend von Abschleppdiensten aufgeladen und abtransportiert werden. Der entstandene Sachschaden wird auf insgesamt etwa 16.000 Euro gesch\u00e4tzt. Da beide Fahrer jeweils angaben, bei Gr\u00fcn gefahren zu sein, sucht die Verkehrspolizei nach Zeugen. Insbesondere bitten die Ermittler Autofahrer, die zur Unfallzeit an der Kreuzung gestanden haben und Angaben zur Ampelschaltung machen k\u00f6nnen, sich unter der Telefonnummer 0711\/3990-420 zu melden.<\/p>\n<p style=\"text-align: justify;\"><strong>Esslingen-Berkheim: Fu\u00dfg\u00e4ngerin angefahren<br \/>\n<\/strong>Mit dem Rettungswagen musste eine 30 Jahre alte Fu\u00dfg\u00e4ngerin am Dienstagabend nach einem Verkehrsunfall auf der Ruiter Stra\u00dfe (K1216) ins Krankenhaus gebracht werden. Ein 16-J\u00e4hriger war mit seinem Mountainbike gegen 21.35 Uhr auf dem gemeinsamen Fu\u00df- und Radweg neben der Ruiter Stra\u00dfe von der Zollbergstra\u00dfe kommend in Richtung Berkheim unterwegs. Weil an seinem Fahrrad keinerlei Beleuchtung angebracht war, \u00fcbersah er offenbar auf einem unbeleuchteten Teilst\u00fcck zwei in gleiche Richtung laufende Fu\u00dfg\u00e4nger. In der Folge prallte er von hinten gegen die 30 Jahre alte Frau. Durch die Wucht des Aufpralls st\u00fcrzten beide zu Boden. W\u00e4hrend der Unfallverursacher leicht verletzt wurde, wurde die Fu\u00dfg\u00e4ngerin so schwer verletzt, dass sie vom Rettungsdienst zur Behandlung ins Krankenhaus gebracht und dort station\u00e4r aufgenommen werden musste.<\/p>\n<p style=\"text-align: justify;\"><strong>Owen: Trockner in Brand geraten<br \/>\n<\/strong>Starke Rauchentwicklung aus einem Wohnhaus in der Schie\u00dfh\u00fcttenstra\u00dfe hat am Dienstagabend zum Einsatz der Rettungskr\u00e4fte gef\u00fchrt. Kurz nach 19 Uhr waren die Einsatzleitstellen von Feuerwehr und Polizei alarmiert worden. Die Feuerwehr, die mit sechs Fahrzeugen und 36 Feuerwehrleuten im Einsatz war, konnte zum Gl\u00fcck schnell Entwarnung geben. Wie sich herausstellte, war es im Keller des Hauses, wohl aufgrund eines technischen Defektes an einem W\u00e4schetrockner zum Brand gekommen. Die Feuerwehr konnte den Brand rasch l\u00f6schen und den immer noch stark rauchenden Trockner ins Freie bringen. Geb\u00e4udeschaden war nicht entstanden. Allerdings war das Geb\u00e4ude aufgrund des starken Rauchgeruchs zumindest f\u00fcr eine Nacht nicht bewohnbar. Verletzt wurde niemand, sodass der Rettungsdienst, der mit vier Fahrzeugen und elf Einsatzkr\u00e4ften vor Ort war, nicht eingesetzt werden musste. Zur H\u00f6he des entstandenen Sachschadens liegen noch keine Informationen vor.<\/p>\n<p style=\"text-align: justify;\"><strong>Kirchheim\/Teck: Bauchtasche geraubt (Zeugenaufruf)<br \/>\n<\/strong>Nach zwei etwa 30 bis 35 Jahre alte M\u00e4nner fahndet das Polizeirevier Kirchheim nach einem Raub\u00fcberfall, der sich am Mittwochmorgen an der Kreuzung Pirolweg \/Am Wiesenrain ereignet haben soll. Ein 43-J\u00e4hriger war dort gegen 5.10 Uhr zu Fu\u00df unterwegs, als ihm an der Kreuzung zwei M\u00e4nner entgegenkamen, ihn ansprachen und nach Geld fragten. Als er dies verneinte, soll ihn einer der M\u00e4nner festgehalten haben, w\u00e4hrend der andere ihn mit einem Messer bedrohte und ihm seine um den Hals getragene Bauchtasche entriss. In der Folge fl\u00fcchteten die Angreifer samt ihrer Beute in Richtung der Stra\u00dfe Am Wiesenrain. Sofort nach der Alarmierung eingeleitete Fahndungsma\u00dfnahmen verliefen bislang ergebnislos. Die Kriminalpolizei hat die Ermittlungen aufgenommen und sucht nach Zeugen. Der erste der beiden Angreifer soll etwa 180 bis 185 cm gro\u00df und schlank gewesen sein. Er hatte eine Narbe an der linken Schl\u00e4fe, eine als krumm beschriebene Nase und kurze, schwarze Haare. Bekleidet war er mit einer d\u00fcnnen, schwarzen Regenjacke und schwarzen Sportschuhen. Sein Komplize wird als etwa 180 cm gro\u00df und von kr\u00e4ftiger \/ korpulenter Figur und mit einer Glatze beschrieben. Er war mit einer dunkelgrauen Jogginghose, schwarzen Schuhen, einem schwarz-rot gestreiften Pullover und einer dunklen Jacke dar\u00fcber bekleidet. Beide sollen nur gebrochen Deutsch gesprochen haben. Hinweise bitte an die Kriminalpolizeidirektion Esslingen, Telefon 0711\/3990-0 oder das Polizeirevier Kirchheim, Telefon 07021\/501-0.<\/p>\n<p style=\"text-align: justify;\"><strong>N\u00fcrtingen\/Gro\u00dfbettlingen: Durch Schl\u00e4ge lebensgef\u00e4hrlich verletzt &#8211; Tatverd\u00e4chtige nach versuchtem T\u00f6tungsdelikt in Haft<\/strong><br \/>\nUnter dem dringenden Verdacht, am Samstagabend (20.09.2025) einen 28-J\u00e4hrigen durch Schl\u00e4ge lebensgef\u00e4hrlich verletzt zu haben, ist ein 18 Jahre alter Heranwachsender am Sonntag (21.09.2025) von der Polizei vorl\u00e4ufig festgenommen worden. Der Verd\u00e4chtige befindet sich wie eine gleichaltrige mutma\u00dfliche Komplizin wegen des Vorwurfs des versuchten Mordes bereits in Untersuchungshaft.<br \/>\nDen derzeit vorliegenden kriminalpolizeilichen Ermittlungsergebnissen zufolge soll das sp\u00e4tere Opfer am Samstagabend von der 18-j\u00e4hrigen Frau unter einem Vorwand in ein Waldst\u00fcck zwischen N\u00fcrtingen und Gro\u00dfbettlingen gelockt worden sein. Dort soll ihn der 18-J\u00e4hrige zusammen mit noch unbekannten Komplizen unvermittelt angegriffen und durch Schl\u00e4ge lebensgef\u00e4hrlich verletzt haben. Der schwerstverletzte 28-J\u00e4hrige konnte sich anschlie\u00dfend aus dem Waldst\u00fcck retten und traf gegen 23.50 Uhr in der Metzinger Stra\u00dfe in Gro\u00dfbettlingen auf Zeugen, von denen die Polizei verst\u00e4ndigt wurde. Der 28-J\u00e4hrige musste nach einer medizinischen Erstversorgung vor Ort vom Rettungsdienst in eine Klinik eingeliefert werden. Er befindet sich zwischenzeitlich nicht mehr in Lebensgefahr. Eine sofort nach dem Notruf eingeleitete polizeiliche Fahndung nach den T\u00e4tern war zun\u00e4chst erfolglos verlaufen.<br \/>\nWenige Stunden nach der Tat stellte sich dann der 18-J\u00e4hrige bei der Polizei und teilte seine Beteiligung an der Tat mit. Er wurde daraufhin vorl\u00e4ufig festgenommen und am Montag (22.09.2025) dem Haftrichter vorgef\u00fchrt. Dieser erlie\u00df den von der Staatsanwaltschaft beantragten Haftbefehl und setzte ihn in Vollzug. Der 18-j\u00e4hrige t\u00fcrkische Staatsangeh\u00f6rige wurde daraufhin in eine Justizvollzugsanstalt eingeliefert.<br \/>\nNoch am selben Tag erfolgte auf Grundlage eines richterlichen Haftbefehls auch die Festnahme der gleichaltrigen mutma\u00dflichen Komplizin, die rasch ins Visier der Ermittler geraten war. Auch gegen die heranwachsende Deutsche ordnete ein Haftrichter am Dienstag (23.09.2025) die Untersuchungshaft an.<br \/>\nDie kriminalpolizeilichen Ermittlungen, insbesondere zum Motiv der Tat, dauern an.<\/p>\n<p style=\"text-align: justify;\"><strong>Filderstadt-Plattenhardt: Chlorgasalarm in Hallenbad<br \/>\n<\/strong>Ein Chlorgasalarm hat am sp\u00e4ten Montagabend zum Einsatz von Feuerwehr, Rettungsdienst und Polizei im Hallenbad der H\u00f6hensporthalle im Weilerhau gef\u00fchrt. Dort wurde gegen 23 Uhr von einer Zeugin der Geruch von Chlorgas bemerkt, woraufhin sie die Rettungskr\u00e4fte alarmierte. Durch die Feuerwehr, die mit 50 Einsatzkr\u00e4ften vor Ort gekommen war, wurde die Anlage \u00fcberpr\u00fcft und mehrfach Messungen vorgenommen. Letztlich konnte als Ursache ein technischer Defekt an einem undichten Schlauch festgestellt werden. Der Schaden wurde behoben, verletzt wurde niemand.<\/p>\n<p style=\"text-align: justify;\"><strong>K\u00f6ngen: Verkehrsunfall mit mehreren Beteiligten<br \/>\n<\/strong>Ein Verkehrsunfall mit mehreren beteiligten Fahrzeugen hat sich am Montagmittag auf der B 313 in Fahrtrichtung N\u00fcrtingen ereignet. Dort war gegen 13.30 Uhr ein 51 Jahre alter Mann mit einem Ford auf der rechten Spur unterwegs, als er auf H\u00f6he der Anschlussstelle Wendlingen einen langsam vorausfahrenden Mercedes eines 38-J\u00e4hrigen offenbar zu sp\u00e4t erkannte. Der 51-J\u00e4hrige wich daher nach links aus, wobei sein Ford dennoch mit dem Heck des Mercedes kollidierte. Im weiteren Verlauf schleuderte der Ford noch gegen die Seite eines weiteren Mercedes, dessen 27 Jahre alter Lenker auf der linken Spur unterwegs war. Verletzt wurde nach derzeitigem Kenntnisstand niemand. Allerdings mussten alle drei Fahrzeuge, an denen der Gesamtschaden auf circa 22.000 Euro gesch\u00e4tzt wird, abgeschleppt werden. F\u00fcr die Dauer der Unfallaufnahme mussten zeitweise beide Spuren der B 313 gesperrt werden. Der Verkehr wurde \u00fcber die Ausfahrt Wendlingen an der Unfallstelle vorbeigeleitet.<\/p>\n<p style=\"text-align: justify;\"><strong>Altbach: Bei Arbeitsunfall verletzt<br \/>\n<\/strong>Ersten Erkenntnissen zufolge leichte Verletzungen haben drei M\u00e4nner im Alter von 23, 35 und 65 Jahren bei einem Arbeitsunfall am Montagnachmittag erlitten. Die Arbeiter waren kurz nach 17 Uhr in einem Unternehmen in der Industriestra\u00dfe auf eine Hebeb\u00fchne t\u00e4tig, als diese m\u00f6glicherweise aufgrund des Risses eines Stahlseils auf einer Seite abkippte. Aufgrund ihrer beim Sturz erlittenen Verletzungen wurden die M\u00e4nner vom Rettungsdienst zur weiteren Untersuchung und Behandlung ins Krankenhaus gebracht.<\/p>\n<p style=\"text-align: justify;\"><strong>Esslingen: Stichflamme beim Kochen<br \/>\n<\/strong>Zu einem Wohnhaus in der Steinhalde in Oberesslingen sind die Rettungs- und Einsatzkr\u00e4fte am Sonntagvormittag, gegen 10.40 Uhr, ausger\u00fcckt. Nach derzeitigem Kenntnisstand war dort beim Kochen durch eine Bewohnerin eine Stichflamme entstanden, die auch auf die Dunstabzugshaube \u00fcbergegriffen hatte. Der K\u00fcchenbrand konnte durch die Feuerwehr rasch gel\u00f6scht werden, dennoch d\u00fcrfte sich der Sachschaden auf circa 50.000 Euro belaufen. Ein jugendlicher Bewohner, der durch den Brand verletzt worden war, wurde vom Rettungsdienst ins Krankenhaus gebracht.<\/p>\n<p style=\"text-align: justify;\"><strong>Plochingen: Mit Hundeleine zugeschlagen (Zeugenaufruf)<br \/>\n<\/strong>Das Polizeirevier Esslingen ermittelt seit Sonntagvormittag wegen des Verdachts der gef\u00e4hrlichen K\u00f6perverletzungen gegen einen noch unbekannten Hundehalter. Nach bisherigen Erkenntnissen soll gegen 11.15 Uhr einem 54 Jahre alter Jogger beim Laufen auf dem Filsweg ein nicht angeleinter Sch\u00e4ferhund entgegengerannt sein. Aus Angst vor dem offensichtlich bedrohlich scheinenden Hund soll der Jogger diesen mit einem Tierabwehrspray angespr\u00fcht haben, woraufhin der bislang unbekannte Hundehalter den Jogger mit einer Hundeleine anging, auf diesen einschlug und ihn damit verletzte. Durch die Flucht von der \u00d6rtlichkeit soll der 54-J\u00e4hrige dann weitere Schl\u00e4ge verhindert haben. Danach soll der Hundehalter in Begleitung seines einen Maulkorb tragenden Sch\u00e4ferhund den Mann noch ein St\u00fcck weit verfolgt haben. Der Besitzer des Hundes wird als etwa 40 Jahre alt, 170-175 cm gro\u00df, mit kr\u00e4ftiger Statur, dunklen schulterlangen Haaren und einem Dreitagebart beschrieben. Bekleidet war er mit einer dunklen Kappe und einem roten T-Shirt. Hinweise auf ihn oder den Sch\u00e4ferhund nimmt das Polizeirevier Esslingen unter der Telefonnummer 0711\/3990-330 entgegen.<\/p>\n<p style=\"text-align: justify;\"><strong>Wendlingen: Bauwagen angez\u00fcndet<br \/>\n<\/strong>Gegen zwei Jugendliche ermittelt das Polizeirevier N\u00fcrtingen seit Sonntagnachmittag wegen des Verdachts der Brandstiftung. Kurz vor 15 Uhr wurde durch Zeugen ein brennender Bauwagen auf einem Areal im Schwanenweg gemeldet. Durch die Feuerwehr konnte der Brand gel\u00f6scht werden. Der entstandene Sachschaden wird auf mehrere hundert Euro beziffert. Im Zuge der Fahndung konnten zwei 15-J\u00e4hrige Jugendliche angetroffen werden, die im Verdacht stehen f\u00fcr die Brandlegung verantwortlich zu sein. Zur Durchf\u00fchrung der polizeilichen Ma\u00dfnahmen wurden die beiden auf die Dienststelle des Polizeireviers N\u00fcrtingen verbracht und im Anschluss auf freien Fu\u00df entlassen.<\/p>\n<hr \/>\n<p style=\"text-align: justify;\">\n","protected":false},"excerpt":{"rendered":"<p>Quelle: ots Ostfildern: Von unbekannter Gruppe geschlagen und getreten Am fr\u00fchen Sonntagmorgen schlugen und traten mehrere Jugendliche oder Heranwachsende auf einen 20-J\u00e4hrigen im Stadtteil Nellingen ein und verletzten diesen. Die Polizei sucht weitere Zeugen. Der 20-J\u00e4hrige wurde gegen 01:15 Uhr unvermittelt von einer Gruppe junger M\u00e4nner im Bereich der Esslinger Stra\u00dfe\/Hindenburgstra\u00dfe angegriffen. Im weiteren Verlauf [&hellip;]<\/p>\n","protected":false},"author":4,"featured_media":152245,"comment_status":"closed","ping_status":"open","sticky":false,"template":"","format":"standard","meta":{"inline_featured_image":false,"_exactmetrics_skip_tracking":false,"_exactmetrics_sitenote_active":false,"_exactmetrics_sitenote_note":"","_exactmetrics_sitenote_category":0,"footnotes":""},"categories":[11240],"tags":[14857,14440,68,205,1625],"class_list":{"0":"post-158153","1":"post","2":"type-post","3":"status-publish","4":"format-standard","5":"has-post-thumbnail","7":"category-region-esslingen","8":"tag-die-webzeitung","9":"tag-esslingen","10":"tag-online-zeitung","11":"tag-polizei","12":"tag-report"},"image_feature":"https:\/\/die-webzeitung.de\/stuttgart\/wp-content\/uploads\/sites\/4\/2024\/02\/Polizei-Pix-scaled.jpg","author_name":"Redaktion","pure_taxonomies":{"categories":[{"term_id":11240,"name":"Polizei-Report Esslingen","slug":"region-esslingen","term_group":0,"term_taxonomy_id":11278,"taxonomy":"category","description":"Polizeiberichte aus der Region des Landkreises Esslingen","parent":1619,"count":69,"filter":"raw","image":""}],"tags":[{"term_id":14857,"name":"Die-Webzeitung","slug":"die-webzeitung","term_group":0,"term_taxonomy_id":14876,"taxonomy":"post_tag","description":"","parent":0,"count":3623,"filter":"raw","image":""},{"term_id":14440,"name":"Esslingen","slug":"esslingen","term_group":0,"term_taxonomy_id":3885,"taxonomy":"post_tag","description":"","parent":0,"count":202,"filter":"raw","image":""},{"term_id":68,"name":"Online-Zeitung","slug":"online-zeitung","term_group":0,"term_taxonomy_id":69,"taxonomy":"post_tag","description":"","parent":0,"count":3593,"filter":"raw","image":""},{"term_id":205,"name":"Polizei","slug":"polizei","term_group":0,"term_taxonomy_id":208,"taxonomy":"post_tag","description":"","parent":0,"count":277,"filter":"raw","image":""},{"term_id":1625,"name":"Report","slug":"report","term_group":0,"term_taxonomy_id":1634,"taxonomy":"post_tag","description":"","parent":0,"count":210,"filter":"raw","image":""}]},"_links":{"self":[{"href":"https:\/\/die-webzeitung.de\/stuttgart\/wp-json\/wp\/v2\/posts\/158153","targetHints":{"allow":["GET"]}}],"collection":[{"href":"https:\/\/die-webzeitung.de\/stuttgart\/wp-json\/wp\/v2\/posts"}],"about":[{"href":"https:\/\/die-webzeitung.de\/stuttgart\/wp-json\/wp\/v2\/types\/post"}],"author":[{"embeddable":true,"href":"https:\/\/die-webzeitung.de\/stuttgart\/wp-json\/wp\/v2\/users\/4"}],"replies":[{"embeddable":true,"href":"https:\/\/die-webzeitung.de\/stuttgart\/wp-json\/wp\/v2\/comments?post=158153"}],"version-history":[{"count":11,"href":"https:\/\/die-webzeitung.de\/stuttgart\/wp-json\/wp\/v2\/posts\/158153\/revisions"}],"predecessor-version":[{"id":158209,"href":"https:\/\/die-webzeitung.de\/stuttgart\/wp-json\/wp\/v2\/posts\/158153\/revisions\/158209"}],"wp:featuredmedia":[{"embeddable":true,"href":"https:\/\/die-webzeitung.de\/stuttgart\/wp-json\/wp\/v2\/media\/152245"}],"wp:attachment":[{"href":"https:\/\/die-webzeitung.de\/stuttgart\/wp-json\/wp\/v2\/media?parent=158153"}],"wp:term":[{"taxonomy":"category","embeddable":true,"href":"https:\/\/die-webzeitung.de\/stuttgart\/wp-json\/wp\/v2\/categories?post=158153"},{"taxonomy":"post_tag","embeddable":true,"href":"https:\/\/die-webzeitung.de\/stuttgart\/wp-json\/wp\/v2\/tags?post=158153"}],"curies":[{"name":"wp","href":"https:\/\/api.w.org\/{rel}","templated":true}]}}