{"id":158127,"date":"2025-09-17T11:02:43","date_gmt":"2025-09-17T10:02:43","guid":{"rendered":"https:\/\/die-webzeitung.de\/stuttgart\/?p=158127"},"modified":"2025-09-17T11:02:43","modified_gmt":"2025-09-17T10:02:43","slug":"nacht-der-bewerber-beim-polizeipraesidium-reutlingen","status":"publish","type":"post","link":"https:\/\/die-webzeitung.de\/stuttgart\/2025\/09\/17\/nacht-der-bewerber-beim-polizeipraesidium-reutlingen\/","title":{"rendered":"Nacht der Bewerber beim Polizeipr\u00e4sidium Reutlingen"},"content":{"rendered":"<p style=\"text-align: justify;\">N\u00fcrtingen.|\u00a0Auch in diesem Jahr findet wieder die landesweite Nacht der Bewerber der Landespolizei Baden-W\u00fcrttemberg statt. Die Veranstaltung richtet sich an junge Menschen ab der 9. Klasse, aber auch an Berufswechsler und Quereinsteiger.<\/p>\n<p style=\"text-align: justify;\">Das Polizeipr\u00e4sidium Reutlingen bietet dieses Mal zwei Veranstaltungs\u00f6rtlichkeiten an, einmal im Landkreis Esslingen, beim Polizeirevier N\u00fcrtingen, und im Zollernalbkreis, beim Polizeirevier Albstadt.<\/p>\n<p style=\"text-align: justify;\">Beide Veranstaltungen finden am 02.10.2025, in der Zeit von 17.00 Uhr bis 21.00 Uhr, statt.<\/p>\n<p style=\"text-align: justify;\">An beiden Veranstaltungs\u00f6rtlichkeiten bekommen berufsinteressierte junge Menschen Informationen zur Ausbildung und zum Studium bei der Landespolizei Baden-W\u00fcrttemberg.<\/p>\n<p style=\"text-align: justify;\">Zudem sind an diesem Abend Kolleginnen und Kollegen verschiedener Organisationseinheiten der Polizei vor Ort und stellen ihre unterschiedlichen Arbeitsbereiche vor. Unter anderem haben sich Beamtinnen und Beamte der Polizeihundef\u00fchrerstaffel, der Kriminalpolizei, der Kriminaltechnik, der Verkehrspolizei und des Streifendienstes angek\u00fcndigt.<\/p>\n<p style=\"text-align: justify;\">Die Landespolizei Baden-W\u00fcrttemberg hat im Jahr 2025 an die 1200 Stellen neu besetzen k\u00f6nnen, davon Ausbildungspl\u00e4tze f\u00fcr den mittleren Polizeivollzugsdienst und Studienpl\u00e4tze f\u00fcr den gehobenen Polizeivollzugsdienst. Auch im Jahr 2026 ist wieder mit einer \u00e4hnlich hohen Einstellungszahl zu rechnen.<\/p>\n<p style=\"text-align: justify;\">F\u00fcr die Ausbildung zum mittleren Polizeivollzugsdienst ist mindestens ein mittlerer Bildungsabschluss Bewerbungsvoraussetzung. F\u00fcr das Studium zum gehobenen Polizeivollzugsdienst wird das Abitur, die Fachhochschulreife oder ein gleichwertiger Abschluss vorausgesetzt.<\/p>\n<p style=\"text-align: justify;\">Um herauszufinden, ob der Polizeiberuf zu einem passt und um erste Kontakte zur Polizei herzustellen, bietet sich die Nacht der Bewerber sehr gut an.<\/p>\n<p style=\"text-align: justify;\">Um an diesem Abend dabei sein zu k\u00f6nnen, ist eine Anmeldung zwingend erforderlich, da es nur eine begrenzte Anzahl an Teilnehmerpl\u00e4tzen gibt.<\/p>\n<p style=\"text-align: justify;\">Die Anmeldung sollte per E-Mail an <a class=\"uri-mailto\" href=\"mailto: reutlingen.berufsinfo@polizei.bwl.de\" target=\"_blank\" rel=\"noopener\">reutlingen.berufsinfo@polizei.bwl.de<\/a> erfolgen. In der E-Mail sind Angaben zum Name, Vorname, Anschrift, Alter, Telefonnummer und des gew\u00fcnschten Veranstaltungsorts erforderlich.<\/p>\n<p style=\"text-align: justify;\">F\u00fcr Fragen rund um den Polizeiberuf, die Bewerbungs- und Einstellungsvoraussetzungen, sowie zur Ausbildung mittlerer Dienst oder Studium gehobener Dienst stehen die Einstellungsberater des Polizeipr\u00e4sidiums Reutlingen unter <a class=\"uri-mailto\" href=\"mailto: reutlingen.berufsinfo@polizei.bwl.de\" target=\"_blank\" rel=\"noopener\">reutlingen.berufsinfo@polizei.bwl.de<\/a> oder telefonisch zur Verf\u00fcgung.<\/p>\n<p style=\"text-align: justify;\">F\u00fcr die Landkreise Reutlingen und T\u00fcbingen, Herr Heinz und Herr Schlichtig unter 07121\/942-5160 oder -5161.<\/p>\n<p style=\"text-align: justify;\">F\u00fcr den Landkreis Esslingen, Herr Seidt und Herr Ebert unter 0711\/3990-298 oder -299.<\/p>\n<p style=\"text-align: justify;\">F\u00fcr den Zollernalbkreis, Herr Sontheim unter 07433\/264-220.<\/p>\n<p style=\"text-align: justify;\">Weitere Informationen sind zus\u00e4tzlich auf der Homepage <a class=\"uri-ext outbound\" href=\"https:\/\/www.karriere-polizei-bw.de\" target=\"_blank\" rel=\"noopener\">www.karriere-polizei-bw.de<\/a> abrufbar.<\/p>\n<hr \/>\n<p style=\"text-align: justify;\">\n","protected":false},"excerpt":{"rendered":"<p>N\u00fcrtingen.|\u00a0Auch in diesem Jahr findet wieder die landesweite Nacht der Bewerber der Landespolizei Baden-W\u00fcrttemberg statt. Die Veranstaltung richtet sich an junge Menschen ab der 9. Klasse, aber auch an Berufswechsler und Quereinsteiger. Das Polizeipr\u00e4sidium Reutlingen bietet dieses Mal zwei Veranstaltungs\u00f6rtlichkeiten an, einmal im Landkreis Esslingen, beim Polizeirevier N\u00fcrtingen, und im Zollernalbkreis, beim Polizeirevier Albstadt. Beide [&hellip;]<\/p>\n","protected":false},"author":4,"featured_media":154405,"comment_status":"closed","ping_status":"open","sticky":false,"template":"","format":"standard","meta":{"inline_featured_image":false,"_exactmetrics_skip_tracking":false,"_exactmetrics_sitenote_active":false,"_exactmetrics_sitenote_note":"","_exactmetrics_sitenote_category":0,"footnotes":""},"categories":[59,2247],"tags":[10763,14857,14440,68,205],"class_list":{"0":"post-158127","1":"post","2":"type-post","3":"status-publish","4":"format-standard","5":"has-post-thumbnail","7":"category-aktuell","8":"category-kreis-esslingen","9":"tag-bewerber","10":"tag-die-webzeitung","11":"tag-esslingen","12":"tag-online-zeitung","13":"tag-polizei"},"image_feature":"https:\/\/die-webzeitung.de\/stuttgart\/wp-content\/uploads\/sites\/4\/2024\/10\/police-3622937_1280-scaled.jpg","author_name":"Redaktion","pure_taxonomies":{"categories":[{"term_id":59,"name":"Aktuell","slug":"aktuell","term_group":0,"term_taxonomy_id":60,"taxonomy":"category","description":"","parent":0,"count":1017,"filter":"raw","image":""},{"term_id":2247,"name":"Kreis Esslingen","slug":"kreis-esslingen","term_group":0,"term_taxonomy_id":2260,"taxonomy":"category","description":"Informationen aus dem Landkreis Esslingen","parent":171,"count":214,"filter":"raw","image":""}],"tags":[{"term_id":10763,"name":"Bewerber","slug":"bewerber","term_group":0,"term_taxonomy_id":10799,"taxonomy":"post_tag","description":"","parent":0,"count":3,"filter":"raw","image":""},{"term_id":14857,"name":"Die-Webzeitung","slug":"die-webzeitung","term_group":0,"term_taxonomy_id":14876,"taxonomy":"post_tag","description":"","parent":0,"count":3623,"filter":"raw","image":""},{"term_id":14440,"name":"Esslingen","slug":"esslingen","term_group":0,"term_taxonomy_id":3885,"taxonomy":"post_tag","description":"","parent":0,"count":202,"filter":"raw","image":""},{"term_id":68,"name":"Online-Zeitung","slug":"online-zeitung","term_group":0,"term_taxonomy_id":69,"taxonomy":"post_tag","description":"","parent":0,"count":3593,"filter":"raw","image":""},{"term_id":205,"name":"Polizei","slug":"polizei","term_group":0,"term_taxonomy_id":208,"taxonomy":"post_tag","description":"","parent":0,"count":277,"filter":"raw","image":""}]},"_links":{"self":[{"href":"https:\/\/die-webzeitung.de\/stuttgart\/wp-json\/wp\/v2\/posts\/158127","targetHints":{"allow":["GET"]}}],"collection":[{"href":"https:\/\/die-webzeitung.de\/stuttgart\/wp-json\/wp\/v2\/posts"}],"about":[{"href":"https:\/\/die-webzeitung.de\/stuttgart\/wp-json\/wp\/v2\/types\/post"}],"author":[{"embeddable":true,"href":"https:\/\/die-webzeitung.de\/stuttgart\/wp-json\/wp\/v2\/users\/4"}],"replies":[{"embeddable":true,"href":"https:\/\/die-webzeitung.de\/stuttgart\/wp-json\/wp\/v2\/comments?post=158127"}],"version-history":[{"count":1,"href":"https:\/\/die-webzeitung.de\/stuttgart\/wp-json\/wp\/v2\/posts\/158127\/revisions"}],"predecessor-version":[{"id":158128,"href":"https:\/\/die-webzeitung.de\/stuttgart\/wp-json\/wp\/v2\/posts\/158127\/revisions\/158128"}],"wp:featuredmedia":[{"embeddable":true,"href":"https:\/\/die-webzeitung.de\/stuttgart\/wp-json\/wp\/v2\/media\/154405"}],"wp:attachment":[{"href":"https:\/\/die-webzeitung.de\/stuttgart\/wp-json\/wp\/v2\/media?parent=158127"}],"wp:term":[{"taxonomy":"category","embeddable":true,"href":"https:\/\/die-webzeitung.de\/stuttgart\/wp-json\/wp\/v2\/categories?post=158127"},{"taxonomy":"post_tag","embeddable":true,"href":"https:\/\/die-webzeitung.de\/stuttgart\/wp-json\/wp\/v2\/tags?post=158127"}],"curies":[{"name":"wp","href":"https:\/\/api.w.org\/{rel}","templated":true}]}}