{"id":158086,"date":"2025-09-14T10:35:19","date_gmt":"2025-09-14T09:35:19","guid":{"rendered":"https:\/\/die-webzeitung.de\/stuttgart\/2025\/09\/14\/erste-bilanz-zum-bundesweiten-warntag-2025\/"},"modified":"2025-09-14T10:38:14","modified_gmt":"2025-09-14T09:38:14","slug":"erste-bilanz-zum-bundesweiten-warntag-2025","status":"publish","type":"post","link":"https:\/\/die-webzeitung.de\/stuttgart\/2025\/09\/14\/erste-bilanz-zum-bundesweiten-warntag-2025\/","title":{"rendered":"Erste Bilanz zum Bundesweiten Warntag 2025"},"content":{"rendered":"<p style=\"text-align: justify;\">Am 11. September 2025 fand der Bundesweite Warntag 2025 statt. Auch in Baden-W\u00fcrttemberg gab es Alarm auf allen Kan\u00e4len.<\/p>\n<p style=\"text-align: justify;\">\u201eMit dem Warntag haben wir unsere Warnkan\u00e4le erneut auf den Pr\u00fcfstand gestellt \u2013 und die Menschen im Land sensibilisiert. Wir leben in angespannten Zeiten. Umso wichtiger ist es, dass wir unser Warnnetz auf allen Kan\u00e4len auch krisenfest machen. Und nach den ersten Erkenntnissen haben die Warnmeldungen auf den unterschiedlichen Kan\u00e4len gut funktioniert\u201c, sagte der stellvertretende Ministerpr\u00e4sident und Innenminister Thomas Strobl mit Blick auf den Warntag am Donnerstag, 11. September 2025.<\/p>\n<p style=\"text-align: justify;\"><strong>Warnkan\u00e4le erprobt und Menschen sensibilisiert<\/strong><\/p>\n<p style=\"text-align: justify;\">Am Extern: Bundesweiten Warntag (\u00d6ffnet in neuem Fenster) wurden um 11.00 Uhr in ganz Deutschland Warnmeldungen \u00fcber das Extern: Modulare Warnsystem (MoWaS) (\u00d6ffnet in neuem Fenster) ausgel\u00f6st und \u00fcber zahlreiche Kan\u00e4le an die Bev\u00f6lkerung ausgegeben. Ziel war es, die technischen Systeme zur Warnung zu \u00fcberpr\u00fcfen und die Menschen in Deutschland f\u00fcr den Ernstfall zu sensibilisieren.<\/p>\n<p style=\"text-align: justify;\">\u201eDie Fachleute werden nun den Bundesweiten Warntag auswerten. Eines ist jedoch jetzt schon sicher: Durch den Bundesweiten Warntag 2025 ist es erneut gelungen, das Thema ,Warnung der Bev\u00f6lkerung\u2018\u00a0in den Fokus der Bev\u00f6lkerung zu r\u00fccken. Das ist extrem wichtig, denn je vertrauter die Menschen mit diesem Thema sind, umso besser k\u00f6nnen sie im Ernstfall\u00a0auf eine Warnung einer Beh\u00f6rde reagieren und sich und andere vor Gefahren sch\u00fctzen\u201c, so Innenminister Thomas Strobl.<\/p>\n<p style=\"text-align: justify;\"><strong>Feedbackm\u00f6glichkeit f\u00fcr die Bev\u00f6lkerung<\/strong><\/p>\n<p style=\"text-align: justify;\">Die Bev\u00f6lkerung hat noch bis zum 18. September 2025 die M\u00f6glichkeit, ihre Erfahrungen und Wahrnehmungen rund um den Warntag 2025 und die verschiedenen Warnmittel bei einer Umfrage zu teilen. Diese Umfrage wird vom <a class=\"link-external\" href=\"https:\/\/www.bbk.bund.de\" target=\"_blank\" rel=\"noopener noreferrer\"><span class=\"u-hidden-visually\">Extern: <\/span>Bundesamt f\u00fcr Bev\u00f6lkerungsschutz und Katastrophenhilfe<\/a> durchgef\u00fchrt und ist \u00fcber eine <a class=\"link-external\" href=\"https:\/\/www.warntag-umfrage.de\" target=\"_blank\" rel=\"noopener noreferrer\"><span class=\"u-hidden-visually\">Extern: <\/span>Internetseite<\/a> erreichbar. \u201eMachen Sie bitte mit und teilen Sie Ihre Erfahrungen rund um den Warntag. Jede R\u00fcckmeldung hilft den Verantwortlichen dabei, die Warninfrastruktur in Deutschland weiter zu verbessern\u201c, so Innenminister Strobl.<\/p>\n<p style=\"text-align: justify;\"><strong>Warnung der Bev\u00f6lkerung<\/strong><\/p>\n<p style=\"text-align: justify;\">In Baden-W\u00fcrttemberg k\u00f6nnen die f\u00fcr die Gefahrenabwehr zust\u00e4ndigen Beh\u00f6rden das <a class=\"link-external\" href=\"https:\/\/www.bbk.bund.de\/DE\/Warnung-Vorsorge\/Warnung-in-Deutschland\/MoWaS\/mowas_node.html\" target=\"_blank\" rel=\"noopener noreferrer\"><span class=\"u-hidden-visually\">Extern: <\/span>Modulare Warnsystem (MoWaS)<\/a> zur Warnung der Bev\u00f6lkerung einsetzen. Warnmeldungen k\u00f6nnen damit auf m\u00f6glichst vielen Wegen verbreitet werden, um so einen m\u00f6glichst gro\u00dfen Teil der Bev\u00f6lkerung zu erreichen. Derzeit sind an MoWaS die Warn-Apps <a class=\"link-external\" href=\"https:\/\/www.bbk.bund.de\/DE\/Warnung-Vorsorge\/Warn-App-NINA\/warn-app-nina_node.html\" target=\"_blank\" rel=\"noopener noreferrer\"><span class=\"u-hidden-visually\">Extern: <\/span>NINA<\/a>, <a class=\"link-external\" href=\"https:\/\/www.katwarn.de\/\" target=\"_blank\" rel=\"noopener noreferrer\"><span class=\"u-hidden-visually\">Extern: <\/span>KATWARN<\/a>und <a class=\"link-external\" href=\"https:\/\/www.biwapp.de\/\" target=\"_blank\" rel=\"noopener noreferrer\"><span class=\"u-hidden-visually\">Extern: <\/span>BIWAPP<\/a>, einige regionale Warn-Apps, der Warnkanal Cell Broadcast, Rundfunk- und Fernsehanstalten, Zeitungsredaktionen und Onlinedienste, digitale Stadtinformationstafeln und einige Verkehrsunternehmen angeschlossen. Alle Warnmeldungen \u00fcber MoWaS werden auch auf der vom Bundesamt f\u00fcr Bev\u00f6lkerungsschutz und Katastrophenhilfe betriebenen <a class=\"link-external\" href=\"https:\/\/warnung.bund.de\/\" target=\"_blank\" rel=\"noopener noreferrer\"><span class=\"u-hidden-visually\">Extern: <\/span>Internetseite<\/a> ver\u00f6ffentlicht. In Zukunft sollen auch Sirenen an MoWaS angeschlossen werden. Alle angeschlossenen Warnmittel k\u00f6nnen \u00fcber MoWaS zeitgleich und mit einer Eingabe ausgel\u00f6st werden.<\/p>\n<p style=\"text-align: justify;\">Die Zahl der Warnmeldungen, die in Baden-W\u00fcrttemberg in den vergangenen Jahren \u00fcber das Modulare Warnsystem herausgegeben wurde, ist kontinuierlich gestiegen. Allein im Jahr 2024 haben Beh\u00f6rden von Gemeinden, St\u00e4dten, Landkreisen und Land insgesamt 264 Warnmeldungen \u00fcber das Modulare Warnsystem versendet.<\/p>\n<hr \/>\n<p style=\"text-align: justify;\">\n","protected":false},"excerpt":{"rendered":"<p>Am 11. September 2025 fand der Bundesweite Warntag 2025 statt. Auch in Baden-W\u00fcrttemberg gab es Alarm auf allen Kan\u00e4len. \u201eMit dem Warntag haben wir unsere Warnkan\u00e4le erneut auf den Pr\u00fcfstand gestellt \u2013 und die Menschen im Land sensibilisiert. Wir leben in angespannten Zeiten. Umso wichtiger ist es, dass wir unser Warnnetz auf allen Kan\u00e4len auch [&hellip;]<\/p>\n","protected":false},"author":4,"featured_media":158002,"comment_status":"closed","ping_status":"open","sticky":false,"template":"","format":"standard","meta":{"inline_featured_image":false,"_exactmetrics_skip_tracking":false,"_exactmetrics_sitenote_active":false,"_exactmetrics_sitenote_note":"","_exactmetrics_sitenote_category":0,"footnotes":""},"categories":[59,9098],"tags":[],"class_list":{"0":"post-158086","1":"post","2":"type-post","3":"status-publish","4":"format-standard","5":"has-post-thumbnail","7":"category-aktuell","8":"category-baden-wuerttemberg"},"image_feature":"https:\/\/die-webzeitung.de\/stuttgart\/wp-content\/uploads\/sites\/4\/2025\/09\/fire-siren-61750_1280-scaled.jpg","author_name":"Redaktion","pure_taxonomies":{"categories":[{"term_id":59,"name":"Aktuell","slug":"aktuell","term_group":0,"term_taxonomy_id":60,"taxonomy":"category","description":"","parent":0,"count":1018,"filter":"raw","image":""},{"term_id":9098,"name":"Baden-W\u00fcrttemberg","slug":"baden-wuerttemberg","term_group":0,"term_taxonomy_id":9124,"taxonomy":"category","description":"","parent":171,"count":238,"filter":"raw","image":""}]},"_links":{"self":[{"href":"https:\/\/die-webzeitung.de\/stuttgart\/wp-json\/wp\/v2\/posts\/158086","targetHints":{"allow":["GET"]}}],"collection":[{"href":"https:\/\/die-webzeitung.de\/stuttgart\/wp-json\/wp\/v2\/posts"}],"about":[{"href":"https:\/\/die-webzeitung.de\/stuttgart\/wp-json\/wp\/v2\/types\/post"}],"author":[{"embeddable":true,"href":"https:\/\/die-webzeitung.de\/stuttgart\/wp-json\/wp\/v2\/users\/4"}],"replies":[{"embeddable":true,"href":"https:\/\/die-webzeitung.de\/stuttgart\/wp-json\/wp\/v2\/comments?post=158086"}],"version-history":[{"count":1,"href":"https:\/\/die-webzeitung.de\/stuttgart\/wp-json\/wp\/v2\/posts\/158086\/revisions"}],"predecessor-version":[{"id":158087,"href":"https:\/\/die-webzeitung.de\/stuttgart\/wp-json\/wp\/v2\/posts\/158086\/revisions\/158087"}],"wp:featuredmedia":[{"embeddable":true,"href":"https:\/\/die-webzeitung.de\/stuttgart\/wp-json\/wp\/v2\/media\/158002"}],"wp:attachment":[{"href":"https:\/\/die-webzeitung.de\/stuttgart\/wp-json\/wp\/v2\/media?parent=158086"}],"wp:term":[{"taxonomy":"category","embeddable":true,"href":"https:\/\/die-webzeitung.de\/stuttgart\/wp-json\/wp\/v2\/categories?post=158086"},{"taxonomy":"post_tag","embeddable":true,"href":"https:\/\/die-webzeitung.de\/stuttgart\/wp-json\/wp\/v2\/tags?post=158086"}],"curies":[{"name":"wp","href":"https:\/\/api.w.org\/{rel}","templated":true}]}}