{"id":158084,"date":"2025-09-18T09:47:29","date_gmt":"2025-09-18T08:47:29","guid":{"rendered":"https:\/\/die-webzeitung.de\/stuttgart\/?p=158084"},"modified":"2025-09-20T10:19:16","modified_gmt":"2025-09-20T09:19:16","slug":"polizei-report-stuttgart-woche-38-4","status":"publish","type":"post","link":"https:\/\/die-webzeitung.de\/stuttgart\/2025\/09\/18\/polizei-report-stuttgart-woche-38-4\/","title":{"rendered":"Polizei-Report Stuttgart | Woche 38"},"content":{"rendered":"<p><em>Quelle: ots<\/em><\/p>\n<p style=\"text-align: justify;\"><strong>Stuttgart-Feuerbach: Polizei stoppt Tatverd\u00e4chtige nach mutma\u00dflichem Autorennen &#8211; Zeugen gesucht<\/strong><br \/>\nPolizeibeamte haben am fr\u00fchen Samstagmorgen (20.09.2025) an der Siemensstra\u00dfe zwei 21 und 23 Jahre alte Autofahrer kontrolliert, die im Verdacht stehen, in der Heilbronner Stra\u00dfe an einem verbotenen Kraftfahrzeugrennen beteiligt gewesen zu sein. Polizisten fielen die beiden Audi-Fahrer auf, als sie gegen 04.25 Uhr mit vermutlich deutlich \u00fcberh\u00f6hter Geschwindigkeit andere Verkehrsteilnehmer \u00fcberholten. An einer roten Ampel lie\u00dfen die Fahrer ihre Motoren mehrfach aufheulen und fuhren nachdem die Ampel auf Gr\u00fcn schaltete stark beschleunigend \u00fcber die Heilbronner Stra\u00dfe und dann mutma\u00dflich deutlich zu schnell \u00fcber die T\u00fcrlenstra\u00dfe in Richtung Killesberg. Schlie\u00dflich konnten die beiden Fahrer an einer roten Ampel in Feuerbach kontrolliert werden. Da der 21-J\u00e4hrige vermutlich alkoholisiert war, musste er eine Blutprobe abgeben. Nach Abschluss der polizeilichen Ma\u00dfnahmen setzten die Polizisten die beiden Tatverd\u00e4chtigen auf freien Fu\u00df. Zeugen werden gebeten, sich unter der Rufnummer +4971189904100 bei der Verkehrspolizeiinspektion Stuttgart zu melden.<\/p>\n<p style=\"text-align: justify;\"><strong>Stuttgart-Zuffenhausen: Auf Motorrad gefahren &#8211; 27-J\u00e4hriger verletzt<\/strong><br \/>\nEin 27 Jahre alter Motorradfahrer ist am Freitagnachmittag (19.09.2025) bei einem Verkehrsunfall in der Unterl\u00e4nder Stra\u00dfe leicht verletzt worden. Der 27-J\u00e4hrige fuhr gegen 16.15 Uhr mit seiner Yamaha in der Unterl\u00e4nder Stra\u00dfe Richtung Bahnhof Zuffenhausen. Am Kreisverkehr auf H\u00f6he der Kirchtalstra\u00dfe hielt er an einem Fu\u00dfg\u00e4nger\u00fcberweg an. Eine 21-J\u00e4hrige, die hinter dem Motorrad fuhr, erkannte dies, den ersten Ermittlungen zufolge, zu sp\u00e4t und fuhr mit ihrem VW auf das Motorrad auf. Der 27-J\u00e4hrige st\u00fcrzte und zog sich leichte Verletzungen zu. Rettungskr\u00e4fte versorgen ihn vor Ort. W\u00e4hrend der Unfallaufnahme war die Unterl\u00e4nder Stra\u00dfe kurzzeitig in beide Richtungen gesperrt, es kam zu Verkehrsbehinderungen. Ersten Sch\u00e4tzungen zufolge betr\u00e4gt der Schaden rund 8.000 Euro.<\/p>\n<p style=\"text-align: justify;\"><strong>Stuttgart-Feuerbach: K\u00fcchenbrand<\/strong><br \/>\nBei einem Brand in einer Wohnung an der Hohewartstra\u00dfe sind am Freitag (19.09.2025) zwei Jugendliche im Alter von 15 und 16 Jahren leicht verletzt worden. Die Bewohner entdeckten den Brand in der K\u00fcche der Dachgeschosswohnung gegen 13.25 Uhr und riefen die Polizei. Ersten Ermittlungen zufolge brach das Feuer bei der Zubereitung von Speisen aus. Rettungskr\u00e4fte, darunter ein Notarzt, k\u00fcmmerten sich um die Verletzten und brachten sie vorsorglich in ein Krankenhaus. Die Wohnung in der der Brand ausbrach, ist derzeit nicht bewohnbar, der Schaden betr\u00e4gt nach ersten Sch\u00e4tzungen mehrere 10.000 Euro. Die Kriminalpolizei hat die Ermittlungen zur genauen Brandursache \u00fcbernommen.<\/p>\n<p style=\"text-align: justify;\"><strong>Stuttgart-Mitte: 46-J\u00e4hrigen ausgeraubt &#8211; Zeugen gesucht<\/strong><br \/>\nUnbekannte haben am Mittwochabend (17.09.2025) an der Schlo\u00dfstra\u00dfe einen 46 Jahre alten Mann geschlagen und dessen Tasche mit 200 Euro Bargeld und Kleidung geraubt. Der 46-J\u00e4hrige hatte gegen 21.00 Uhr mit einer Bekannten einen Streit. Kurz darauf sprachen ihn die drei Unbekannten an. Nachdem er auf das Gespr\u00e4ch nicht einging, schlug ihm einer der T\u00e4ter ins Gesicht, w\u00e4hrend der andere die Tasche an sich nahm. Anschlie\u00dfend fl\u00fcchtete das Trio in unbekannte Richtung. Einer der T\u00e4ter ist 175 Zentimeter gro\u00df, hatte eine normale Statur, schwarze kurze Haare sowie einen Oberlippenbart der an den Mundwinkeln nach unten ging. Sein mutma\u00dflicher Komplize ist zirka 170 Zentimeter gro\u00df, eine normale Statur, krause Haare und trug eine schwarze Jogginghose der Marke Adidas. Zeugen werden gebeten, sich unter der Rufnummer +4971189905778 bei der Kriminalpolizei zu melden.<\/p>\n<p style=\"text-align: justify;\"><strong>Stuttgart-Bad Cannstatt: K\u00fcchenbrand<\/strong><br \/>\nRettungskr\u00e4fte und Polizei waren am Mittwoch (17.09.2025) bei einem Brand in einem Wohnheim am Prie\u00dfnitzweg im Einsatz. Eine Anwohnerin entdeckte gegen 17.40 Uhr wie Rauch aus einer Wohnung drang und rief die Feuerwehr. Die Bewohner hatten beim Eintreffen der Polizei bereits das Geb\u00e4ude verlassen. Ein 34 Jahre alter Bewohner der Brandwohnung sowie ein 18-j\u00e4hriger Passant erlitten beim Versuch, die Flammen zu l\u00f6schen, leichte Verletzungen. Rettungskr\u00e4fte k\u00fcmmerten sich um die beiden M\u00e4nner und brachten sie zur weiteren Versorgung in ein Krankenhaus. Ersten Ermittlungen zufolge k\u00f6nnte der Brand bei der Zubereitung von Essen in der K\u00fcche entstanden sein. Die Kriminalpolizei hat die weiteren Ermittlungen \u00fcbernommen. Der Schaden betr\u00e4gt mehrere 10.000 Euro.<\/p>\n<p style=\"text-align: justify;\"><strong>Stuttgart-Hedelfingen: Ohne Fahrschein unterwegs &#8211; Tatverd\u00e4chtige wehrt sich gegen Pr\u00fcfpersonal<\/strong><br \/>\nPolizeibeamte haben am sp\u00e4ten Dienstagabend (16.09.2025) an der Haltestelle Hedelfinger Platz eine 20 Jahre alte Frau vorl\u00e4ufig festgenommen, die ohne Fahrschein gefahren und sich gegen das Festhalten gewehrt haben soll. Die Tatverd\u00e4chtige war gegen 22.45 Uhr in einer Stadtbahn der Linie U9 unterwegs, als sie vom Pr\u00fcfpersonal kontrolliert wurde. Da sie keinen g\u00fcltigen Fahrschein hatte, wollten die Kontrolleure die Personalien feststellen. Die 20-J\u00e4hrige weigerte sich und versuchte zu fl\u00fcchten. Beim Versuch, sie festzuhalten, zog die Tatverd\u00e4chtige eine 25 Jahre alte Pr\u00fcferin an den Haaren und fl\u00fcchtete \u00fcber die Gleise. Nach wenigen Metern gelang es den Kontrolleuren, die Tatverd\u00e4chtige festzuhalten und den alarmierten Beamten zu \u00fcbergeben. Sie wurde nach Abschluss der polizeilichen Ma\u00dfnahmen wieder auf freien Fu\u00df gesetzt.<\/p>\n<p style=\"text-align: justify;\"><strong>Stuttgart-Hedelfingen: 22-J\u00e4hrigen ausgeraubt: Tatverd\u00e4chtigen vorl\u00e4ufig festgenommen &#8211; Zeugen gesucht<\/strong><br \/>\nPolizeibeamte haben in der Nacht zum Dienstag (16.09.2025) einen 40 Jahre alten Mann vorl\u00e4ufig festgenommen, der im Verdacht steht, gemeinsam mit einem mutma\u00dflichen bislang unbekannten Komplizen, einen 22-J\u00e4hrigen ausgeraubt zu haben. Ersten Erkenntnissen zufolge sollen die beiden Tatverd\u00e4chtigen gegen 02.45 Uhr vor einer Shisha Bar am Hedelfinger Platz auf den 22-J\u00e4hrigen zugekommen, ihn geschlagen, festgehalten und mehrere Tausend Euro Bargeld gestohlen haben. Durch einen Taxifahrer alarmierte Beamte trafen den 40-J\u00e4hrigen im Rahmen der Fahndung an und nahmen ihn vorl\u00e4ufig fest. Nach Durchf\u00fchrung der polizeilichen Ma\u00dfnahmen setzten sie ihn wieder auf freien Fu\u00df. Sein mutma\u00dflicher Komplize hatte eine dunkle Hautfarbe, war etwa 30 bis 40 Jahre alt und etwa 180 Zentimeter gro\u00df. Er trug eine schwarze Basecap mit einem roten Logo. Zeugen werden gebeten, sich unter der Rufnummer +4971189905778 bei der Kriminalpolizei zu melden.<\/p>\n<p style=\"text-align: justify;\"><strong>Stuttgart-Weilimdorf: Wohnungsbrand<\/strong><br \/>\nIn einem Mehrfamilienhaus an der Mittenfeldstra\u00dfe ist am Dienstagnachmittag (16.09.2025) ein Feuer ausgebrochen. Zeugen entdeckten den Brand gegen 15.20 Uhr und alarmierten die Feuerwehr. Ersten Ermittlungen zufolge brach das Feuer im f\u00fcnften Obergeschoss aus, verletzt wurde niemand. Die Kriminalpolizei hat die Ermittlungen zur genauen Brandursache \u00fcbernommen. Der Schaden kann bislang nicht beziffert werden.<\/p>\n<p style=\"text-align: justify;\"><strong>Stuttgart-Bad Cannstatt: 28-J\u00e4hrigen \u00fcberfallen &#8211; Zeugen gesucht<\/strong><br \/>\nZwei bislang Unbekannte haben am sp\u00e4ten Montagabend (15.09.2025) versucht, einen 28 Jahre alten Mann in der Bahnhofstra\u00dfe auszurauben und ihn dann kurze Zeit sp\u00e4ter in der Fr\u00f6snerstra\u00dfe verletzt. Die T\u00e4ter forderten gegen 23.10 Uhr unter Vorhalt eines Messers in der Bahnhofshalle die Herausgabe von Wertgegenst\u00e4nden. Als der Mann dies verneinte und fl\u00fcchtete, verfolgten ihn die beiden T\u00e4ter bis in die Fr\u00f6snerstra\u00dfe. Dort griffen sie ihn an, wobei die Glasscheibe eines Gesch\u00e4fts zu Bruch ging. Sie verletzten den 28-J\u00e4hrigen mit einem scharfen Gegenstand am Oberschenkel, bevor sie fl\u00fcchteten. Rettungskr\u00e4fte k\u00fcmmerten sich um den Mann und brachten ihn zur weiteren Versorgung in ein Krankenhaus. Einer der T\u00e4ter hatte dunkle Haare, einen Vollbart und war etwa 185 Zentimeter gro\u00df. Sein Komplize war etwa gleich gro\u00df und hatte eine Glatze. Zeugen werden gebeten, sich unter der Rufnummer +4971189905778 beim Raubdezernat zu melden.<\/p>\n<p style=\"text-align: justify;\"><strong>Stuttgart-Stadtgebiet: Verkehrsteilnehmer gef\u00e4hrdet &#8211; Zeugen und Gesch\u00e4digte gesucht<\/strong><br \/>\nEin bislang unbekannter Mann soll am Donnerstag (11.09.2025) mehrere Verkehrsteilnehmer auf der B27 in Richtung Ludwigsburg gef\u00e4hrdet haben. Zeugen beobachteten gegen 11.40 Uhr, wie der Fahrer eines Mercedes auf der B27, auf H\u00f6he Hohensteinstra\u00dfe, fuhr und dabei offenbar willk\u00fcrlich die Fahrstreifen wechselte und mehrmals ohne ersichtlichen Grund abbremste. Zeugen, denen der Mercedes aufgefallen ist und Verkehrsteilnehmer, die gef\u00e4hrdet wurden, werden gebeten, sich unter der Rufnummer +4971189903700 beim Polizeirevier 7 Ludwigsburger Stra\u00dfe zu melden.<\/p>\n<p style=\"text-align: justify;\"><strong>Stuttgart-Ost: 25-J\u00e4hrigen ausgeraubt &#8211; Zeugen gesucht<\/strong><br \/>\nEin Unbekannter hat am Samstagmorgen (13.09.2025) einen 25 Jahre alten Mann im Bereich des Unteren Schlossgartens ausgeraubt. Der 25-J\u00e4hrige war gegen 08.30 Uhr im Bereich der Felix-Mendelssohn-Bartholdy-Allee unterwegs, als der unbekannte Mann ihn ansprach und unter Vorhalt einer abgebrochenen Glasflasche Bargeld von ihm forderte. Nachdem der 25-J\u00e4hrige ihm kein Bargeld \u00fcbergab, entriss der Mann ihm sein Mobiltelefon und fl\u00fcchtete. Der Mann war zirka 30 Jahre alt und zirka 170 Zentimeter gro\u00df. Er hatte eine normale Statur, eine dunkle Hautfarbe und schwarze Haare. Er war bekleidet mit einer dunklen Jeanshose, einem grauen Hemd und einer grauen M\u00fctze. Zeugen werden gebeten, sich unter der Rufnummer +4971189905778 beim Raubdezernat zu melden.<\/p>\n<p style=\"text-align: justify;\"><strong>Stuttgart-Bad Cannstatt: Mutma\u00dflich betrunken und ohne F\u00fchrerschein gefahren &#8211; Zeugen und m\u00f6gliche Gesch\u00e4digte gesucht<\/strong><br \/>\nPolizeibeamte haben Sonntagabend (14.09.2025) eine 34 Jahre alte Frau vorl\u00e4ufig festgenommen, die im Verdacht steht, unter Alkoholeinwirkung und ohne Fahrerlaubnis mit dem Auto gefahren zu sein. Zeugen meldeten gegen 19.00 Uhr der Polizei, dass in der Konrad-Adenauer-Stra\u00dfe ein Renault Captur fahren w\u00fcrde, der bereits mehrfach gegen den Bordstein gefahren sei und einen platten Reifen habe. Alarmierte Beamte entdeckten kurz darauf den Renault in der L\u00f6wentorstra\u00dfe und hielten ihn an. Bei der Kontrolle der 34-J\u00e4hrigen bemerkten die Beamten, dass sie mutma\u00dflich unter Alkoholeinfluss steht, sie musste eine Blutprobe abgeben. Ermittlungen ergaben, dass die 34-J\u00e4hrige nicht im Besitz einer g\u00fcltigen Fahrerlaubnis ist. Sie wurde nach Abschluss der polizeilichen Ma\u00dfnahmen in ein psychiatrisches Krankenhaus gebracht. Die genaue Fahrtstrecke ist Gegenstand der derzeitigen Ermittlungen. Zeugen und m\u00f6gliche Gesch\u00e4digte werden gebeten, sich unter der Rufnummer +4971189903200 beim Polizeirevier 2 Wolframstra\u00dfe zu melden.<\/p>\n<p style=\"text-align: justify;\"><strong>Stuttgart-Nord: Radfahrerin schwer verletzt<\/strong><br \/>\nEine 29 Jahre alte Fahrradfahrerin hat sich am Montagmittag (15.09.2025) bei einem Unfall in der Stresemannstra\u00dfe schwere Verletzungen zugezogen. Die 29-J\u00e4hrige war gegen 11.40 Uhr mit ihrem Rad der Marke Canyon in Richtung Pragsattel unterwegs. Ersten Erkenntnissen zufolge missachtete ein 84-j\u00e4hriger VW-Fahrer die Vorfahrt der Radfahrerin, als er von der Hildebrandtstra\u00dfe in die Stresemannstra\u00dfe abbiegen wollte. Rettungskr\u00e4fte k\u00fcmmerten sich um die Schwerverletzte und brachten sie zur weiteren Versorgung in ein Krankenhaus.<\/p>\n<p style=\"text-align: justify;\"><strong>Stuttgart-Mitte: Spiegel von Streifenwagen abgetreten &#8211; Tatverd\u00e4chtigen vorl\u00e4ufig festgenommen<\/strong><br \/>\nPolizeibeamte haben am sp\u00e4ten Freitagabend (12.09.2025) in der Klett-Passage einen 45 Jahre alten Mann vorl\u00e4ufig festgenommen, der im Verdacht steht, in der K\u00f6nigstra\u00dfe einen Streifenwagen besch\u00e4digt zu haben. Zeugen beobachteten, wie der Tatverd\u00e4chtige kurz vor 23.00 Uhr gegen den geparkten Vito trat und dabei den Au\u00dfenspiegel besch\u00e4digte. Einer der Zeugen ging dem 45-J\u00e4hrigen hinterher, hielt ihn in der Klett-Passage fest und \u00fcbergab ihn den alarmierten Beamten. Der alkoholisierte Tatverd\u00e4chtige wurde nach Abschluss der polizeilichen Ma\u00dfnahmen wieder auf freien Fu\u00df gesetzt. Ersten Sch\u00e4tzungen zufolge betr\u00e4gt der Schaden rund 1.000 Euro.<\/p>\n<hr \/>\n<p style=\"text-align: justify;\">\n","protected":false},"excerpt":{"rendered":"<p>Quelle: ots Stuttgart-Feuerbach: Polizei stoppt Tatverd\u00e4chtige nach mutma\u00dflichem Autorennen &#8211; Zeugen gesucht Polizeibeamte haben am fr\u00fchen Samstagmorgen (20.09.2025) an der Siemensstra\u00dfe zwei 21 und 23 Jahre alte Autofahrer kontrolliert, die im Verdacht stehen, in der Heilbronner Stra\u00dfe an einem verbotenen Kraftfahrzeugrennen beteiligt gewesen zu sein. Polizisten fielen die beiden Audi-Fahrer auf, als sie gegen 04.25 [&hellip;]<\/p>\n","protected":false},"author":4,"featured_media":152245,"comment_status":"closed","ping_status":"open","sticky":false,"template":"","format":"standard","meta":{"inline_featured_image":false,"_exactmetrics_skip_tracking":false,"_exactmetrics_sitenote_active":false,"_exactmetrics_sitenote_note":"","_exactmetrics_sitenote_category":0,"footnotes":""},"categories":[11241],"tags":[14857,68,205,1625,275],"class_list":{"0":"post-158084","1":"post","2":"type-post","3":"status-publish","4":"format-standard","5":"has-post-thumbnail","7":"category-region-stuttgart","8":"tag-die-webzeitung","9":"tag-online-zeitung","10":"tag-polizei","11":"tag-report","12":"tag-stuttgart"},"image_feature":"https:\/\/die-webzeitung.de\/stuttgart\/wp-content\/uploads\/sites\/4\/2024\/02\/Polizei-Pix-scaled.jpg","author_name":"Redaktion","pure_taxonomies":{"categories":[{"term_id":11241,"name":"Polizei-Report Stuttgart","slug":"region-stuttgart","term_group":0,"term_taxonomy_id":11279,"taxonomy":"category","description":"Polizeiberichte aus der Region Stuttgart","parent":1619,"count":68,"filter":"raw","image":""}],"tags":[{"term_id":14857,"name":"Die-Webzeitung","slug":"die-webzeitung","term_group":0,"term_taxonomy_id":14876,"taxonomy":"post_tag","description":"","parent":0,"count":3623,"filter":"raw","image":""},{"term_id":68,"name":"Online-Zeitung","slug":"online-zeitung","term_group":0,"term_taxonomy_id":69,"taxonomy":"post_tag","description":"","parent":0,"count":3593,"filter":"raw","image":""},{"term_id":205,"name":"Polizei","slug":"polizei","term_group":0,"term_taxonomy_id":208,"taxonomy":"post_tag","description":"","parent":0,"count":277,"filter":"raw","image":""},{"term_id":1625,"name":"Report","slug":"report","term_group":0,"term_taxonomy_id":1634,"taxonomy":"post_tag","description":"","parent":0,"count":210,"filter":"raw","image":""},{"term_id":275,"name":"Stuttgart","slug":"stuttgart","term_group":0,"term_taxonomy_id":281,"taxonomy":"post_tag","description":"","parent":0,"count":1194,"filter":"raw","image":""}]},"_links":{"self":[{"href":"https:\/\/die-webzeitung.de\/stuttgart\/wp-json\/wp\/v2\/posts\/158084","targetHints":{"allow":["GET"]}}],"collection":[{"href":"https:\/\/die-webzeitung.de\/stuttgart\/wp-json\/wp\/v2\/posts"}],"about":[{"href":"https:\/\/die-webzeitung.de\/stuttgart\/wp-json\/wp\/v2\/types\/post"}],"author":[{"embeddable":true,"href":"https:\/\/die-webzeitung.de\/stuttgart\/wp-json\/wp\/v2\/users\/4"}],"replies":[{"embeddable":true,"href":"https:\/\/die-webzeitung.de\/stuttgart\/wp-json\/wp\/v2\/comments?post=158084"}],"version-history":[{"count":12,"href":"https:\/\/die-webzeitung.de\/stuttgart\/wp-json\/wp\/v2\/posts\/158084\/revisions"}],"predecessor-version":[{"id":158148,"href":"https:\/\/die-webzeitung.de\/stuttgart\/wp-json\/wp\/v2\/posts\/158084\/revisions\/158148"}],"wp:featuredmedia":[{"embeddable":true,"href":"https:\/\/die-webzeitung.de\/stuttgart\/wp-json\/wp\/v2\/media\/152245"}],"wp:attachment":[{"href":"https:\/\/die-webzeitung.de\/stuttgart\/wp-json\/wp\/v2\/media?parent=158084"}],"wp:term":[{"taxonomy":"category","embeddable":true,"href":"https:\/\/die-webzeitung.de\/stuttgart\/wp-json\/wp\/v2\/categories?post=158084"},{"taxonomy":"post_tag","embeddable":true,"href":"https:\/\/die-webzeitung.de\/stuttgart\/wp-json\/wp\/v2\/tags?post=158084"}],"curies":[{"name":"wp","href":"https:\/\/api.w.org\/{rel}","templated":true}]}}