{"id":158082,"date":"2025-09-18T09:47:07","date_gmt":"2025-09-18T08:47:07","guid":{"rendered":"https:\/\/die-webzeitung.de\/stuttgart\/?p=158082"},"modified":"2025-09-21T13:29:58","modified_gmt":"2025-09-21T12:29:58","slug":"polizei-report-kreis-esslingen-woche-38-4","status":"publish","type":"post","link":"https:\/\/die-webzeitung.de\/stuttgart\/2025\/09\/18\/polizei-report-kreis-esslingen-woche-38-4\/","title":{"rendered":"Polizei-Report Kreis Esslingen | Woche 38"},"content":{"rendered":"<p><em>Quelle: ots<\/em><\/p>\n<p style=\"text-align: justify;\"><strong>Bissingen an der Teck: Maschinenbrand verursacht Sachschaden<br \/>\n<\/strong>Aufgrund eines technischen Defekts ist es am Samstagvormittag bei einer Firma in der Stra\u00dfe Alte Weberei zu einem Brand einer Maschine gekommen. Gegen 11.15 Uhr stellte ein Mitarbeiter eine Brandentwicklung im Inneren einer L\u00fcftungs- bzw. Absauganlage fest. Den etwa 15 anwesenden Mitarbeitern gelang es zun\u00e4chst den Brand zu l\u00f6schen. Aufgrund hoher Temperaturen im Inneren der Maschine kam es jedoch immer wieder zu erneuten Entz\u00fcndungen, weshalb umfangreiche L\u00f6scharbeiten durch die Feuerwehr erforderlich waren. Diese war mit zehn Fahrzeugen und 47 Einsatzkr\u00e4ften vor Ort. Vom Rettungsdienst, welcher mit zwei Fahrzeugen und sechs Einsatzkr\u00e4ften vor Ort war, wurden die betreffenden Mitarbeiter vorsorglich untersucht. Durch den Brand wurde letztlich niemand verletzt. An der betreffenden Maschine entstand jedoch ein Sachschaden in H\u00f6he von circa 10.000 Euro.<\/p>\n<p style=\"text-align: justify;\"><strong>Ostfildern: In Einfamilienhaus eingebrochen<br \/>\n<\/strong>Am Samstag ist es im Zeitraum zwischen 17.00 Uhr und 21.20 Uhr in der Adlerstra\u00dfe zu einem Einbruch in ein Reihenhaus gekommen. Die bislang unbekannte T\u00e4terschaft verschaffte sich \u00fcber das K\u00fcchenfenster gewaltsam Zutritt zum Geb\u00e4ude und entwendete einen Tresor, in welchem sich Bargeld befand. Das Polizeirevier Filderstadt hat mit der Unterst\u00fctzung von Spurensicherungsexperten der Kriminalpolizei die Ermittlungen aufgenommen.<\/p>\n<p style=\"text-align: justify;\"><strong>Wendlingen am Neckar: Heckenbrand<br \/>\n<\/strong>Vermutlich unsachgem\u00e4\u00dfer Umgang mit einem Grill war die Ursache f\u00fcr den Brand einer Hecke am Samstag in der Steig\u00e4ckerstra\u00dfe. Gegen 17.25 Uhr gingen mehrere Notrufe bez\u00fcglich eines Feuers bei der Leitstelle Esslingen ein. Die alarmierten Kr\u00e4fte der Feuerwehr konnten den Brand schnell l\u00f6schen. Ein Passant, welcher zuvor versuchte bei der Bek\u00e4mpfung des Feuers zu helfen, wurde leicht verletzt und durch den ebenfalls verst\u00e4ndigten Rettungsdienst zur ambulanten Behandlung in ein Krankenhaus gebracht. An der Hecke entstand ein Sachschaden in noch unbekannter H\u00f6he.<\/p>\n<p style=\"text-align: justify;\"><strong>N\u00fcrtingen: Radfahrer t\u00f6dlich verungl\u00fcckt<br \/>\n<\/strong>Ein 40-j\u00e4hriger Mann ist bei einem Verkehrsunfall am sp\u00e4ten Freitagabend im Engelbergweg alleinbeteiligt mit seinem Fahrrad gest\u00fcrzt und im weiteren Verlauf seinen schweren Verletzungen erlegen. Der 40-J\u00e4hrige, der zur Unfallzeit keinen Fahrradhelm trug, hatte den Engelbergweg aus Richtung Achalmstra\u00dfe in Richtung Ro\u00dfbergstra\u00dfe befahren und war hier offensichtlich ohne Fremdeinwirkung mit seinem Rad gegen den Bordstein gekommen. Hierdurch kam er zu Sturz und blieb mit seinem Fahrrad auf der Fahrbahn liegen, wo er gegen 22 Uhr durch andere Verkehrsteilnehmer aufgefunden wurde. Trotz sofort eingeleiteter Reanimationsma\u00dfnahmen verstarb der 40-J\u00e4hrige noch an der Unfallstelle. Die Verkehrspolizei Esslingen \u00fcbernahm die polizeilichen Ma\u00dfnahmen vor Ort. Die Ermittlungen zur Unfallursache dauern an.<\/p>\n<p style=\"text-align: justify;\"><strong>Lenningen: Motorradfahrer alleinbeteiligt gest\u00fcrzt<br \/>\n<\/strong>Zu einem Verkehrsunfall mit einem schwerverletzten Kradfahrer ist es es am Freitagnachmittag auf der B 465 bei Lenningen gekommen. Gegen 16.50 Uhr befuhr ein 66-J\u00e4hriger mit seiner KTM die Gutenberger Steige aus Richtung Schopfloch kommend bergabw\u00e4rts. Dabei kam der Motorradfahrer in einer langgezogenen Linkskurve nach rechts von der Fahrbahn ab und prallte hier gegen die dortige B\u00f6schung. Durch den Aufprall st\u00fcrzte der Fahrer, wurde von der B\u00f6schung abgewiesen und blieb schlie\u00dflich verletzt auf der Fahrbahn liegen. Durch Ersthelfer wurde der 66-J\u00e4hrige zun\u00e4chst erstversorgt und anschlie\u00dfend dem Rettungsdienst \u00fcbergeben. Dieser verbrachte den Verletzten zur weiteren Untersuchung in eine Klinik wo er station\u00e4r aufgenommen wurde. Das nicht mehr fahrbereite Motorrad, an welchem ein Schaden in H\u00f6he von etwa 800 Euro entstand, musste abgeschleppt werden. W\u00e4hrend der Unfallaufnahme war die B 465 bis etwa 18.30 Uhr zeitweise gesperrt, wobei es zu leichten Behinderungen kam. Die Ermittlungen zur Unfallursache dauern an.<\/p>\n<p style=\"text-align: justify;\"><strong>Filderstadt-Bonlanden: Leichnam in Koffer &#8211; Tatverd\u00e4chtiger festgenommen<\/strong><br \/>\nEinen Ermittlungserfolg verzeichnet die Soko Trolley im Fall des in einem Koffer in Filderstadt-Bonlanden aufgefundenen, zwischenzeitlich identifizierten, weiblichen Leichnams. Einsatzkr\u00e4fte nahmen am Donnerstag (18.09.2025) einen 51-J\u00e4hrigen aufgrund des Verdachts eines T\u00f6tungsdeliktes vorl\u00e4ufig fest. Der Mann befindet sich bereits in Untersuchungshaft.<br \/>\nIm Zuge der Ermittlungen im Umfeld der Verstorbenen waren die Beamtinnen und Beamten der Soko Trolley durch einen Zeugenhinweis, der kurz vor der Ausstrahlung der TV Sendung Aktenzeichen XY &#8230; ungel\u00f6st eingegangen war, auf die Spur des Mannes gekommen. Nachdem sich der Tatverdacht gegen ihn erh\u00e4rtet hatte, durchsuchten Einsatzkr\u00e4fte auf Grundlage eines von der Staatsanwaltschaft Stuttgart erwirkten, richterlichen Beschluss am Donnerstag die Wohnung des Tatverd\u00e4chtigen und nahmen diesen fest.<br \/>\nDer Mann macht derzeit von seinem Aussageverweigerungsrecht Gebrauch. Er wurde auf Antrag der Staatsanwaltschaft Stuttgart am Freitag (19.09.2025) dem Haftrichter am Amtsgericht Stuttgart vorgef\u00fchrt. Dieser ordnete gegen den t\u00fcrkischen Staatsangeh\u00f6rigen die Untersuchungshaft an.<br \/>\nDie intensiven, kriminalpolizeilichen Ermittlungen der Sonderkommission zu diesem Fall dauern weiter an.<\/p>\n<p style=\"text-align: justify;\"><strong>Aichtal: Verkehrsunfall mit mehreren Beteiligten auf B 27<br \/>\n<\/strong>Ein Verkehrsunfall mit mehreren Verletzten hat sich am Freitagvormittag auf der B 27 in Fahrtrichtung T\u00fcbingen ereignet. Den derzeitigen verkehrspolizeilichen Ermittlungen zufolge war eine 70 Jahre alte Frau gegen neun Uhr mit ihrem Skoda auf der Bundesstra\u00dfe von Filderstadt herkommend unterwegs, wobei sie nach Zeugenangaben bereits vor dem Aichtalparkplatz mittig auf der Fahrbahn fuhr. Im weiteren Verlauf krachte sie mit ihrem Wagen ins Heck eines auf der rechten Spur befindlichen Dacia einer 38-J\u00e4hrigen. Der Dacia wurde durch die Wucht des Aufpralls nach links in die Mittelleitplanken abgewiesen, kam danach nach rechts von der Stra\u00dfe ab und \u00fcberschlug sich in der dortigen B\u00f6schung. Auf der Seite blieb der Wagen schlie\u00dflich liegen. Die Seniorin fuhr mehrere hundert Meter an der B\u00f6schung entlang, ehe der Skoda auch noch mit einem ebenfalls vorausfahrenden VW kollidierte, der von einem 70 Jahre alten Mann gelenkt wurde. Danach stie\u00df der Skoda gegen die mittigen sowie die rechtsseitigen Leitplanken und blieb vor dem VW stehen. Alle Beteiligten erlitten nach derzeitigem Kenntnisstand leichte Verletzungen und wurden vom Rettungsdienst zur weiteren Untersuchung und Behandlung in umliegende Kliniken gebracht. Im Zuge der Unfallaufnahme, des Abtransportes der nicht mehr fahrtauglichen Autos sowie der notwendigen Reinigungsma\u00dfnahmen musste die Richtungsfahrbahn mehrfach kurzzeitig gesperrt werden. Den Gesamtschaden sch\u00e4tzt die Polizei auf circa 60.000 Euro. Neben Rettungsdienst und Polizei waren auch die Feuerwehr sowie die Stra\u00dfenmeisterei an die Unfallstelle ausger\u00fcckt.<\/p>\n<p style=\"text-align: justify;\"><strong>Neuhausen: Auffahrunfall mit Personenschaden<br \/>\n<\/strong>Zwei Verletzte, zwei nicht mehr fahrtaugliche Autos und ein Sachschaden in H\u00f6he von sch\u00e4tzungsweise 20.000 Euro sind die Folgen eines Auffahrunfalls am Donnerstagnachmittag. Gegen 16.50 Uhr befuhr eine 28-j\u00e4hrige Ford-Lenkerin die L 1204 in Richtung Esslingen. Dabei \u00fcbersah sie offenbar, dass sich im Kreuzungsbereich mit der L 1209 \/ N\u00fcrtinger Stra\u00dfe ein R\u00fcckstau gebildet hatte. In der Folge krachte der Ford ins Heck eines bereits stehenden Toyota. Durch die Wucht des Aufpralls l\u00f6sten am Ford die Airbags aus. Die 28-J\u00e4hrige sowie der Toyota-Lenker im Alter von 48 Jahren erlitten beim Unfall ersten Erkenntnissen zufolge leichte Verletzungen. Die Frau wurde vom Rettungsdienst zur weiteren Untersuchung und Behandlung noch in eine Klinik gebracht.<\/p>\n<p style=\"text-align: justify;\"><strong>Neuhausen\/Fildern: Hoher Sachschaden nach Fehler beim Fahrstreifenwechsel<br \/>\n<\/strong>Ein Unfall mit vier beteiligten Fahrzeugen hat sich am Donnerstagmittag auf der L1202 ereignet. Hierbei wechselte auf der Landstra\u00dfe in Fahrtrichtung Neuhausen kurz vor 13 Uhr ein 68-J\u00e4hriger mit seinem Scania Lkw die Fahrspur und \u00fcbersah einen neben ihm fahrenden VW Golf einer 73-J\u00e4hrigen. Infolge der Kollision wurde der Pkw zun\u00e4chst ein St\u00fcck weit durch den Lkw mitgezogen und prallte im Anschluss gegen einen verkehrsbedingt wartenden Opel Astra eines 45 Jahre alten Mannes sowie gegen einen Mini Cooper einer 28-J\u00e4hrigen. Ein 87 Jahre alter Mitfahrer des VW Golf wurde infolge des Unfallgeschehens gl\u00fccklicherweise nur sehr leicht verletzt und konnte durch den Rettungsdienst vor Ort behandelt werden. W\u00e4hrend der Lkw fahrbereit blieb mussten die drei unfallbeteiligten Pkw abgeschleppt werden. F\u00fcr die Unfallaufnahme und die Beseitigung der besch\u00e4digten Fahrzeuge musste die Landesstra\u00dfe kurzzeitig gesperrt werden. Der Gesamtsachschaden wird auf mindestens 18.000 Euro gesch\u00e4tzt.<\/p>\n<p style=\"text-align: justify;\"><strong>Unterensingen: Geb\u00e4udebrand<br \/>\n<\/strong>Zum Brand im Dachstuhl eines Wohngeb\u00e4udes sind die Einsatzkr\u00e4fte von Feuerwehr, Rettungsdienst und Polizei am fr\u00fchen Freitagmorgen in die obere Gasse ausger\u00fcckt. Gegen zwei Uhr gingen mehrere Notrufe bei den Einsatzleitstellen von Feuerwehr und Polizei ein, nachdem von Anwohnern starker Rauch und Feuerschein aus dem Dachstuhl des Mehrfamilienhauses berichtet worden war. Beim Eintreffen der Feuerwehr, die mit sieben Fahrzeuge und 42 Feuerwehrleuten im Einsatz war, schlugen bereits die Flammen aus dem Dach des wegen Renovierungsarbeiten unbewohnten Hauses. Die sofort eingeleiteten L\u00f6scharbeiten und die erforderlichen Nachl\u00f6scharbeiten zogen sich bis in die Morgenstunden hin. Verletzt wurde niemand, sodass der Rettungsdienst, der mit drei Fahrzeugen vor Ort war, nicht eingesetzt werden musste. Der entstandene Sachschaden k\u00f6nnte sich ersten Sch\u00e4tzungen zufolge auf etwa 500.000 bis 600.000 Euro belaufen. Das Polizeirevier N\u00fcrtingen hat die Ermittlungen zur Brandursache aufgenommen.<\/p>\n<p style=\"text-align: justify;\"><strong>Bissingen\/Teck: Schwer verletzter Motorradfahrer<br \/>\n<\/strong>Ersten Erkenntnissen zufolge schwere Verletzungen hat ein Motorradfahrer bei einem Sturz am Donnerstagabend erlitten. Der 60 Jahre alte Mann war auf seiner BMW kurz nach 18 Uhr auf der Vordere Stra\u00dfe unterwegs, als er offenbar beim \u00dcberfahren einer Fr\u00e4skante auf der Fahrbahn die Kontrolle \u00fcber die Maschine verlor und zu Fall kam. Der Rettungsdienst brachte den Mann nachfolgend in eine Klinik. Die BMW war nach dem Sturz noch leicht mit einem am Stra\u00dfenrand geparkten Mercedes kollidiert.<\/p>\n<p style=\"text-align: justify;\"><strong>Owen: Verkehrsunfall mit t\u00f6dlichem Ausgang<br \/>\n<\/strong>Bei einem Verkehrsunfall am Donnerstagvormittag in der Beurener Stra\u00dfe ist ein Mann verstorben. Ein 59-J\u00e4hriger befuhr gegen 10.45 Uhr mit einem Mercedes die Beurener Stra\u00dfe von der Ortsmitte kommend in Richtung Beuren. Dem derzeitigen Stand der Ermittlungen zufolge geriet der Mann aufgrund eines pl\u00f6tzlichen, medizinischen Ereignisses, auf H\u00f6he der Einm\u00fcndung Braike alleinbeteiligt nach links von der Fahrbahn ab und kollidierte mit einem Lichtmast. Mehrere Zeugen hatten den Vorfall beobachtet. Diese leisteten dem 59-J\u00e4hrigen sofort Erste-Hilfe und w\u00e4hlten den Notruf. Trotz eingeleiteter Reanimationsma\u00dfnahmen verstarb der Mann vor Ort. Die Verkehrspolizei T\u00fcbingen hat die Ermittlungen \u00fcbernommen. Der Sachschaden wird auf rund 30.000 Euro gesch\u00e4tzt.<\/p>\n<p style=\"text-align: justify;\"><strong>Lichtenwald: In der \u00d6ffentlichkeit masturbiert (Zeugenaufruf)<br \/>\n<\/strong>Nach einem rund 35 bis 40 Jahre alten Mann, der am Donnerstagabend zwei Fu\u00dfg\u00e4ngerinnen in der Stra\u00dfe Gassen\u00e4cker bel\u00e4stigt hat, fahndet derzeit das Polizeirevier Esslingen. Der Unbekannte war gegen 19.45 Uhr mit einem Fahrrad auf der Stra\u00dfe in Richtung Reichenbach unterwegs, als ihm im Bereich des Friedhofs zwei Fu\u00dfg\u00e4ngerinnen entgegenkamen. Kurz vor diesen soll der Radler seine Geschwindigkeit verringert und im Vorbeifahren masturbiert haben. Anschlie\u00dfend fuhr er davon. Eine eingeleitete Fahndung verlief ohne Erfolg. Von dem T\u00e4ter liegt folgende Personenbeschreibung vor: Er soll zwischen 35 und 40 Jahre alt sowie rund 190 Zentimeter gro\u00df sein. Er hat eine athletische Figur. Der Mann hat vermutlich dunkle Haare und war mit einer schwarzen Radlerhose und einem Radtrikot mit schwarz-blauem Farbverlauf bekleidet. Zudem trug er vermutlich einen dunklen Helm und war mit einem dunklen Rennrad unterwegs. Sachdienliche Hinweise bitte unter Telefon 0711\/3990-0.<\/p>\n<p style=\"text-align: justify;\"><strong>Filderstadt: Vorfahrt missachtet und mit Radlerin kollidiert<br \/>\n<\/strong>Schwere Verletzungen hat am Donnerstagvormittag eine Radfahrerin bei einem Unfall in Filderstadt erlitten. Gegen 10.30 Uhr wollte ein 89 Jahre alter Renault-Fahrer den Kreuzungsbereich der Goethestra\u00dfe zur M\u00f6rikestra\u00dfe \u00fcberqueren. Hierbei \u00fcbersah er eine bevorrechtige 32-j\u00e4hrige Radfahrerin und stie\u00df mit dieser zusammen. Die Frau wurde schwerverletzt in eine Klinik gebracht. Der Sachschaden wird auf rund 4.000 Euro beziffert.<\/p>\n<p style=\"text-align: justify;\"><strong>Esslingen: Autoaufbrecher geschnappt<br \/>\n<\/strong>Aufmerksamen Zeugen ist es zu verdanken, dass am fr\u00fchen Donnerstagmorgen drei Autoaufbrecher unmittelbar nach der Tat vorl\u00e4ufig festgenommen werden konnten. Gegen 1.45 Uhr war die Polizei alarmiert worden, weil sich drei Jugendliche in der M\u00fclbergerstra\u00dfe an einem auf dem Parkplatz der Burg geparkten VW ID.4 zu schaffen gemacht hatten. Zudem konnte das Trio beobachtet werden, wie es eine Scheibe am Auto einschlug und sich so Zugriff zum Fahrzeug verschaffte. Die drei Jugendlichen im Alter von 14 und 15 Jahren konnten im Verlauf der sofort nach der Alarmierung eingeleiteten Fahndungsma\u00dfnahmen noch in unmittelbarer Tatortn\u00e4he angetroffen und vorl\u00e4ufig festgenommen werden. Alle drei wurden zur Durchf\u00fchrung der erforderlichen polizeilichen Ma\u00dfnahmen auf die Dienststelle gebracht. Dabei beleidigte einer der beiden 14-J\u00e4hrigen die eingesetzten Polizeibeamten mit nicht zitierf\u00e4higen Kraftausdr\u00fccken. Zudem ergaben sich Hinweise, dass das Trio m\u00f6glicherweise f\u00fcr weitere Fahrzeugaufbr\u00fcche in der Vergangenheit verantwortlich sein k\u00f6nnte. Das Polizeirevier Esslingen hat die Ermittlungen aufgenommen. Die Jugendlichen wurden nachfolgend ihren Erziehungsberechtigten \u00fcbergeben.<\/p>\n<p style=\"text-align: justify;\"><strong>Neckartailfingen: Telefonbetr\u00fcger am Werk (Warnhinweis)<br \/>\n<\/strong>Ein Mann aus Neckartailfingen ist im Laufe des Dienstags Opfer eines dreisten Telefonbetr\u00fcgers geworden. Der Gesch\u00e4digte hatte am Nachmittag einen Anruf eines Unbekannten erhalten, der sich als Mitarbeiter des Softwareunternehmens Microsoft ausgab und unbefugte Abbuchungen vom Konto des Mannes vorgaukelte. Der Neckartailfinger schenkte dem Betr\u00fcger Glauben und installierte auf seinem Computer eine sogenannte Fernwartungssoftware. Der Kriminelle t\u00e4tigte in der Folge mehrere Sofort\u00fcberweisungen vom Konto des Gesch\u00e4digten. Daraufhin flog der Betrug auf. Informations- und Pr\u00e4ventionstipps zu dieser Betrugsmasche finden Sie unter: <a href=\"https:\/\/www.polizei-beratung.de\/themen-und-tipps\/betrug\/falsche-microsoft-mitarbeiter\/\" target=\"_blank\" rel=\"noopener\">https:\/\/www.polizei-beratung.de\/themen-und-tipps\/betrug\/falsche-microsoft-mitarbeiter\/<\/a><\/p>\n<p style=\"text-align: justify;\"><strong>N\u00fcrtingen-Zizishausen: K\u00fcchenbrand<\/strong><br \/>\nZu einem K\u00fcchenbrand mussten die Einsatzkr\u00e4fte am Dienstagmittag in die Panoramastra\u00dfe in Zizishausen ausr\u00fccken. Gegen 13 Uhr bemerkte die Bewohnerin eines Zweifamilienhauses Brandgeruch aus einer Einliegerwohnung und verst\u00e4ndigte daraufhin die Feuerwehr. Ersten Erkenntnissen nach war ein Holzbrett auf einer versehentlich eingeschalteten Herdplatte in Brand geraten. Die Flammen breiteten sich im Anschluss auf das Mobiliar in der K\u00fcche aus. Durch das rasche Eingreifen der Feuerwehr konnte aber ein weiteres Ausbreiten verhindert werden. Die weiteren R\u00e4ume wurden lediglich durch den Rauch in Mitleidenschaft gezogen. Der Schaden bel\u00e4uft sich einer ersten Sch\u00e4tzung nach auf etwa 50.000 Euro. Verletzt wurde niemand.<\/p>\n<p style=\"text-align: justify;\"><strong>Esslingen: M\u00fcllcontainer in Brand gesteckt<br \/>\n<\/strong>Wegen des Verdachts der Sachbesch\u00e4digung durch Brandlegung ermittelt der Polizeiposten Oberesslingen seit Dienstagmorgen gegen einen Unbekannten. Kurz nach acht Uhr hatte ein Zeuge einen brennenden M\u00fcllcontainer auf einem Schulgel\u00e4nde in der Flandernstra\u00dfe entdeckt. Der Mann konnte unter Zuhilfenahme eines Feuerl\u00f6schers den Brand des 1.100 Liter fassenden Beh\u00e4ltnisses abl\u00f6schen. Der entstandene Schaden wird auf rund 1.000 Euro gesch\u00e4tzt.<\/p>\n<p style=\"text-align: justify;\"><strong>Aichtal: Zeugen zu Streit im Stra\u00dfenverkehr gesucht<br \/>\n<\/strong>Die Verkehrspolizei Esslingen sucht Zeugen zu Streitigkeiten im Stra\u00dfenverkehr, die am Dienstagmorgen zu einem Leichtverletzten gef\u00fchrt haben. Nach derzeitigem Kenntnisstand war ein 38 Jahre alter Hyundai-Lenker gegen acht Uhr auf der B 312 von Reutlingen herkommend unterwegs und verlie\u00df die Bundesstra\u00dfe an der Anschlussstelle Aichtal in Richtung Aich. An der Einm\u00fcndung mit der Neckartailfinger Stra\u00dfe soll ihm ein 55-J\u00e4hriger mit einem Peugeot die Vorfahrt genommen haben, wobei es jedoch zu keinem Verkehrsunfall kam. Auf der weiteren Fahrt in Richtung Aich soll der 38-J\u00e4hrige den vorausfahrenden 55-J\u00e4hrigen mit einer Geste beleidigt haben, weshalb beide Fahrer auf H\u00f6he der Hausnummer 6 stoppten. Nachdem der 55-J\u00e4hrige ausgestiegen war, versuchte der Hyundai-Lenker offenbar durch Rangieren an dem Peugeot vorbeizufahren, wobei er mit diesem kollidierte. Im weiteren Verlauf soll der 38-J\u00e4hrige, der nicht im Besitz einer Fahrerlaubnis ist, den 55-J\u00e4hrigen leicht angefahren haben. Dieser erlitt leichte Verletzungen, die vor Ort jedoch nicht versorgt werden mussten. Der Schaden an den Autos betr\u00e4gt jeweils sch\u00e4tzungsweise 450 Euro. Zeugenhinweise werden unter der Telefonnummer 0711\/3990-420 entgegengenommen.<\/p>\n<p style=\"text-align: justify;\"><strong>Frickenhausen: Nach Unfall ins Krankenhaus gebracht<br \/>\n<\/strong>Eine Radfahrerin ist am Montagnachmittag nach einem Verkehrsunfall vom Rettungsdienst ins Krankenhaus gebracht worden. Die 18-J\u00e4hrige war kurz nach 16.30 Uhr auf der Steinachstra\u00dfe unterwegs, als sie den derzeitigen Ermittlungen zufolge aufgrund nicht angepasster Geschwindigkeit und Unachtsamkeit mit dem entgegenkommenden Audi einer 34 Jahre alten Frau kollidierte. Anschlie\u00dfend st\u00fcrzte die Heranwachsende zu Boden und erlitt nach aktuellem Kenntnisstand leichte Verletzungen. Am Pkw, an dem der linke Au\u00dfenspiegel abgerissen worden war, entstand Sachschaden in H\u00f6he von sch\u00e4tzungsweise 1.500 Euro. Der Schaden am Fahrrad betr\u00e4gt circa 150 Euro.<\/p>\n<p style=\"text-align: justify;\"><strong>Bempflingen: Unfall mit verletztem Radfahrer<br \/>\n<\/strong>Ein verletzter Radfahrer musste nach einem Verkehrsunfall am Montagabend in Bempflingen in eine Klinik gebracht werden. Ein 22-J\u00e4hriger wollte kurz nach 18.30 Uhr mit einem Nissan von der Gro\u00dfbettlinger Stra\u00dfe aus nach links abbiegen. Hierbei \u00fcbersah der Autofahrer den entgegenkommenden, 70 Jahre alten Radler auf seinem Pedelec. Durch die Kollision kam der Senior zu Fall und musste zur medizinischen Versorgung mit einem Rettungswagen in das Krankenhaus gebracht werden. Der Schaden bel\u00e4uft sich auf etwa 4.000 Euro.<\/p>\n<p style=\"text-align: justify;\"><strong>N\u00fcrtingen: Zwei Motorradfahrer zusammengesto\u00dfen<br \/>\n<\/strong>Zwei Motorradfahrer sind am Montagvormittag auf der B 313 zusammengesto\u00dfen. Ein 21-J\u00e4hriger war kurz vor zehn Uhr mit einer Yamaha auf der Bundesstra\u00dfe in Richtung Metzingen unterwegs. Kurz nach der Abzweigung zur S\u00fcdumgehung bremste er mit seiner Maschine ab, da er wenden wollte. Ein nachfolgender, 19 Jahre alter Kawasaki-Lenker konnte nicht mehr reagieren und fuhr auf den vorausfahrenden Zweiradlenker auf. Beide st\u00fcrzten im Anschluss zu Boden. Der 19-J\u00e4hrige musste mit einem Rettungswagen in eine Klinik gebracht und dort station\u00e4r aufgenommen werden. Der Schaden an den beiden Motorr\u00e4dern bel\u00e4uft sich auf zirka 6.000 Euro.<\/p>\n<p style=\"text-align: justify;\"><strong>Weilheim: Kind fuhr nach Unfall weiter (Zeugenaufruf)<br \/>\n<\/strong>Ein Kind ist am Montagabend nach einem Verkehrsunfall in Weilheim weitergefahren und m\u00f6glicherweise verletzt worden. Ein 20-J\u00e4hriger befuhr gegen 19.40 Uhr mit einem Audi die Obere Grabenstra\u00dfe in Richtung einer Tankstelle. Auf H\u00f6he der Einm\u00fcndung Weilerweg \u00fcberquerte ein etwa zehn bis 13 Jahre altes M\u00e4dchen auf seinem Fahrrad an der dortigen Ampel die Fahrbahn. Der Autofahrer konnte trotz einer Vollbremsung einen Zusammensto\u00df nicht verhindern. Die Radfahrerin st\u00fcrzte daraufhin zu Boden. Anschlie\u00dfend stieg sie auf ihr Rad und fuhr davon. Der Autofahrer meldete den Unfall im Anschluss der Polizei. Er konnte nicht angeben, ob sich das M\u00e4dchen m\u00f6glicherweise verletzt hatte. Hinweise zu dem Kind werden an das Polizeirevier Kirchheim unter Telefon 07021\/501-0 erbeten.<\/p>\n<p style=\"text-align: justify;\"><strong>Plochingen: Polizisten angegriffen<br \/>\n<\/strong>Ein t\u00e4tlicher Angriff auf Polizeibeamte hat sich am sp\u00e4ten Montagabend am Bahnhof in Plochingen ereignet. Nachdem dort bereits zuvor ein 45-J\u00e4hriger mehrfach durch aggressives Verhalten aufgefallen war, erhielt dieser durch Polizeibeamte einen Platzverweis ausgesprochen, dem er zun\u00e4chst Folge leistete. Gegen 23.15 Uhr kehrte er jedoch zum Bahnhof zur\u00fcck und fiel Passanten erneut auf, nicht zuletzt machte er einen stark alkoholisierten Eindruck. Eine erneut anr\u00fcckende Polizeistreife stellte bei dem Mann eine deutliche Alkoholisierung fest, nahm ihn in Gewahrsam und legte ihm dazu Handschlie\u00dfen an. Der 40-J\u00e4hrige leistete hierbei massiven Widerstand und versuchte mehrfach die Beamten zu schlagen und zu treten. Er musste im Anschluss die Nacht in der Gewahrsamseinrichtung des Polizeireviers Esslingen verbringen.<\/p>\n<p style=\"text-align: justify;\"><strong>Filderstadt-Bonlanden: Leichnam in Koffer in Filderstadt aufgefunden &#8211; Soko Trolley bittet um Hinweise zum Koffer &#8211; Fall bei Aktenzeichen XY&#8230;ungel\u00f6st &#8211; Belohnung ausgelobt<\/strong><\/p>\n<figure id=\"attachment_158115\" aria-describedby=\"caption-attachment-158115\" style=\"width: 696px\" class=\"wp-caption aligncenter\"><img loading=\"lazy\" decoding=\"async\" class=\"size-large wp-image-158115\" src=\"https:\/\/die-webzeitung.de\/stuttgart\/wp-content\/uploads\/sites\/4\/2025\/09\/Koffer1-scaled-large.jpg\" alt=\"\" width=\"696\" height=\"696\" srcset=\"https:\/\/die-webzeitung.de\/stuttgart\/wp-content\/uploads\/sites\/4\/2025\/09\/Koffer1-scaled.jpg 1024w, https:\/\/die-webzeitung.de\/stuttgart\/wp-content\/uploads\/sites\/4\/2025\/09\/Koffer1-300x300.jpg 300w, https:\/\/die-webzeitung.de\/stuttgart\/wp-content\/uploads\/sites\/4\/2025\/09\/Koffer1-150x150.jpg 150w, https:\/\/die-webzeitung.de\/stuttgart\/wp-content\/uploads\/sites\/4\/2025\/09\/Koffer1-768x768.jpg 768w, https:\/\/die-webzeitung.de\/stuttgart\/wp-content\/uploads\/sites\/4\/2025\/09\/Koffer1-1536x1536.jpg 1536w, https:\/\/die-webzeitung.de\/stuttgart\/wp-content\/uploads\/sites\/4\/2025\/09\/Koffer1-2048x2048.jpg 2048w, https:\/\/die-webzeitung.de\/stuttgart\/wp-content\/uploads\/sites\/4\/2025\/09\/Koffer1-420x420.jpg 420w, https:\/\/die-webzeitung.de\/stuttgart\/wp-content\/uploads\/sites\/4\/2025\/09\/Koffer1-696x696.jpg 696w, https:\/\/die-webzeitung.de\/stuttgart\/wp-content\/uploads\/sites\/4\/2025\/09\/Koffer1-1068x1068.jpg 1068w, https:\/\/die-webzeitung.de\/stuttgart\/wp-content\/uploads\/sites\/4\/2025\/09\/Koffer1-1920x1920.jpg 1920w\" sizes=\"auto, (max-width: 696px) 100vw, 696px\" \/><figcaption id=\"caption-attachment-158115\" class=\"wp-caption-text\">Vergleichskoffer<\/figcaption><\/figure>\n<p style=\"text-align: justify;\">Im Fall des Ende August in Bonlanden in einem Koffer aufgefundenen Leichnams laufen die Ermittlungen der Soko Trolley weiterhin auf Hochtouren. Mittlerweile gingen bei den Ermittlern \u00fcber 100 Hinweise ein, die bislang jedoch nicht zur Aufkl\u00e4rung der Todesumst\u00e4nde der 40 Jahre alten Frau aus Stuttgart f\u00fchrten.<\/p>\n<p style=\"text-align: justify;\">Mit der Ver\u00f6ffentlichung eines Vergleichsbildes des Koffers, in dem der Leichnam gefunden wurde, erhoffen sich die Beamten weitere Hinweise zur Kl\u00e4rung des Falls. Es handelt sich um einen beigefarbenen Rollkoffer der Marke &#8220;Juicy Couture&#8221; in einer Gr\u00f6\u00dfe von 70 x 46 x 25 cm.<\/p>\n<p style=\"text-align: justify;\">Die Ermittler stellen hierzu folgende Fragen:<\/p>\n<p style=\"text-align: justify;\">&#8211; Wer kennt einen solchen Koffer?<br \/>\n&#8211; Wem ist in der Zeit zwischen dem 22. Juli und dem 28. August<br \/>\netwas Verd\u00e4chtiges oder eine Person mit Koffer in dem Wohngebiet<br \/>\nam n\u00f6rdlichen Ortsrand von Bonlanden aufgefallen?<br \/>\nDer Fall wird auch in der Sendung Aktenzeichen XY&#8230;ungel\u00f6st am 17. September 2025 um 20.15 Uhr im ZDF ausgestrahlt. Ein Ermittler der Soko Trolley wird bei Rudi Cerne im Studio zu Gast sein und am Hinweistelefon Anrufe entgegennehmen.<\/p>\n<p style=\"text-align: justify;\">Von Seiten der Staatsanwaltschaft Stuttgart wurde mittlerweile eine Belohnung in H\u00f6he von 1.000 Euro f\u00fcr die Aufkl\u00e4rung einer Straftat ausgelobt. Diese Belohnung ist ausschlie\u00dflich f\u00fcr Privatpersonen und nicht f\u00fcr Amtstr\u00e4ger bestimmt, zu deren Berufspflicht die Verfolgung von strafbaren Handlungen geh\u00f6rt. \u00dcber die Zuerkennung und Verteilung wird unter Ausschluss des Rechtswegs entschieden.<\/p>\n<p style=\"text-align: justify;\">Die Sonderkommision nimmt weiterhin Hinweise unter Telefon 0711\/3990-660 (rund um die Uhr) entgegen. Die Sonderkommission ist auch per E-Mail unter <a href=\"mailto:esslingen.kd.soko-hinweis@polizei.bwl.de\" target=\"_blank\" rel=\"noopener\">esslingen.kd.soko-hinweis@polizei.bwl.de<\/a> zu erreichen.<\/p>\n<p style=\"text-align: justify;\"><strong>Kohlberg: Baumaschinen von Betriebsgel\u00e4nde gestohlen (Zeugenaufruf)<br \/>\n<\/strong>Baumaschinen im Wert von etwa 10.000 Euro hat ein Unbekannter in der Nacht zum Montag von einem Betriebsgel\u00e4nde in der Philipp-Jakob-Manz-Stra\u00dfe entwendet. Zun\u00e4chst verschaffte sich der T\u00e4ter gewaltsam \u00fcber eine Zaunt\u00fcr Zutritt zum Gel\u00e4nde. Dort trat er die Scheiben eines Tores ein und gelangte so ins Innere der Hallen. Daraus entwendete er Baumaschinen. Zudem besch\u00e4digte der Unbekannte das an einem Anh\u00e4nger angebrachte Schloss und stahl von diesem ebenfalls Bauger\u00e4te. Der Polizeiposten Neuffen ermittelt und bittet unter Telefon 07025\/91169-0 um Zeugenhinweise.<\/p>\n<p style=\"text-align: justify;\"><strong>Esslingen: Scheibe von Pkw eingeschlagen<br \/>\n<\/strong>Ein Unbekannter hat von Sonntag auf Montag einen Pkw auf dem Parkplatz Burg mit brachialer Gewalt aufgebrochen. Der T\u00e4ter schlug dazu zwischen 20.30 Uhr und 10.05 Uhr mit einem gro\u00dfen Stein die Seitenscheibe eines Opel Agila ein und durchw\u00fchlte im Anschluss den Wagen. Hierbei erbeutete er einen geringen Bargeldbetrag. Der angerichtete Sachschaden betr\u00e4gt rund 1.000 Euro.<\/p>\n<p style=\"text-align: justify;\"><strong>N\u00fcrtingen: In der \u00d6ffentlichkeit selbst befriedigt (Zeugenaufruf)<br \/>\n<\/strong>Nach einem Exhibitionisten, der am fr\u00fchen Samstagmorgen aufgetreten ist, fahndet derzeit das Polizeirevier N\u00fcrtingen. Der Unbekannte war gegen 1.30 Uhr im Einsteinweg unterwegs, als er auf H\u00f6he zweier Frauen auf der gegen\u00fcberliegenden Stra\u00dfenseite stehen blieb und offenbar onanierte. Nachdem er von einer der Frauen angesprochen worden war, ging er in Richtung Robert-Mayer-Stra\u00dfe davon. Der Mann war von kr\u00e4ftiger Statur und mit einer schwarzen Hose sowie einem schwarzen Kapuzenpullover bekleidet. Au\u00dferdem f\u00fchrte er einen Rucksack mit sich. Zeugenhinweise werden unter der Telefonnummer 07022\/9224-0 entgegengenommen.<\/p>\n<p style=\"text-align: justify;\"><strong>Kirchheim: Umh\u00e4ngetasche geraubt<br \/>\n<\/strong>Einem 28-J\u00e4hrigen ist am Sonntagmorgen in der Alleenstra\u00dfe eine Umh\u00e4ngetasche geraubt worden. Der Mann war gegen 6.40 Uhr zu Fu\u00df unterwegs, als er vor einem dortigen Bankgeb\u00e4ude von vier maskierten Personen angegangen wurde. Diese sollen auf den 28-J\u00e4hrigen eingeschlagen, dessen Umh\u00e4ngetasche entrissen und anschlie\u00dfend in Richtung Schlossplatz gefl\u00fcchtet sein. Der leicht verletzte Gesch\u00e4digte wurde zur weiteren Untersuchung vom Rettungsdienst ins Krankenhaus gebracht. Im Zuge einer eingeleiteten Fahndung konnte die geraubte Tasche im Bereich einer nahegelegenen Tiefgarage aufgefunden und sichergestellt werden. Eine genauere Personenbeschreibung der T\u00e4ter liegt nicht vor. Die Ermittlungen dauern an.<\/p>\n<p style=\"text-align: justify;\"><strong>N\u00fcrtingen: Mit Ampel kollidiert<br \/>\n<\/strong>F\u00fcr Behinderungen im morgendlichen Berufsverkehr hat ein Verkehrsunfall am Sonntagabend an der Einm\u00fcndung S\u00fcdumgehung\/Metzinger Stra\u00dfe gesorgt. Ein 26-J\u00e4hriger war kurz nach 23 Uhr mit einer Mercedes A-Klasse von der S\u00fcdumgehung aus nach links auf die B313 in Richtung Gro\u00dfbettlingen abgebogen. Dabei wich er eigenen Angaben zufolge einem Wildtier aus, \u00fcberfuhr mit seinem Wagen daraufhin eine Verkehrsinsel und kollidierte mit einem Verkehrsschild sowie der Ampel. Diese fiel infolge des Zusammensto\u00dfes komplett aus. Den entstandenen Sachschaden sch\u00e4tzt die Polizei auf rund 20.000 Euro. Der Mercedes musste abgeschleppt werden. Bis zum Abschluss der Reparaturarbeiten an der Ampelanlage am Montag, kurz nach 10.30 Uhr, kam es zu Behinderungen im morgendlichen Berufsverkehr. Dieser musste unter anderem durch eine Streifenwagenbesatzung geregelt werden.<\/p>\n<p style=\"text-align: justify;\"><strong>Wernau: Schussabgabe nach Auseinandersetzung (Zeugenaufruf)<br \/>\n<\/strong>Zeugen zu einem Vorfall, der sich am Sonntagabend in der Keplerstra\u00dfe ereignet hat, sucht der Polizeiposten Wernau. Mehrere Anwohner hatten kurz vor 20.30 Uhr die Polizei verst\u00e4ndigt, nachdem es zwischen mehreren M\u00e4nnern auf offener Stra\u00dfe zu einer verbalen sowie k\u00f6rperlichen Auseinandersetzung gekommen war. Einer der Beteiligten soll dabei auch einen Schuss aus einer Pistole in die Luft angegeben haben, worauf alle Personen zu Fu\u00df oder in zwei Fahrzeugen fl\u00fcchteten. Verletzt wurde Zeugenangaben zufolge niemand. Bei einem der Fahrzeuge soll es sich um einen silberfarbenen BMW gehandelt haben. Eine eingeleitete Fahndung mit mehreren Streifenwagenbesatzungen verlief ohne Erfolg. Vor Ort stellten die Beamten Munition einer Schreckschusswaffe sicher. Zeugen, die der Polizei bislang noch nicht bekannt sind und die am Sonntagabend insbesondere im Bereich der Keplerstra\u00dfe verd\u00e4chtige Wahrnehmungen gemacht haben, werden gebeten, sich unter Telefon 07153\/97240 zu melden.<\/p>\n<p style=\"text-align: justify;\"><strong>Schlaitdorf: Vorfahrt missachtet und Pkw-Lenkerin verletzt<br \/>\n<\/strong>Bei einem Verkehrsunfall an der Kreuzung eines Feldweges am Sonntagnachmittag bei Schlaitdorf ist eine Pkw-Lenkerin leicht verletzt worden. Kurz vor 14.30 Uhr fuhr ein 19-j\u00e4hriger Mercedes-Fahrer offensichtlich ohne auf den Verkehr zu achten von einem Feldweg auf die K1235 ein und kollidierte hierbei mit einem aus der Fahrtrichtung Neckartenzlingen kommenden Nissan Micra, den eine 51-J\u00e4hrige steuerte. Der Rettungsdienst brachte die verletzte 51-J\u00e4hrige nach der Erstversorgung vor Ort in eine Klinik. Infolge des heftigen Zusammenpralls wurden die beiden Pkw so schwer besch\u00e4digt, dass sie abgeschleppt werden mussten. Der Sachschaden d\u00fcrfte rund 15.000 Euro betragen.<\/p>\n<hr \/>\n<p style=\"text-align: justify;\">\n","protected":false},"excerpt":{"rendered":"<p>Quelle: ots Bissingen an der Teck: Maschinenbrand verursacht Sachschaden Aufgrund eines technischen Defekts ist es am Samstagvormittag bei einer Firma in der Stra\u00dfe Alte Weberei zu einem Brand einer Maschine gekommen. Gegen 11.15 Uhr stellte ein Mitarbeiter eine Brandentwicklung im Inneren einer L\u00fcftungs- bzw. Absauganlage fest. Den etwa 15 anwesenden Mitarbeitern gelang es zun\u00e4chst den [&hellip;]<\/p>\n","protected":false},"author":4,"featured_media":152245,"comment_status":"closed","ping_status":"open","sticky":false,"template":"","format":"standard","meta":{"inline_featured_image":false,"_exactmetrics_skip_tracking":false,"_exactmetrics_sitenote_active":false,"_exactmetrics_sitenote_note":"","_exactmetrics_sitenote_category":0,"footnotes":""},"categories":[11240],"tags":[14857,14440,68,205,1625],"class_list":{"0":"post-158082","1":"post","2":"type-post","3":"status-publish","4":"format-standard","5":"has-post-thumbnail","7":"category-region-esslingen","8":"tag-die-webzeitung","9":"tag-esslingen","10":"tag-online-zeitung","11":"tag-polizei","12":"tag-report"},"image_feature":"https:\/\/die-webzeitung.de\/stuttgart\/wp-content\/uploads\/sites\/4\/2024\/02\/Polizei-Pix-scaled.jpg","author_name":"Redaktion","pure_taxonomies":{"categories":[{"term_id":11240,"name":"Polizei-Report Esslingen","slug":"region-esslingen","term_group":0,"term_taxonomy_id":11278,"taxonomy":"category","description":"Polizeiberichte aus der Region des Landkreises Esslingen","parent":1619,"count":69,"filter":"raw","image":""}],"tags":[{"term_id":14857,"name":"Die-Webzeitung","slug":"die-webzeitung","term_group":0,"term_taxonomy_id":14876,"taxonomy":"post_tag","description":"","parent":0,"count":3623,"filter":"raw","image":""},{"term_id":14440,"name":"Esslingen","slug":"esslingen","term_group":0,"term_taxonomy_id":3885,"taxonomy":"post_tag","description":"","parent":0,"count":202,"filter":"raw","image":""},{"term_id":68,"name":"Online-Zeitung","slug":"online-zeitung","term_group":0,"term_taxonomy_id":69,"taxonomy":"post_tag","description":"","parent":0,"count":3593,"filter":"raw","image":""},{"term_id":205,"name":"Polizei","slug":"polizei","term_group":0,"term_taxonomy_id":208,"taxonomy":"post_tag","description":"","parent":0,"count":277,"filter":"raw","image":""},{"term_id":1625,"name":"Report","slug":"report","term_group":0,"term_taxonomy_id":1634,"taxonomy":"post_tag","description":"","parent":0,"count":210,"filter":"raw","image":""}]},"_links":{"self":[{"href":"https:\/\/die-webzeitung.de\/stuttgart\/wp-json\/wp\/v2\/posts\/158082","targetHints":{"allow":["GET"]}}],"collection":[{"href":"https:\/\/die-webzeitung.de\/stuttgart\/wp-json\/wp\/v2\/posts"}],"about":[{"href":"https:\/\/die-webzeitung.de\/stuttgart\/wp-json\/wp\/v2\/types\/post"}],"author":[{"embeddable":true,"href":"https:\/\/die-webzeitung.de\/stuttgart\/wp-json\/wp\/v2\/users\/4"}],"replies":[{"embeddable":true,"href":"https:\/\/die-webzeitung.de\/stuttgart\/wp-json\/wp\/v2\/comments?post=158082"}],"version-history":[{"count":14,"href":"https:\/\/die-webzeitung.de\/stuttgart\/wp-json\/wp\/v2\/posts\/158082\/revisions"}],"predecessor-version":[{"id":158157,"href":"https:\/\/die-webzeitung.de\/stuttgart\/wp-json\/wp\/v2\/posts\/158082\/revisions\/158157"}],"wp:featuredmedia":[{"embeddable":true,"href":"https:\/\/die-webzeitung.de\/stuttgart\/wp-json\/wp\/v2\/media\/152245"}],"wp:attachment":[{"href":"https:\/\/die-webzeitung.de\/stuttgart\/wp-json\/wp\/v2\/media?parent=158082"}],"wp:term":[{"taxonomy":"category","embeddable":true,"href":"https:\/\/die-webzeitung.de\/stuttgart\/wp-json\/wp\/v2\/categories?post=158082"},{"taxonomy":"post_tag","embeddable":true,"href":"https:\/\/die-webzeitung.de\/stuttgart\/wp-json\/wp\/v2\/tags?post=158082"}],"curies":[{"name":"wp","href":"https:\/\/api.w.org\/{rel}","templated":true}]}}