{"id":158064,"date":"2025-09-20T19:29:28","date_gmt":"2025-09-20T18:29:28","guid":{"rendered":"https:\/\/die-webzeitung.de\/stuttgart\/?p=158064"},"modified":"2025-09-21T10:12:13","modified_gmt":"2025-09-21T09:12:13","slug":"stuttgart-ist-vorreiter-bei-der-digitalisierung","status":"publish","type":"post","link":"https:\/\/die-webzeitung.de\/stuttgart\/2025\/09\/20\/stuttgart-ist-vorreiter-bei-der-digitalisierung\/","title":{"rendered":"Stuttgart ist Vorreiter bei der Digitalisierung"},"content":{"rendered":"<h4 style=\"text-align: justify;\"><strong>Landeshauptstadt klettert auf Platz drei im bundesweiten Bitkom-Digitalranking 2025 <\/strong><\/h4>\n<p style=\"text-align: justify;\">STUTTGART.| Stuttgart wird am 30. September 2025 bei der Smart Country Convention in Berlin als eine der f\u00fchrenden St\u00e4dte bei der Digitalisierung mit dem Smart City Award ausgezeichnet.<\/p>\n<p style=\"text-align: justify;\">Der Digitalverband Bitkom hat zum siebten Mal den Grad der Digitalisierung aller deutschen\u00a0Gro\u00dfst\u00e4dte anhand von f\u00fcnf zentralen Kategorien bewertet: Stuttgart konnte vor allem in den\u00a0Bereichen Energie und Umwelt, IT, Kommunikation und Mobilit\u00e4t punkten. Beim Bitkom<\/p>\n<p style=\"text-align: justify;\">Smart City Index handelt es sich um das bedeutendste Digitalranking der deutschen Gro\u00dfst\u00e4dte, das der Digitalverband Bitkom herausgibt. Stuttgart erreicht eine Gesamtpunktzahl von 88 von 100 m\u00f6glichen Punkten.<\/p>\n<p style=\"text-align: justify;\">Stuttgarts Erster B\u00fcrgermeister, Dr. Fabian Mayer, zust\u00e4ndig f\u00fcr das st\u00e4dtische\u00a0Digitalisierungsamt, sagt: \u201eToller Erfolg f\u00fcr die Landeshauptstadt! Stuttgart spielt beim Zukunftsthema Digitalisierung mittlerweile ganz vorne mit in Deutschland. Der Bitkom-Index schafft Transparenz und erm\u00f6glicht es, unseren digitalen Reifegrad im Vergleich zu anderen\u00a0St\u00e4dten zu bestimmen. Die Platzierung unter den Top 3 hinter den f\u00fchrenden St\u00e4dten\u00a0M\u00fcnchen und Hamburg st\u00e4rkt Stuttgarts Position als eine der digital fortschrittlichsten Gro\u00dfst\u00e4dte Deutschlands.\u201c<\/p>\n<p style=\"text-align: justify;\"><strong>Ansporn, weiter an der digitalen Transformation zu arbeiten <\/strong><\/p>\n<p style=\"text-align: justify;\">Mayer betont: \u201eDas Ergebnis des Smart City\u2010Rankings belegt, dass wir mit unserer\u00a0Digitalisierungsoffensive und den Investitionen der Vorjahre auf dem richtigen Weg sind. Der\u00a0Aufstieg von Platz 7 im letzten Jahr auf Rang 3 ist ein ermutigender Schritt nach vorne und Ansporn, kontinuierlich weiter an der digitalen Transformation zu arbeiten. Es freut mich besonders, dass wir uns auch im Teilbereich ,Verwaltung\u2018 um 36 Pl\u00e4tze verbessern konnten. Mein Dank gilt allen Mitarbeitenden der Stadt Stuttgart, deren engagierte Arbeit diesen Erfolg\u00a0erm\u00f6glicht hat.\u201c Der Erste B\u00fcrgermeister weiter: \u201eInsbesondere im Bereich OnlineTerminvereinbarung und Onlinezugangsgesetz haben wir eine Spitzenposition eingenommen. Uns ist bewusst, dass wir noch weiteres Potenzial aussch\u00f6pfen k\u00f6nnen. Stuttgart soll in den kommenden Jahren f\u00fcr alle B\u00fcrgerinnen und B\u00fcrger noch intelligenter, lebenswerter und vernetzter werden.\u201c<\/p>\n<p style=\"text-align: justify;\">In den f\u00fcnf unterschiedlichen Kategorien konnte Stuttgart mit folgenden Projekten gl\u00e4nzen: Im Bereich \u201eVerwaltung\u201c \u00fcberzeugten insbesondere die Online-Terminvergabe, das\u00a0Serviceportal sowie Bev\u00f6lkerungsanliegen wie der st\u00e4dtische Chatbot und der\u00a0M\u00e4ngelmelder. Bei \u201eEnergie und Umwelt\u201c erhielten die intelligente Stra\u00dfenbeleuchtung, das Umweltmonitoring und der hohe Anteil an E\u2010Fahrzeugen sehr hohe Punktwerte. Aus der Rubrik \u201eIT und Kommunikation\u201c stechen das st\u00e4dtische Geoportal, 5G, das Open Data Portal und die Smart City Daten mit der H\u00f6chstpunktzahl 100 hervor. Im Hinblick auf \u201eMobilit\u00e4t\u201c profiliert sich die Stadtverwaltung mit dem smarten Verkehrsmanagement, den Sharing\u2010Angeboten und dem smarten \u00d6PNV. In der Kategorie \u201eGesellschaft und Bildung\u201c sind die Digital\u2010Szene, die \u00d6ffentlichkeitsbeteiligung und die Digitalkompetenz hervorzuheben. Detailinformationen zu einem Gro\u00dfteil der Projekte sind im Digitalmonitor der Landeshauptstadt Stuttgart abzurufen.<\/p>\n<p style=\"text-align: justify;\">Die Stadtverwaltung wird auch k\u00fcnftig wichtige Investitionen in die digitale Infrastruktur t\u00e4tigen und innovative L\u00f6sungen f\u00f6rdern. Das Ziel ist es, die Lebensqualit\u00e4t der B\u00fcrgerinnen und B\u00fcrger weiter zu verbessern, die Wirtschaft zu st\u00e4rken und die Effizienz der Stadtverwaltung nachhaltig zu steigern. Das Smart City Ranking ist als interaktive OnlineKarte unter <a href=\"http:\/\/www.smart\u2010city\u2010index.de\" target=\"_blank\" rel=\"noopener\">www.smart\u2010city\u2010index.de<\/a> verf\u00fcgbar.<\/p>\n<hr \/>\n<p style=\"text-align: justify;\">\n","protected":false},"excerpt":{"rendered":"<p>Landeshauptstadt klettert auf Platz drei im bundesweiten Bitkom-Digitalranking 2025 STUTTGART.| Stuttgart wird am 30. September 2025 bei der Smart Country Convention in Berlin als eine der f\u00fchrenden St\u00e4dte bei der Digitalisierung mit dem Smart City Award ausgezeichnet. Der Digitalverband Bitkom hat zum siebten Mal den Grad der Digitalisierung aller deutschen\u00a0Gro\u00dfst\u00e4dte anhand von f\u00fcnf zentralen Kategorien [&hellip;]<\/p>\n","protected":false},"author":4,"featured_media":158065,"comment_status":"closed","ping_status":"open","sticky":false,"template":"","format":"standard","meta":{"inline_featured_image":false,"_exactmetrics_skip_tracking":false,"_exactmetrics_sitenote_active":false,"_exactmetrics_sitenote_note":"","_exactmetrics_sitenote_category":0,"footnotes":""},"categories":[2239],"tags":[14857,14422,68,275,17843],"class_list":{"0":"post-158064","1":"post","2":"type-post","3":"status-publish","4":"format-standard","5":"has-post-thumbnail","7":"category-stuttgart-lokal","8":"tag-die-webzeitung","9":"tag-digitalisierung","10":"tag-online-zeitung","11":"tag-stuttgart","12":"tag-transformation"},"image_feature":"https:\/\/die-webzeitung.de\/stuttgart\/wp-content\/uploads\/sites\/4\/2025\/09\/future-4127468_1280-scaled.jpg","author_name":"Redaktion","pure_taxonomies":{"categories":[{"term_id":2239,"name":"Stuttgart","slug":"stuttgart-lokal","term_group":0,"term_taxonomy_id":2252,"taxonomy":"category","description":"Berichte und Informationen aus Stuttgart","parent":1433,"count":941,"filter":"raw","image":""}],"tags":[{"term_id":14857,"name":"Die-Webzeitung","slug":"die-webzeitung","term_group":0,"term_taxonomy_id":14876,"taxonomy":"post_tag","description":"","parent":0,"count":3623,"filter":"raw","image":""},{"term_id":14422,"name":"Digitalisierung","slug":"digitalisierung","term_group":0,"term_taxonomy_id":14456,"taxonomy":"post_tag","description":"","parent":0,"count":5,"filter":"raw","image":""},{"term_id":68,"name":"Online-Zeitung","slug":"online-zeitung","term_group":0,"term_taxonomy_id":69,"taxonomy":"post_tag","description":"","parent":0,"count":3593,"filter":"raw","image":""},{"term_id":275,"name":"Stuttgart","slug":"stuttgart","term_group":0,"term_taxonomy_id":281,"taxonomy":"post_tag","description":"","parent":0,"count":1194,"filter":"raw","image":""},{"term_id":17843,"name":"Transformation","slug":"transformation","term_group":0,"term_taxonomy_id":17862,"taxonomy":"post_tag","description":"","parent":0,"count":2,"filter":"raw","image":""}]},"_links":{"self":[{"href":"https:\/\/die-webzeitung.de\/stuttgart\/wp-json\/wp\/v2\/posts\/158064","targetHints":{"allow":["GET"]}}],"collection":[{"href":"https:\/\/die-webzeitung.de\/stuttgart\/wp-json\/wp\/v2\/posts"}],"about":[{"href":"https:\/\/die-webzeitung.de\/stuttgart\/wp-json\/wp\/v2\/types\/post"}],"author":[{"embeddable":true,"href":"https:\/\/die-webzeitung.de\/stuttgart\/wp-json\/wp\/v2\/users\/4"}],"replies":[{"embeddable":true,"href":"https:\/\/die-webzeitung.de\/stuttgart\/wp-json\/wp\/v2\/comments?post=158064"}],"version-history":[{"count":1,"href":"https:\/\/die-webzeitung.de\/stuttgart\/wp-json\/wp\/v2\/posts\/158064\/revisions"}],"predecessor-version":[{"id":158066,"href":"https:\/\/die-webzeitung.de\/stuttgart\/wp-json\/wp\/v2\/posts\/158064\/revisions\/158066"}],"wp:featuredmedia":[{"embeddable":true,"href":"https:\/\/die-webzeitung.de\/stuttgart\/wp-json\/wp\/v2\/media\/158065"}],"wp:attachment":[{"href":"https:\/\/die-webzeitung.de\/stuttgart\/wp-json\/wp\/v2\/media?parent=158064"}],"wp:term":[{"taxonomy":"category","embeddable":true,"href":"https:\/\/die-webzeitung.de\/stuttgart\/wp-json\/wp\/v2\/categories?post=158064"},{"taxonomy":"post_tag","embeddable":true,"href":"https:\/\/die-webzeitung.de\/stuttgart\/wp-json\/wp\/v2\/tags?post=158064"}],"curies":[{"name":"wp","href":"https:\/\/api.w.org\/{rel}","templated":true}]}}