{"id":158026,"date":"2025-09-08T09:33:27","date_gmt":"2025-09-08T08:33:27","guid":{"rendered":"https:\/\/die-webzeitung.de\/stuttgart\/?p=158026"},"modified":"2025-09-08T09:33:27","modified_gmt":"2025-09-08T08:33:27","slug":"recyclinghof-nuertingen-zizishausen-ab-10-september-geschlossen","status":"publish","type":"post","link":"https:\/\/die-webzeitung.de\/stuttgart\/2025\/09\/08\/recyclinghof-nuertingen-zizishausen-ab-10-september-geschlossen\/","title":{"rendered":"Recyclinghof N\u00fcrtingen Zizishausen ab 10. September geschlossen"},"content":{"rendered":"<p style=\"text-align: justify;\">N\u00dcRTINGEN.| Wegen kurzfristig anberaumten Bauarbeiten der Stadt N\u00fcrtingen im Rahmen des Hochwasserschutzes muss der Recyclinghof und Sammelplatz f\u00fcr Gr\u00fcnschnitt in N\u00fcrtingen Zizishausen ab Mittwoch, dem 10. September, geschlossen werden.<\/p>\n<p style=\"text-align: justify;\">Letztmalig k\u00f6nnen am Dienstag, den 9. September, von 15 bis 17 Uhr, folgende Abfallfraktionen am Recyclinghof N\u00fcrtingen Zizishausen abgegeben werden: Papier, Pappe, Kartonagen, Leichtfraktion wie vom Gelben Sack bekannt, Styropor aus Verpackungen, Glas, Kork, CDs, DVDs, LED- und Energiesparlampen, Metallschrott sowie Hecken- und Baumschnitt.<\/p>\n<p style=\"text-align: justify;\">Der n\u00e4chstliegende Recyclinghof und Sammelplatz f\u00fcr Hecken- und Baumschnitt liegt zehn Minuten Fahrzeit mit dem Auto entfernt in Oberboihingen, Neuer Friedhof, an der K1200 Richtung Reudern. Die \u00d6ffnungszeiten sind von M\u00e4rz bis Oktober mittwochs von 17:00 bis 19:00 Uhr und samstags von 09:00 bis 14:00 Uhr.<\/p>\n<p style=\"text-align: justify;\">Gr\u00fcnschnitt kann ebenfalls in N\u00fcrtingen, Enzenhardt, in der Tischardter Stra\u00dfe abgegeben werden. Hier sind die \u00d6ffnungszeiten M\u00e4rz bis Oktober mittwochs 16:00 bis 18:00 Uhr, freitags 15:00 bis 17:00 Uhr und samstags 10:00 bis 16:00 Uhr. Au\u00dferdem kann Gr\u00fcnschnitt in Unterensingen, Muttelweg, abgegeben werden. Hier sind die \u00d6ffnungszeiten April bis September mittwochs 17:00 bis 19:00 Uhr und samstags 13:00 bis 16:00 Uhr.<\/p>\n<p style=\"text-align: justify;\">Dar\u00fcber hinaus stehen Ihnen noch folgende Anlagen zur Verf\u00fcgung. Bitte beachten Sie, dass hier kein Hecken- und Baumschnitt abgegeben werden kann. N\u00fcrtingen, Recyclinghof, bei Bauhof und Kl\u00e4rwerk, Weberstra\u00dfe 24\/1. Die \u00d6ffnungszeiten sind mittwochs, 13:00 bis 17:00 Uhr, freitags 13:00 bis 17:00 Uhr, samstags 09:00 bis13:00 Uhr. N\u00fcrtingen Reudern, Recyclinghof, ehemalige Kl\u00e4ranlage, Verl\u00e4ngerung Marbachweg. Die \u00d6ffnungszeiten sind mittwochs 14:00 bis 16:00 Uhr sowie samstags 09:30 bis 11:30 Uhr.<\/p>\n<p style=\"text-align: justify;\">Hinweis: Die \u00d6ffnungszeiten im Winter weichen von den \u00d6ffnungszeiten im Sommer ab. Sie finden Winter\u00f6ffnungszeiten ab November online unter <a href=\"http:\/\/www.awb-es.de\" target=\"_blank\" rel=\"noopener\" data-saferedirecturl=\"https:\/\/www.google.com\/url?q=http:\/\/www.awb-es.de&amp;source=gmail&amp;ust=1757406642847000&amp;usg=AOvVaw3UdcjGRT6bL9VPVsqSSasl\">www.awb-es.de<\/a>.<\/p>\n<hr \/>\n<p style=\"text-align: justify;\">\n","protected":false},"excerpt":{"rendered":"<p>N\u00dcRTINGEN.| Wegen kurzfristig anberaumten Bauarbeiten der Stadt N\u00fcrtingen im Rahmen des Hochwasserschutzes muss der Recyclinghof und Sammelplatz f\u00fcr Gr\u00fcnschnitt in N\u00fcrtingen Zizishausen ab Mittwoch, dem 10. September, geschlossen werden. Letztmalig k\u00f6nnen am Dienstag, den 9. September, von 15 bis 17 Uhr, folgende Abfallfraktionen am Recyclinghof N\u00fcrtingen Zizishausen abgegeben werden: Papier, Pappe, Kartonagen, Leichtfraktion wie vom [&hellip;]<\/p>\n","protected":false},"author":4,"featured_media":0,"comment_status":"closed","ping_status":"open","sticky":false,"template":"","format":"standard","meta":{"inline_featured_image":false,"_exactmetrics_skip_tracking":false,"_exactmetrics_sitenote_active":false,"_exactmetrics_sitenote_note":"","_exactmetrics_sitenote_category":0,"footnotes":""},"categories":[2247],"tags":[14857,14440,15471,68,18153],"class_list":{"0":"post-158026","1":"post","2":"type-post","3":"status-publish","4":"format-standard","6":"category-kreis-esslingen","7":"tag-die-webzeitung","8":"tag-esslingen","9":"tag-nuertingen","10":"tag-online-zeitung","11":"tag-recyclinghof"},"image_feature":null,"author_name":"Redaktion","pure_taxonomies":{"categories":[{"term_id":2247,"name":"Kreis Esslingen","slug":"kreis-esslingen","term_group":0,"term_taxonomy_id":2260,"taxonomy":"category","description":"Informationen aus dem Landkreis Esslingen","parent":171,"count":214,"filter":"raw","image":""}],"tags":[{"term_id":14857,"name":"Die-Webzeitung","slug":"die-webzeitung","term_group":0,"term_taxonomy_id":14876,"taxonomy":"post_tag","description":"","parent":0,"count":3623,"filter":"raw","image":""},{"term_id":14440,"name":"Esslingen","slug":"esslingen","term_group":0,"term_taxonomy_id":3885,"taxonomy":"post_tag","description":"","parent":0,"count":202,"filter":"raw","image":""},{"term_id":15471,"name":"N\u00fcrtingen","slug":"nuertingen","term_group":0,"term_taxonomy_id":15490,"taxonomy":"post_tag","description":"","parent":0,"count":8,"filter":"raw","image":""},{"term_id":68,"name":"Online-Zeitung","slug":"online-zeitung","term_group":0,"term_taxonomy_id":69,"taxonomy":"post_tag","description":"","parent":0,"count":3593,"filter":"raw","image":""},{"term_id":18153,"name":"Recyclinghof","slug":"recyclinghof","term_group":0,"term_taxonomy_id":18172,"taxonomy":"post_tag","description":"","parent":0,"count":1,"filter":"raw","image":""}]},"_links":{"self":[{"href":"https:\/\/die-webzeitung.de\/stuttgart\/wp-json\/wp\/v2\/posts\/158026","targetHints":{"allow":["GET"]}}],"collection":[{"href":"https:\/\/die-webzeitung.de\/stuttgart\/wp-json\/wp\/v2\/posts"}],"about":[{"href":"https:\/\/die-webzeitung.de\/stuttgart\/wp-json\/wp\/v2\/types\/post"}],"author":[{"embeddable":true,"href":"https:\/\/die-webzeitung.de\/stuttgart\/wp-json\/wp\/v2\/users\/4"}],"replies":[{"embeddable":true,"href":"https:\/\/die-webzeitung.de\/stuttgart\/wp-json\/wp\/v2\/comments?post=158026"}],"version-history":[{"count":1,"href":"https:\/\/die-webzeitung.de\/stuttgart\/wp-json\/wp\/v2\/posts\/158026\/revisions"}],"predecessor-version":[{"id":158027,"href":"https:\/\/die-webzeitung.de\/stuttgart\/wp-json\/wp\/v2\/posts\/158026\/revisions\/158027"}],"wp:attachment":[{"href":"https:\/\/die-webzeitung.de\/stuttgart\/wp-json\/wp\/v2\/media?parent=158026"}],"wp:term":[{"taxonomy":"category","embeddable":true,"href":"https:\/\/die-webzeitung.de\/stuttgart\/wp-json\/wp\/v2\/categories?post=158026"},{"taxonomy":"post_tag","embeddable":true,"href":"https:\/\/die-webzeitung.de\/stuttgart\/wp-json\/wp\/v2\/tags?post=158026"}],"curies":[{"name":"wp","href":"https:\/\/api.w.org\/{rel}","templated":true}]}}