{"id":158012,"date":"2025-09-05T12:22:11","date_gmt":"2025-09-05T11:22:11","guid":{"rendered":"https:\/\/die-webzeitung.de\/stuttgart\/?p=158012"},"modified":"2025-09-05T12:22:11","modified_gmt":"2025-09-05T11:22:11","slug":"wild-boys-empfangen-den-bergischen-hc","status":"publish","type":"post","link":"https:\/\/die-webzeitung.de\/stuttgart\/2025\/09\/05\/wild-boys-empfangen-den-bergischen-hc\/","title":{"rendered":"WILD BOYS empfangen den Bergischen HC"},"content":{"rendered":"<p style=\"text-align: justify;\">STUTTGART.| Zum ersten Ausw\u00e4rtsspiel der Saison reiste der TVB nach Flensburg. Mit einer starken Teamleistung erk\u00e4mpften sich die WILD BOYS dort ein 29:29-Unentschieden und sicherten damit ihren ersten Punkt der Saison 2025\/26. Jetzt wartet bereits das n\u00e4chste Duell in der englischen Woche: Der Bergische HC ist zu Gast!<\/p>\n<p style=\"text-align: justify;\">Am morgigen Samstag, den 06.09.2025, empfangen die WILD BOYS den Aufsteiger vom Bergischen HC. Anwurf ist um 20:00 Uhr in der Porsche-Arena. Der BHC startete mit einer klaren 39:27-Niederlage bei den F\u00fcchsen Berlin in die neue Saison. Auch im zweiten Spiel mussten sich die Bergischen L\u00f6wen geschlagen geben: Vor heimischem Publikum in der Uni-Halle unterlagen sie dem HC Erlangen nach einer spannenden Partie mit 29:33. Herausragend war dabei Linksau\u00dfen Noah Beyer, der mit 10 Treffern gl\u00e4nzte. Nach den ersten beiden Spieltagen belegt der BHC aktuell den letzten Tabellenplatz.<\/p>\n<p style=\"text-align: justify;\">Die Mannschaft von Cheftrainer Arnor Po&#8217;r Gunnarssen startet mit einem nur leicht ver\u00e4nderten Kader in die DAIKIN Handball-Bundesliga. Neu hinzugesto\u00dfen sind Nico Sch\u00f6ttle, S\u00f6ren Steinhaus, Lukas Becher und Lars Kooij, die das Team verst\u00e4rken werden. Nico Sch\u00f6ttle wechselte von den Stuttgartern zum Bergischen HC. Verabschieden musste sich der Verein von Djibril M\u2019Bengue, Roman Babic und Tj\u00f6rvi G\u00edslason. Dreh- und Angelpunkt im Angriffsspiel des BHC ist Eloy Morante Maldonado, der sich in der Spielzeit 2024\/25 auch zum Torsch\u00fctzenk\u00f6nig der 2. Handball-Bundesliga k\u00fcrte.<\/p>\n<p style=\"text-align: justify;\">Die WILD BOYS konnten ausw\u00e4rts bei der SG Flensburg-Handewitt ihren ersten Punktgewinn feiern. Nach anf\u00e4nglichen Schwierigkeiten stabilisierten sich die Schwaben, hielten die Partie offen und zeigten in den Schlussminuten gro\u00dfen Kampfgeist. Ein \u00fcberragend parierender Miljan Vujovi\u0107 war der entscheidende Faktor f\u00fcr den Punktgewinn. Am Ende erk\u00e4mpften sich die WILD BOYS n\u00e4mlich ein verdientes 29:29-Unentschieden.<\/p>\n<hr \/>\n<p style=\"text-align: justify;\">\n","protected":false},"excerpt":{"rendered":"<p>STUTTGART.| Zum ersten Ausw\u00e4rtsspiel der Saison reiste der TVB nach Flensburg. Mit einer starken Teamleistung erk\u00e4mpften sich die WILD BOYS dort ein 29:29-Unentschieden und sicherten damit ihren ersten Punkt der Saison 2025\/26. Jetzt wartet bereits das n\u00e4chste Duell in der englischen Woche: Der Bergische HC ist zu Gast! Am morgigen Samstag, den 06.09.2025, empfangen die [&hellip;]<\/p>\n","protected":false},"author":4,"featured_media":0,"comment_status":"closed","ping_status":"open","sticky":false,"template":"","format":"standard","meta":{"inline_featured_image":false,"_exactmetrics_skip_tracking":false,"_exactmetrics_sitenote_active":false,"_exactmetrics_sitenote_note":"","_exactmetrics_sitenote_category":0,"footnotes":""},"categories":[110],"tags":[18152,131,14857,133,68,275,14220,14451],"class_list":{"0":"post-158012","1":"post","2":"type-post","3":"status-publish","4":"format-standard","6":"category-sport","7":"tag-boys","8":"tag-bundesliga","9":"tag-die-webzeitung","10":"tag-handball","11":"tag-online-zeitung","12":"tag-stuttgart","13":"tag-tvb","14":"tag-wild"},"image_feature":null,"author_name":"Redaktion","pure_taxonomies":{"categories":[{"term_id":110,"name":"Sport","slug":"sport","term_group":0,"term_taxonomy_id":112,"taxonomy":"category","description":"Sportberichte","parent":0,"count":1043,"filter":"raw","image":""}],"tags":[{"term_id":18152,"name":"Boys","slug":"boys","term_group":0,"term_taxonomy_id":18171,"taxonomy":"post_tag","description":"","parent":0,"count":1,"filter":"raw","image":""},{"term_id":131,"name":"Bundesliga","slug":"bundesliga","term_group":0,"term_taxonomy_id":133,"taxonomy":"post_tag","description":"","parent":0,"count":699,"filter":"raw","image":""},{"term_id":14857,"name":"Die-Webzeitung","slug":"die-webzeitung","term_group":0,"term_taxonomy_id":14876,"taxonomy":"post_tag","description":"","parent":0,"count":3623,"filter":"raw","image":""},{"term_id":133,"name":"Handball","slug":"handball","term_group":0,"term_taxonomy_id":135,"taxonomy":"post_tag","description":"","parent":0,"count":387,"filter":"raw","image":""},{"term_id":68,"name":"Online-Zeitung","slug":"online-zeitung","term_group":0,"term_taxonomy_id":69,"taxonomy":"post_tag","description":"","parent":0,"count":3593,"filter":"raw","image":""},{"term_id":275,"name":"Stuttgart","slug":"stuttgart","term_group":0,"term_taxonomy_id":281,"taxonomy":"post_tag","description":"","parent":0,"count":1194,"filter":"raw","image":""},{"term_id":14220,"name":"TVB","slug":"tvb","term_group":0,"term_taxonomy_id":14254,"taxonomy":"post_tag","description":"","parent":0,"count":81,"filter":"raw","image":""},{"term_id":14451,"name":"Wild","slug":"wild","term_group":0,"term_taxonomy_id":14470,"taxonomy":"post_tag","description":"","parent":0,"count":1,"filter":"raw","image":""}]},"_links":{"self":[{"href":"https:\/\/die-webzeitung.de\/stuttgart\/wp-json\/wp\/v2\/posts\/158012","targetHints":{"allow":["GET"]}}],"collection":[{"href":"https:\/\/die-webzeitung.de\/stuttgart\/wp-json\/wp\/v2\/posts"}],"about":[{"href":"https:\/\/die-webzeitung.de\/stuttgart\/wp-json\/wp\/v2\/types\/post"}],"author":[{"embeddable":true,"href":"https:\/\/die-webzeitung.de\/stuttgart\/wp-json\/wp\/v2\/users\/4"}],"replies":[{"embeddable":true,"href":"https:\/\/die-webzeitung.de\/stuttgart\/wp-json\/wp\/v2\/comments?post=158012"}],"version-history":[{"count":1,"href":"https:\/\/die-webzeitung.de\/stuttgart\/wp-json\/wp\/v2\/posts\/158012\/revisions"}],"predecessor-version":[{"id":158013,"href":"https:\/\/die-webzeitung.de\/stuttgart\/wp-json\/wp\/v2\/posts\/158012\/revisions\/158013"}],"wp:attachment":[{"href":"https:\/\/die-webzeitung.de\/stuttgart\/wp-json\/wp\/v2\/media?parent=158012"}],"wp:term":[{"taxonomy":"category","embeddable":true,"href":"https:\/\/die-webzeitung.de\/stuttgart\/wp-json\/wp\/v2\/categories?post=158012"},{"taxonomy":"post_tag","embeddable":true,"href":"https:\/\/die-webzeitung.de\/stuttgart\/wp-json\/wp\/v2\/tags?post=158012"}],"curies":[{"name":"wp","href":"https:\/\/api.w.org\/{rel}","templated":true}]}}