{"id":157983,"date":"2025-09-02T09:41:15","date_gmt":"2025-09-02T08:41:15","guid":{"rendered":"https:\/\/die-webzeitung.de\/stuttgart\/?p=157983"},"modified":"2025-09-02T09:41:15","modified_gmt":"2025-09-02T08:41:15","slug":"innerstaedtischer-e-ladepark-der-sws-ist-fertig","status":"publish","type":"post","link":"https:\/\/die-webzeitung.de\/stuttgart\/2025\/09\/02\/innerstaedtischer-e-ladepark-der-sws-ist-fertig\/","title":{"rendered":"Innerst\u00e4dtischer E-Ladepark der SWS ist fertig"},"content":{"rendered":"<h4 style=\"text-align: justify;\"><strong>Stadtwerke Stuttgart schlie\u00dfen Ladeinfrastrukturprojekt im R\u00f6merkastell ab \u2013 insgesamt 56 Ladepunkte realisiert \u2013 davon sechs Schnellladepunkte<\/strong><\/h4>\n<p style=\"text-align: justify;\">STUTTGART.| Die Stadtwerke Stuttgart (SWS) haben im April 2025 ihren E-Ladepark im R\u00f6merkastell in Bad Cannstatt in Betrieb genommen. Das kommunale Unternehmen hat dort 56 der insgesamt 300 Parkpl\u00e4tze in Kooperation mit der MKM R\u00f6merkastell GmbH &amp; Co. KG mit Ladepunkten ausgestattet. \u201eUm den Umstieg auf E-Fahrzeuge und damit die nachhaltige Mobilit\u00e4t zu f\u00f6rdern, setzen wir auf den Ausbau einer nutzerorentierten Ladeinfrastruktur in Stuttgart. Unser Ziel ist es, dass sich E-Mobilit\u00e4t ganz einfach und intuitiv in den Alltag integrieren l\u00e4sst\u201c, sagt Peter Drausnigg, Technischer Gesch\u00e4ftsf\u00fchrer der Stadtwerke Stuttgart. \u201eLadem\u00f6glichkeiten wie am R\u00f6merkastell sind daf\u00fcr entscheidende Bausteine, denn sie sind bewusst dort platziert, wo die Nachfrage besteht.\u201c<\/p>\n<p style=\"text-align: justify;\">Dank der SWS-Ladeinfrastruktur k\u00f6nnen E-Mobilisten w\u00e4hrend ihres Aufenthalts im R\u00f6merkastell das dort ans\u00e4ssige Gewerbe, Gastronomie und Einkaufsm\u00f6glichkeiten nutzen und gleichzeitig bequem ihr E-Fahrzeug laden. Auch f\u00fcr die Anwohnerinnen und Anwohner ist der Ladepark eine gute Nachricht. Mit 50 AC-Ladepunkten und 6 DC-Ladepunkten, sogenannten Schnellladepunkten, verf\u00fcgt das Areal nun \u00fcber ein gro\u00dfes Ladeangebot. Auch Bad Cannstatts Bezirksvorsteher Bernd-Marcel L\u00f6ffler freut sich \u00fcber die neuen Ladem\u00f6glichkeiten vor Ort: \u201eDie Installation neuer Ladestationen unterst\u00fctzt die Umstellung auf nachhaltige Verkehrsmittel. Damit reduzieren wir Emissionen und tragen zur Verbesserung der Lebensqualit\u00e4t in unserem Bezirk bei.\u201c<\/p>\n<p style=\"text-align: justify;\"><strong>Schnellladepunkte f\u00fcr noch mehr Power<\/strong><\/p>\n<p style=\"text-align: justify;\">Jeder AC-Ladepunkt verf\u00fcgt \u00fcber eine Leistung von bis zu 22 Kilowatt. An den DC-Ladepunkten laden Kundinnen und Kunden mit einer Leistung von bis zu 300 Kilowatt. Wie an allen SWS-Ladepunkten flie\u00dfen auch im R\u00f6merkastell 100 Prozent \u00d6kostrom in die Fahrzeugbatterie. Die Bezahlung an den AC-Ladepunkten erfolgt ganz einfach mit der SWS-Lade-App, per Ladekarte oder ad hoc. An den DC-Schnellladepunkten k\u00f6nnen Kundinnen und Kunden den Ladevorgang zus\u00e4tzlich mit ihrer EC- oder Kreditkarte starten und bezahlen.<\/p>\n<p style=\"text-align: justify;\"><strong>Partner f\u00fcr die Mobilit\u00e4tswende<\/strong><\/p>\n<p style=\"text-align: justify;\">Die Landeshauptstadt Stuttgart will bis 2035 klimaneutral sein. Als Motor der Energiewende arbeiten die SWS kontinuierlich an der Umsetzung von L\u00f6sungen in den Bereichen Strom, W\u00e4rme und Mobilit\u00e4t: Ziel ist es, bis zu 25 Prozent der Emissionen zu reduzieren. Die Mobilit\u00e4tswende voranzubringen ist ein wichtiger Teil der Strategie des kommunalen Unternehmens. Schon heute betreiben die SWS das gr\u00f6\u00dfte fl\u00e4chendeckende Ladenetz in Stuttgart und m\u00f6chten bis 2035 die Voraussetzungen f\u00fcr bis zu 14.000 Ladepunkte in der Landeshauptstadt schaffen.<\/p>\n<hr \/>\n<p style=\"text-align: justify;\">\n","protected":false},"excerpt":{"rendered":"<p>Stadtwerke Stuttgart schlie\u00dfen Ladeinfrastrukturprojekt im R\u00f6merkastell ab \u2013 insgesamt 56 Ladepunkte realisiert \u2013 davon sechs Schnellladepunkte STUTTGART.| Die Stadtwerke Stuttgart (SWS) haben im April 2025 ihren E-Ladepark im R\u00f6merkastell in Bad Cannstatt in Betrieb genommen. Das kommunale Unternehmen hat dort 56 der insgesamt 300 Parkpl\u00e4tze in Kooperation mit der MKM R\u00f6merkastell GmbH &amp; Co. KG [&hellip;]<\/p>\n","protected":false},"author":4,"featured_media":157984,"comment_status":"closed","ping_status":"open","sticky":false,"template":"","format":"standard","meta":{"inline_featured_image":false,"_exactmetrics_skip_tracking":false,"_exactmetrics_sitenote_active":false,"_exactmetrics_sitenote_note":"","_exactmetrics_sitenote_category":0,"footnotes":""},"categories":[2239],"tags":[14857,18146,68,275,18142],"class_list":{"0":"post-157983","1":"post","2":"type-post","3":"status-publish","4":"format-standard","5":"has-post-thumbnail","7":"category-stuttgart-lokal","8":"tag-die-webzeitung","9":"tag-e-ladepark","10":"tag-online-zeitung","11":"tag-stuttgart","12":"tag-sws"},"image_feature":"https:\/\/die-webzeitung.de\/stuttgart\/wp-content\/uploads\/sites\/4\/2025\/09\/L1111328-scaled.jpg","author_name":"Redaktion","pure_taxonomies":{"categories":[{"term_id":2239,"name":"Stuttgart","slug":"stuttgart-lokal","term_group":0,"term_taxonomy_id":2252,"taxonomy":"category","description":"Berichte und Informationen aus Stuttgart","parent":1433,"count":941,"filter":"raw","image":""}],"tags":[{"term_id":14857,"name":"Die-Webzeitung","slug":"die-webzeitung","term_group":0,"term_taxonomy_id":14876,"taxonomy":"post_tag","description":"","parent":0,"count":3623,"filter":"raw","image":""},{"term_id":18146,"name":"E-Ladepark","slug":"e-ladepark","term_group":0,"term_taxonomy_id":18165,"taxonomy":"post_tag","description":"","parent":0,"count":1,"filter":"raw","image":""},{"term_id":68,"name":"Online-Zeitung","slug":"online-zeitung","term_group":0,"term_taxonomy_id":69,"taxonomy":"post_tag","description":"","parent":0,"count":3593,"filter":"raw","image":""},{"term_id":275,"name":"Stuttgart","slug":"stuttgart","term_group":0,"term_taxonomy_id":281,"taxonomy":"post_tag","description":"","parent":0,"count":1194,"filter":"raw","image":""},{"term_id":18142,"name":"SWS","slug":"sws","term_group":0,"term_taxonomy_id":18161,"taxonomy":"post_tag","description":"","parent":0,"count":6,"filter":"raw","image":""}]},"_links":{"self":[{"href":"https:\/\/die-webzeitung.de\/stuttgart\/wp-json\/wp\/v2\/posts\/157983","targetHints":{"allow":["GET"]}}],"collection":[{"href":"https:\/\/die-webzeitung.de\/stuttgart\/wp-json\/wp\/v2\/posts"}],"about":[{"href":"https:\/\/die-webzeitung.de\/stuttgart\/wp-json\/wp\/v2\/types\/post"}],"author":[{"embeddable":true,"href":"https:\/\/die-webzeitung.de\/stuttgart\/wp-json\/wp\/v2\/users\/4"}],"replies":[{"embeddable":true,"href":"https:\/\/die-webzeitung.de\/stuttgart\/wp-json\/wp\/v2\/comments?post=157983"}],"version-history":[{"count":1,"href":"https:\/\/die-webzeitung.de\/stuttgart\/wp-json\/wp\/v2\/posts\/157983\/revisions"}],"predecessor-version":[{"id":157985,"href":"https:\/\/die-webzeitung.de\/stuttgart\/wp-json\/wp\/v2\/posts\/157983\/revisions\/157985"}],"wp:featuredmedia":[{"embeddable":true,"href":"https:\/\/die-webzeitung.de\/stuttgart\/wp-json\/wp\/v2\/media\/157984"}],"wp:attachment":[{"href":"https:\/\/die-webzeitung.de\/stuttgart\/wp-json\/wp\/v2\/media?parent=157983"}],"wp:term":[{"taxonomy":"category","embeddable":true,"href":"https:\/\/die-webzeitung.de\/stuttgart\/wp-json\/wp\/v2\/categories?post=157983"},{"taxonomy":"post_tag","embeddable":true,"href":"https:\/\/die-webzeitung.de\/stuttgart\/wp-json\/wp\/v2\/tags?post=157983"}],"curies":[{"name":"wp","href":"https:\/\/api.w.org\/{rel}","templated":true}]}}