{"id":157971,"date":"2025-08-31T09:19:34","date_gmt":"2025-08-31T08:19:34","guid":{"rendered":"https:\/\/die-webzeitung.de\/stuttgart\/?p=157971"},"modified":"2025-08-31T09:19:34","modified_gmt":"2025-08-31T08:19:34","slug":"stuttgart-macht-schulen-fit-fuer-die-digitale-zukunft","status":"publish","type":"post","link":"https:\/\/die-webzeitung.de\/stuttgart\/2025\/08\/31\/stuttgart-macht-schulen-fit-fuer-die-digitale-zukunft\/","title":{"rendered":"Stuttgart macht Schulen fit f\u00fcr die digitale Zukunft"},"content":{"rendered":"<h4 style=\"text-align: justify;\"><strong>Erste Schulen mit Zehn\u2010Gigabit\u2010Anbindung in Betrieb genommen<\/strong><\/h4>\n<p style=\"text-align: justify;\">STUTTGART.| Die Landeshauptstadt Stuttgart treibt die Digitalisierung an Schulen konsequent voran.<\/p>\n<p style=\"text-align: justify;\">Im Rahmen des Projekts SchulWeiten Intranets Stuttgart (SWIS2.0) wurden jetzt im Stadtbezirk Vaihingen die ersten zehn Schulen erfolgreich an das hochleistungsf\u00e4hige Glasfasernetzwerk (Backbone) mit einer Bandbreite von zehn Gigabit pro Sekunde (Gbit\/s) angeschlossen. Gleichzeitig wurde der zentrale Internetanschluss der st\u00e4dtischen Schulnetz\u2010Infrastruktur auf eine 100-Gigabit\u2010Verbindung umgestellt. Damit wurde ein wesentlicher Meilenstein des Projekts erreicht.<\/p>\n<p style=\"text-align: justify;\"><strong>Bessere Netzwerkinfrastruktur f\u00fcr Stuttgarter Schulen<\/strong><\/p>\n<p style=\"text-align: justify;\">Mit der Anbindung der ersten Schulen startet das stadtweite Rollout, das in den kommenden 18 Monaten s\u00e4mtliche Stuttgarter Schulen mit einer deutlich verbesserten Netzwerkinfrastruktur versorgen wird. Das Projekt wird vom Schulverwaltungsamt koordiniert und in enger Zusammenarbeit mit dem Amt f\u00fcr Digitalisierung, Organisation und IT (Do.IT) sowie weiteren st\u00e4dtischen Dienststellen umgesetzt.<\/p>\n<p style=\"text-align: justify;\">Isabel Fezer, B\u00fcrgermeisterin f\u00fcr Jugend und Bildung, begr\u00fc\u00dft den Fortschritt: \u201eDigitale Bildung beginnt mit der richtigen Infrastruktur. Mit SWIS2.0 setzen wir einen wichtigen Impuls f\u00fcr Bildungsgerechtigkeit und Teilhabe in einer digitalen Gesellschaft.\u201c<\/p>\n<p style=\"text-align: justify;\"><strong>Kontinuit\u00e4t in der digitalen Infrastruktur seit 1996<\/strong><\/p>\n<p style=\"text-align: justify;\">Bereits seit 1996 setzt die Landeshauptstadt mit dem SchulWeiten Intranet Stuttgart (SWIS2.0) auf eine eigene, sichere Kommunikationsinfrastruktur f\u00fcr ihre Schulen. Der Ausbau auf Glasfaser (LWL) erfolgte seitdem sukzessive. Bisher waren diese zentral \u00fcber die Zug\u00e4nge mit einer Bandbreite von 10 Gbit\/s an das Internet angebunden. Die nun erfolgte Umstellung auf eine 100 Gbit\/s\u2010Anbindung markiert eine neue Dimension der Leistungsf\u00e4higkeit. Zugleich werden durch den Einsatz moderner Netzwerkkomponenten und Firewalls h\u00f6chste Sicherheits\u2010 und Verf\u00fcgbarkeitsstandards gew\u00e4hrleistet.<br \/>\nInfrastruktur f\u00fcr modernen Unterricht<\/p>\n<p style=\"text-align: justify;\">Durch neue Unterrichtsformen, digitale Endger\u00e4te und cloudbasierte Bildungsangebote steigen die Anforderungen an schulische Netzwerke stetig. Das Projekt SWIS2.0 reagiert auf diese Entwicklungen mit einer umfassenden technischen Ert\u00fcchtigung:<\/p>\n<ul>\n<li style=\"text-align: justify;\">Erh\u00f6hung der Schulstandort\u2010Anbindungen auf 10 Gbit\/s mit einer Modernisierung der lokalen Infrastruktur<\/li>\n<li style=\"text-align: justify;\">Erneuerung der zentralen Internetanbindung und Aufbau der 100 Gbit\/s Anbindung<\/li>\n<li style=\"text-align: justify;\">Integration der Infrastruktur in das st\u00e4dtische Backbone LHS2020, um Doppelstrukturen zu vermeiden<\/li>\n<\/ul>\n<p style=\"text-align: justify;\">Kerstin Niendorf, Leiterin des Schulverwaltungsamts, betont: \u201eDie digitale Ausstattung unserer Schulen ist eine Voraussetzung f\u00fcr zeitgem\u00e4\u00dfen Unterricht. Mit der Umsetzung von SWIS2.0 schaffen wir die Voraussetzungen daf\u00fcr, dass Stuttgarter Sch\u00fclerinnen und Sch\u00fcler digital souver\u00e4n lernen k\u00f6nnen \u2013 heute und in Zukunft.\u201c<\/p>\n<p style=\"text-align: justify;\"><strong>Zukunftsf\u00e4hige Infrastruktur<\/strong><\/p>\n<p style=\"text-align: justify;\">Das SWIS2.0-Konzept ist dabei nicht auf den aktuellen Bedarf begrenzt: Es ber\u00fccksichtigt bereits heute die M\u00f6glichkeit, die Bandbreiten an den Schulstandorten k\u00fcnftig noch weiter zu erh\u00f6hen. Damit stellt die Landeshauptstadt Stuttgart sicher, dass ihre Bildungsinfrastruktur auch k\u00fcnftigen Anforderungen gewachsen ist.<\/p>\n<hr \/>\n<p style=\"text-align: justify;\">\n","protected":false},"excerpt":{"rendered":"<p>Erste Schulen mit Zehn\u2010Gigabit\u2010Anbindung in Betrieb genommen STUTTGART.| Die Landeshauptstadt Stuttgart treibt die Digitalisierung an Schulen konsequent voran. Im Rahmen des Projekts SchulWeiten Intranets Stuttgart (SWIS2.0) wurden jetzt im Stadtbezirk Vaihingen die ersten zehn Schulen erfolgreich an das hochleistungsf\u00e4hige Glasfasernetzwerk (Backbone) mit einer Bandbreite von zehn Gigabit pro Sekunde (Gbit\/s) angeschlossen. Gleichzeitig wurde der zentrale [&hellip;]<\/p>\n","protected":false},"author":4,"featured_media":157972,"comment_status":"closed","ping_status":"open","sticky":false,"template":"","format":"standard","meta":{"inline_featured_image":false,"_exactmetrics_skip_tracking":false,"_exactmetrics_sitenote_active":false,"_exactmetrics_sitenote_note":"","_exactmetrics_sitenote_category":0,"footnotes":""},"categories":[2239],"tags":[14857,14422,68,485,275],"class_list":{"0":"post-157971","1":"post","2":"type-post","3":"status-publish","4":"format-standard","5":"has-post-thumbnail","7":"category-stuttgart-lokal","8":"tag-die-webzeitung","9":"tag-digitalisierung","10":"tag-online-zeitung","11":"tag-schule","12":"tag-stuttgart"},"image_feature":"https:\/\/die-webzeitung.de\/stuttgart\/wp-content\/uploads\/sites\/4\/2025\/08\/laptop-2562361_1280-scaled.jpg","author_name":"Redaktion","pure_taxonomies":{"categories":[{"term_id":2239,"name":"Stuttgart","slug":"stuttgart-lokal","term_group":0,"term_taxonomy_id":2252,"taxonomy":"category","description":"Berichte und Informationen aus Stuttgart","parent":1433,"count":941,"filter":"raw","image":""}],"tags":[{"term_id":14857,"name":"Die-Webzeitung","slug":"die-webzeitung","term_group":0,"term_taxonomy_id":14876,"taxonomy":"post_tag","description":"","parent":0,"count":3623,"filter":"raw","image":""},{"term_id":14422,"name":"Digitalisierung","slug":"digitalisierung","term_group":0,"term_taxonomy_id":14456,"taxonomy":"post_tag","description":"","parent":0,"count":5,"filter":"raw","image":""},{"term_id":68,"name":"Online-Zeitung","slug":"online-zeitung","term_group":0,"term_taxonomy_id":69,"taxonomy":"post_tag","description":"","parent":0,"count":3593,"filter":"raw","image":""},{"term_id":485,"name":"Schule","slug":"schule","term_group":0,"term_taxonomy_id":492,"taxonomy":"post_tag","description":"","parent":0,"count":11,"filter":"raw","image":""},{"term_id":275,"name":"Stuttgart","slug":"stuttgart","term_group":0,"term_taxonomy_id":281,"taxonomy":"post_tag","description":"","parent":0,"count":1194,"filter":"raw","image":""}]},"_links":{"self":[{"href":"https:\/\/die-webzeitung.de\/stuttgart\/wp-json\/wp\/v2\/posts\/157971","targetHints":{"allow":["GET"]}}],"collection":[{"href":"https:\/\/die-webzeitung.de\/stuttgart\/wp-json\/wp\/v2\/posts"}],"about":[{"href":"https:\/\/die-webzeitung.de\/stuttgart\/wp-json\/wp\/v2\/types\/post"}],"author":[{"embeddable":true,"href":"https:\/\/die-webzeitung.de\/stuttgart\/wp-json\/wp\/v2\/users\/4"}],"replies":[{"embeddable":true,"href":"https:\/\/die-webzeitung.de\/stuttgart\/wp-json\/wp\/v2\/comments?post=157971"}],"version-history":[{"count":1,"href":"https:\/\/die-webzeitung.de\/stuttgart\/wp-json\/wp\/v2\/posts\/157971\/revisions"}],"predecessor-version":[{"id":157973,"href":"https:\/\/die-webzeitung.de\/stuttgart\/wp-json\/wp\/v2\/posts\/157971\/revisions\/157973"}],"wp:featuredmedia":[{"embeddable":true,"href":"https:\/\/die-webzeitung.de\/stuttgart\/wp-json\/wp\/v2\/media\/157972"}],"wp:attachment":[{"href":"https:\/\/die-webzeitung.de\/stuttgart\/wp-json\/wp\/v2\/media?parent=157971"}],"wp:term":[{"taxonomy":"category","embeddable":true,"href":"https:\/\/die-webzeitung.de\/stuttgart\/wp-json\/wp\/v2\/categories?post=157971"},{"taxonomy":"post_tag","embeddable":true,"href":"https:\/\/die-webzeitung.de\/stuttgart\/wp-json\/wp\/v2\/tags?post=157971"}],"curies":[{"name":"wp","href":"https:\/\/api.w.org\/{rel}","templated":true}]}}