{"id":157967,"date":"2025-09-01T12:38:09","date_gmt":"2025-09-01T11:38:09","guid":{"rendered":"https:\/\/die-webzeitung.de\/stuttgart\/?p=157967"},"modified":"2025-09-07T11:46:24","modified_gmt":"2025-09-07T10:46:24","slug":"polizei-report-kreis-esslingen-woche-36-4","status":"publish","type":"post","link":"https:\/\/die-webzeitung.de\/stuttgart\/2025\/09\/01\/polizei-report-kreis-esslingen-woche-36-4\/","title":{"rendered":"Polizei-Report Kreis Esslingen | Woche 36"},"content":{"rendered":"<p><em>Quelle: ots<\/em><\/p>\n<p style=\"text-align: justify;\"><strong>Esslingen: Wohnungsbrand mit zwei Verletzten<br \/>\n<\/strong>Der Brand in einem Mehrparteienhaus hat in der Nacht zum Sonntag den Einsatz von Feuerwehr, Rettungsdienst und Polizei in der Plochinger Stra\u00dfe notwendig gemacht. Bewohner meldeten gegen 00.30 Uhr \u00fcber Notruf, dass es in einer Wohnung im Obergeschoss brannte. Beim Eintreffen der Rettungskr\u00e4fte befanden sich noch zwei 34 und 41 Jahre alte M\u00e4nner im stark verrauchten Geb\u00e4ude, welche mittels Leitern gerettet werden mussten. Sie zogen sich eine Rauchgasvergiftung zu. Die Schadensh\u00f6he am zum Teil zun\u00e4chst nicht mehr bewohnbaren Geb\u00e4ude d\u00fcrfte im mittleren f\u00fcnfstelligen Bereich liegen, weshalb von der Stadt Esslingen Notunterk\u00fcnfte zur Verf\u00fcgung gestellt wurden. Das Polizeirevier Esslingen hat die Ermittlungen zur noch unbekannten Brandursache aufgenommen.<\/p>\n<p style=\"text-align: justify;\"><strong>Wernau: Chlorgasaustritt in Freibad<br \/>\n<\/strong>Ein Gro\u00dfaufgebot der Feuerwehr, des Rettungsdienstes und der Polizei sind am Samstagmorgen zu einem Alarm im Wernauer Freibad ausger\u00fcckt. Gegen 09.50 Uhr meldete die Integrierte Leitstelle des Landkreises Esslingen einen Chloragasaustritt, woraufhin die Alarmierungskette in Gang gesetzt wurde. Nach ersten Ermittlungen war beim Wechseln einer Chlorgasflasche, aufgrund eines Defektes an einem Adapter der Gefahrstoff freigesetzt worden. Keiner der zu diesem Zeitpunkt anwesenden sechs Mitarbeiter der Stadt Wernau wurde verletzt, Badeg\u00e4ste befanden sich nicht im Freibad, sodass der Rettungsdienst, der mit 15 Kr\u00e4ften und sechs Fahrzeugen vor Ort war nicht t\u00e4tig werden musste. Die Feuerwehr, die mit insgesamt 85 Einsatzkr\u00e4ften und 27 Fahrzeugen vor Ort war, gab das Freibad gegen 12 Uhr wieder f\u00fcr den Besucherverkehr frei, woraufhin die durch die Polizei initiierten Verkehrssperrungen an der K\u00f6ngener Stra\u00dfe abgebaut werden konnten.<\/p>\n<p style=\"text-align: justify;\"><strong>K\u00f6ngen: Radfahrer zusammengesto\u00dfen<br \/>\n<\/strong>Mit schweren Verletzungen musste eine Radfahrerin in der Nacht zum Sonntag in eine Klinik eingeliefert werden. Gegen 00.45 Uhr war der integrierten Leitstelle Esslingen ein Verkehrsunfall mit gest\u00fcrztem Radfahrer auf der Deizisauer Stra\u00dfe gemeldet worden. Die Rettungskr\u00e4fte fanden eine 28-j\u00e4hrige Frau vor, die offensichtlich mit einem 30-J\u00e4hrigen zusammengesto\u00dfen war. Beide Personen waren gemeinsam auf ihren Fahrr\u00e4dern in Richtung K\u00f6ngen unterwegs gewesen und stie\u00dfen aus unbekannter Ursache zusammen. Hierbei kam die Frau zum Sturz und verletzte sich derart, dass sie ins Krankenhaus gebracht werden musste. Beide Personen hatten Helme getragen. W\u00e4hrend der Unfallaufnahme erh\u00e4rtete sich der Verdacht, dass beide Radler alkoholisiert waren, weshalb auch eine Blutentnahme erfolgte. Die Ermittlungen des Polizeireviers N\u00fcrtingen zur genauen Unfallursache dauern noch an.<\/p>\n<p style=\"text-align: justify;\"><strong>Ostfildern: Wohnungsbrand mit verletzter Person<br \/>\n<\/strong>Ein Brand in einem Mehrfamilienhaus hat am Samstagnachmittag den Einsatz von Feuerwehr, Rettungsdienst und der Polizei ausgel\u00f6st. Gegen 14.10 Uhr r\u00fcckten die Einsatzkr\u00e4fte in die Forststra\u00dfe aus, nachdem mehrere Anrufer einen Geb\u00e4udebrand gemeldet hatten. Die Feuerwehr, die mit einem Gro\u00dfaufgebot vor Ort war, konnte die Flammen schnell unter Kontrolle bringen und eine Ausbreitung auf andere Geb\u00e4udeteile verhindern. Ersten Ermittlungen zu Folge war es in der K\u00fcche im ersten Obergeschoss bei der Zubereitung von Speisen zum Brandausbruch gekommen, woraufhin sich das Feuer im gesamten Raum ausbreitete. Der alleine im Objekt anwesende 18-j\u00e4hrige Verursacher zog sich beim L\u00f6schversuch eine Rauchgasintoxikation zu und musste vom Rettungsdienst in eine Klinik gebracht werden. Laut Sch\u00e4tzung der Feuerwehr d\u00fcrfte am vorerst nicht mehr bewohnbaren Geb\u00e4ude ein Sachschaden in H\u00f6he von etwa 100.000 Euro entstanden sein. Das Polizeirevier Filderstadt ermittelt wegen m\u00f6glicher fahrl\u00e4ssiger Brandstiftung.<\/p>\n<p style=\"text-align: justify;\"><strong>Wernau: K\u00fcchenbrand<br \/>\n<\/strong>Die Polizei, Feuerwehr und der Rettungsdienst sind am Freitag zu einem K\u00fcchenbrand in einem Mehrparteinhaus in der Max-Eyth-Stra\u00dfe ausger\u00fcckt. Gegen 13.25 Uhr wurde \u00fcber Notruf ein ausgel\u00f6ster Heimrauchmelder in der betroffenen Wohnung mitgeteilt. Da Brandgeruch wahrgenommen werden konnte, verschaffte sich die Feuerwehr Zutritt und konnte anschlie\u00dfend das Feuer rasch l\u00f6schen. Personen befanden sich keine in der Wohnung. Die weiteren Hausbewohner konnten nach der Bel\u00fcftung des Geb\u00e4udes wieder in ihre Wohnungen zur\u00fcckkehren. Der entstandene Sachschaden bel\u00e4uft sich auf circa 100.000 Euro. Der Rettungsdienst war mit insgesamt f\u00fcnf Personen und die Feuerwehr mit sieben Fahrzeugen und 33 Einsatzkr\u00e4ften vor Ort. Drei Angeh\u00f6rige der Feuerwehr wurden bei der Rettung der beiden Hauskatzen aus der verrauchten Wohnung durch Kratzer und Bisse leicht verletzt. Zwei der Verletzten begaben sich zur Versorgung der Wunden in ein Krankenhaus. Der Polizeiposten Wernau hat die Ermittlungen zur genauen Ursache des Brandausbruchs aufgenommen.<\/p>\n<p style=\"text-align: justify;\"><strong>Neuhausen auf den Fildern: Auseinandersetzung unter Verkehrsteilnehmern (Zeugenaufruf)<br \/>\n<\/strong>Zu einer handfesten Auseinandersetzung zwischen drei Verkehrsteilnehmern ist es am Freitagabend an der Einm\u00fcndung der L 1192 \/ L 1202 gekommen. Gegen 20.05 Uhr befuhr zun\u00e4chst ein 55 Jahre alter Kradlenker die L 1192 von Plieningen kommend in Richtung Neuhausen, wobei ihm das Fahrverhalten eines vorausfahrenden Abschleppwagens missfiel. Als er das Fahrzeug im weiteren Verlauf \u00fcberholte und beide Verkehrsteilnehmer an der Einm\u00fcndung zur L 1202 verkehrsbedingt anhalten mussten, kam es zu einer k\u00f6rperlichen Auseinandersetzung zwischen dem Kradlenker und dem 40-j\u00e4hrigen Fahrer des Abschleppfahrzeugs, sowie dessen 23 Jahre altem Beifahrer. Dabei erlitten beide Fahrzeuglenker leichte Verletzungen. Zeugen, die Angaben zum Fahrverhalten der beiden Fahrzeuge machen k\u00f6nnen oder die Auseinandersetzung beobachtet haben, werden gebeten, sich unter Telefon 0711\/70913 beim Polizeirevier Filderstadt zu melden.<\/p>\n<p style=\"text-align: justify;\"><strong>Esslingen: Radlerin schwer gest\u00fcrzt<br \/>\n<\/strong>Schwere Verletzungen hat eine 72 Jahre alte Radlerin bei einem Sturz am Donnerstagmittag in der Stra\u00dfe Entennest erlitten. Die Frau befuhr gegen 12.50 Uhr mit ihrem Zweirad die Stra\u00dfe in Richtung Altbach und wollte offenbar wenden. Dabei st\u00fcrzte sie beim \u00dcberfahren des Bordsteins zu Boden. Der Rettungsdienst brachte sie zur weiteren Behandlung ins Krankenhaus. Angeh\u00f6rige k\u00fcmmerten sich um das Fahrrad der Verunfallten.<\/p>\n<p style=\"text-align: justify;\"><strong>Wendlingen: Beim Fahrstreifenwechsel aufgefahren<br \/>\n<\/strong>Sachschaden in H\u00f6he von rund 28.000 Euro ist die Folge eines Verkehrsunfalls, den ein 46-J\u00e4hriger am Donnerstagabend auf der B313 auf H\u00f6he der Ausfahrt K\u00f6ngen-Nord verursacht hat. Der Mann war gegen 22.40 Uhr mit seinem Ford Focus auf der Bundesstra\u00dfe in Richtung Plochingen unterwegs. Als er mit seinem Wagen an der Abfahrt K\u00f6ngen-Nord auf die Ausfahrtsspur wechselte, kam es zur Kollision mit dem vor ihm fahrenden 2er BMW eines 30-J\u00e4hrigen. Dabei wurde der BMW nach rechts abgewiesen und krachte in die Leitplanken. Verletzt wurde niemand. W\u00e4hrend der Ford fahrbereit blieb, entstand an dem BMW wirtschaftlicher Totalschaden. Der Wagen musste in der Folge von einem Abschleppdienst aufgeladen und abtransportiert werden.<\/p>\n<p style=\"text-align: justify;\"><strong>Baltmannsweiler: Unfall mit verletztem Radfahrer<br \/>\n<\/strong>Mit Verletzungen bislang unbekannten Ausma\u00dfes musste ein Radfahrer nach einem Verkehrsunfall am Mittwochnachmittag auf der L 1150 in eine Klinik gebracht werden. Ein 17-J\u00e4hriger befuhr gegen 16.45 Uhr mit einem Kleinkraftrad der Marke Simson die Landstra\u00dfe von Baltmannsweiler herkommend in Richtung Hohengehren. Beim Ausfahren aus dem sich am Ortsbeginn befindlichen Kreisverkehrs kam es zur Kollision mit einem 87 Jahre alten Radfahrer. Der Senior hatte in diesem Moment mit seinem E-Bike die Fahrradfurt nach dem Kreisel \u00fcber quert. Der \u00e4ltere Mann st\u00fcrzte dadurch zu Boden und verletzte sich. Er wurde mit einem Rettungswagen in eine Klinik gebracht.<\/p>\n<p style=\"text-align: justify;\"><strong>Esslingen: Nach Verkehrsunfall gefl\u00fcchtet (Zeugenaufruf)<br \/>\n<\/strong>Zeugen zu einem Verkehrsunfall, der sich am Dienstagabend auf der B10 in Fahrtrichtung Stuttgart auf H\u00f6he der Anschlussstelle Br\u00fchl ereignet hat, sucht die Verkehrspolizei Esslingen. Derzeitigen polizeilichen Ermittlungen zufolge war ein 33-J\u00e4hriger gegen 19.20 Uhr mit seinem VW Golf auf dem rechten der beiden Fahrspuren der Bundesstra\u00dfe in Richtung Stuttgart unterwegs. Am Beginn der Ausfahrtsspur nach Esslingen-Br\u00fchl soll ein unbekannter Pkw unvermittelt und knapp vor ihm vom linken auf den rechten Fahrstreifen gewechselt und ihn geschnitten haben. Um eine Kollision zu vermeiden musste der Golf-Fahrer abbremsen und nach rechts ausweichen, wobei er die Kontrolle \u00fcber seinen Wagen verlor, ins Schleudern kam und in die Leitplanken der Ausfahrtsspur krachte. Unmittelbar darauf prallte ein nachfolgender 45-J\u00e4hriger mit seiner Mercedes C-Klasse ins Heck des Golf. W\u00e4hrend der Mercedes-Fahrer unverletzt blieb, wurden der VW-Fahrer und seine 59-Jahre alte Beifahrerin leicht verletzt. Beide Autos waren nach dem Unfall so schwer besch\u00e4digt, dass sie abgeschleppt werden mussten. Der entstandene Sachschaden an den Autos und den Leitplanken wird auf rund 15.000 Euro gesch\u00e4tzt. Zur Beseitigung ausgelaufener Betriebsstoffe war eine aufw\u00e4ndige Reinigung der Fahrbahn durch eine Spezialmaschine der Stra\u00dfenmeisterei erforderlich, weshalb die Bundesstra\u00dfe bis etwa 22.15 Uhr zeitweise gesperrt werden musste. Der Pkw, der durch seinen unvermittelten Spurwechsel den Unfall verursacht hatte, soll ohne anzuhalten weiter in Richtung Stuttgart gefahren sein. Dabei soll es sich um einen dunklen SUV der Marke BMW gehandelt haben. Zeugen, die den Unfall beobachtet haben, werden gebeten, sich unter der Telefonnummer 0711\/3990-420 bei der Verkehrspolizei Esslingen zu melden.<\/p>\n<p style=\"text-align: justify;\"><strong>Esslingen: Unter Alkoholeinfluss mit geparktem Pkw kollidiert<br \/>\n<\/strong>Nach einem Verkehrsunfall am Dienstagvormittag in der Liebersbronner Stra\u00dfe musste ein Autofahrer eine Blutprobe abgeben. Der 67-J\u00e4hrige befuhr gegen 9.10 Uhr mit einem VW Polo die Liebersbronner Stra\u00dfe in Richtung Hegensberg. Im Bereich der Einm\u00fcndung mit dem Salzmannweg kollidierte der Polo mit einem am rechten Fahrbahnrand geparkten Skoda. Dieser wurde rund 15 Meter nach vorne geschoben, gedreht und kam schlie\u00dflich in einer B\u00f6schung zum Stehen. Ein im Zuge der Unfallaufnahme durchgef\u00fchrter Alkoholtest bei dem 67 Jahre alten Fahrer ergab einen vorl\u00e4ufigen Wert von 0,5 Promille. Er musste daraufhin eine Blutprobe abgeben. Beide Fahrzeuge wurden abgeschleppt. Der entstandene Sachschaden kann noch nicht beziffert werden.<\/p>\n<p style=\"text-align: justify;\"><strong>Filderstadt-Bonlanden: Leichnam in Koffer aufgefunden &#8211; Leiche identifiziert<\/strong><br \/>\nIm Fall des in Bonlanden in einem Koffer aufgefundenen Leichnams konnte mittlerweile die Identit\u00e4t der Leiche ermittelt werden. Bei der verstorbenen Person handelt es sich um eine 40 Jahre alte Frau aus Stuttgart.<br \/>\nUmfangreiche Ermittlungen der 44-k\u00f6pfigen Sonderkommission Trolley f\u00fchrten zur Identifizierung der Frau, die ersten Erkenntnissen nach am 21. Juli 2025 zuletzt in Stuttgart gesehen wurde.\u00a0Die Ermittlungen zu den Todesumst\u00e4nden dauern unvermittelt an.<br \/>\nDie Sonderkommision bittet weiterhin dringend um Hinweise aus der Bev\u00f6lkerung und nimmt diese unter Telefon 0711\/3990-660 (rund um die Uhr) entgegen. Die Sonderkommission ist auch per E-Mail unter <a href=\"mailto:esslingen.kd.soko-hinweis@polizei.bwl.de\" target=\"_blank\" rel=\"noopener\">esslingen.kd.soko-hinweis@polizei.bwl.de<\/a> zu erreichen.<\/p>\n<p style=\"text-align: justify;\"><strong>Lenningen: In der Lauter gelandet<br \/>\n<\/strong>Im Bachbett der zur Unfallzeit kn\u00f6cheltiefen Lauter endete die Fahrt einer 19-J\u00e4hrigen am fr\u00fchen Dienstagmorgen. Die Fahranf\u00e4ngerin war gegen zwei Uhr mit ihrer, mit insgesamt vier Personen besetzten Mercedes A-Klasse auf der Hofstra\u00dfe unterwegs und wollte an der Einm\u00fcndung nach links in die Marktstra\u00dfe einbiegen. Weil ihre Autoscheiben beschlagen waren, erkannte sie erst im letzten Moment einen am rechten Fahrbahnrand ordnungsgem\u00e4\u00df geparkten Pkw. Beim Ausweichen \u00fcbersteuerte sie ihren Mercedes, verlor in der Folge die Kontrolle \u00fcber den Wagen und fuhr ins Bett der links neben der Fahrbahn verlaufenden Lauter. Alle vier Insassen konnten das Auto selbstst\u00e4ndig verlassen. Die Fahrerin und ein 20 Jahre alter Mitfahrer erlitten leichte Verletzungen. W\u00e4hrend die 19-J\u00e4hrige vor Ort ambulant behandelt werden konnte, musste der 20-J\u00e4hrige zu Untersuchung vom Rettungsdienst ins Krankenhaus gebracht werden. Von der Feuerwehr, die vier Fahrzeugen und 16 Feuerwehrleuten im Einsatz war, wurde eine \u00d6lsperre auf der Lauter errichtet. Betriebsstoffe d\u00fcrften nach derzeitigem Stand aber nicht ins Gew\u00e4sser gelangt sein. Der Mercedes, an dem Sachschaden von rund 1.500 Euro entstanden war, musste mittels eines Krans vom Abschleppdienst aus dem Bachbett gehoben werden.<\/p>\n<p style=\"text-align: justify;\"><strong>Leinfelden-Echterdingen: Gegen Ger\u00fcst gefahren<br \/>\n<\/strong>Eine mutma\u00dflich betrunkene Pkw-Lenkerin musste am Montagabend ihren F\u00fchrerschein abgeben, nachdem sie in Echterdingen gegen ein Ger\u00fcst gefahren war. Die 53-J\u00e4hrige war gegen 17.45 Uhr mit ihrem Wagen auf der Hauptstra\u00dfe unterwegs. Beim Rechtsabbiegen in die Maiergasse holte sie zu weit aus und stie\u00df gegen das Ger\u00fcst der dortigen Baustelle. Bei der Unfallaufnahme stellten die Polizeibeamten eine Alkoholfahne bei der Fahrerin fest. Ein Test ergab einen vorl\u00e4ufigen Wert von rund zwei Promille. Nach der f\u00e4lligen Blutentnahme musste sie ihre Fahrerlaubnis aush\u00e4ndigen. \u00dcber die Schadensh\u00f6he liegen noch keine konkreten Angaben vor.<\/p>\n<p style=\"text-align: justify;\"><strong>Esslingen: Geb\u00e4udebrand<br \/>\n<\/strong>Offene Flammen aus einem Dachstuhl in der Hirschlandstra\u00dfe haben in der Nacht zum Dienstag, gegen 01.45 Uhr, die Rettungs- und Einsatzkr\u00e4fte in Esslingen auf den Plan gerufen. Aus bislang unbekannter Ursache geriet der Dachstuhl eines Mehrfamilienhauses in Brand. Die Bewohner des betroffenen Geb\u00e4udes wurden durch die sich vor Ort befindlichen Einsatzkr\u00e4fte umgehend evakuiert. Da ein \u00dcbergreifen auf Nebengeb\u00e4ude nicht auszuschlie\u00dfen war, mussten noch zwei weitere Geb\u00e4ude evakuiert werden. Nach derzeitigem Kenntnisstand erlitten zwei Personen leichte Verletzungen. Sie wurden vom Rettungsdienst in ein Krankenhaus gebracht. Der Sachschaden kann derzeit noch nicht beziffert werden, d\u00fcrfte sich jedoch im mittleren sechsstelligen Bereich bewegen. Da das Geb\u00e4ude nicht mehr bewohnbar ist, werden die Anwohner anderweitig untergebracht. Derzeit sind noch Nachl\u00f6scharbeiten im Gange.<\/p>\n<p style=\"text-align: justify;\"><strong>Esslingen: Mit Kranaufbau an Oberleitung h\u00e4ngengeblieben<br \/>\n<\/strong>Ein nicht ordnungsgem\u00e4\u00df eingefahrener Kranaufbau hat am Montagvormittag zu einem Unfall mit Kettenreaktion und erheblichen Auswirkungen gef\u00fchrt. Ein 36-J\u00e4hriger war kurz vor zehn Uhr mit einem Lastwagen von einer Baustelle in der Schlachthausstra\u00dfe losgefahren und war auf der Eugenie-von-Soden-Stra\u00dfe in Richtung ZOB unterwegs. Fatalerweise ragte der Kran auf seinem Lkw etwa sechs Meter in die H\u00f6he, da der Fahrer vergessen hatte, ihn herunterzufahren. Im Bereich der Berliner Stra\u00dfe, auf der R\u00fcckseite des ZOB, riss der Kranaufbau den Seitenarm einer Lichtzeichenanlage herunter. Das Ampelteil wurde hierdurch in eine Oberleitung des Gleis 1 des Bahnverkehrs geschleudert, so dass ein Verbindungskabel der Leitung riss. Gleichzeitig wurde noch ein Draht der Oberleitung f\u00fcr die Busse abgerissen, so dass diese Leitung ebenfalls herunterhing. Durch Mitarbeiter des Tiefbauamts der Stadt Esslingen und der St\u00e4dtischen Verkehrsbetriebe sowie Beamten der Bundespolizei wurden die besch\u00e4digten Leitungen sowie die Ampel zum Teil provisorisch repariert. Weiterhin war die Feuerwehr zur Unterst\u00fctzung an den Ungl\u00fccksort ausger\u00fcckt. Im Verlauf der Unfallaufnahme und der Reparaturarbeiten kam es zu erheblichen Verkehrsbeeintr\u00e4chtigungen. Der Verkehr musste teilweise \u00fcber den Busbahnhof umgeleitet werden. Der Unfall verursachte letztlich einen Totalausfall der Lichtzeichenanlage an der betroffenen Kreuzung, der voraussichtlich einige Tage andauern wird. Der Schaden bel\u00e4uft sich einer ersten Sch\u00e4tzung nach auf zirka 25.000 Euro. (ms)<\/p>\n<p style=\"text-align: justify;\"><strong>N\u00fcrtingen: Streitigkeiten<br \/>\n<\/strong>Zu einem gr\u00f6\u00dferen Polizeieinsatz ist es am Montagmittag in einer Fl\u00fcchtlingsunterkunft in der Max-Eyth-Stra\u00dfe gekommen. Gegen 13.35 Uhr war es dort aus noch ungekl\u00e4rten Gr\u00fcnden zu Streitigkeiten zwischen drei Bewohnern im Alter von 25, 28 und 30 Jahren gekommen. Diese sollen rasch in Handgreiflichkeiten gem\u00fcndet haben, in deren Verlauf der 28-J\u00e4hrige wohl mit einem noch unbekannten Gegenstand oberfl\u00e4chlich verletzt wurde. Da das Ausma\u00df der Auseinandersetzung zun\u00e4chst unklar war, war die Polizei mit zahlreichen Einsatzkr\u00e4ften vor Ort. Auch ein Rettungshubschrauber war im Einsatz. In der Folge konnten alle drei Beteiligen widerstandslos vor\u00fcbergehend festgenommen werden. Der 28-J\u00e4hrige wurde vor Ort vom Rettungsdienst ambulant behandelt. Ein Transport in eine Klinik war nicht erforderlich. Das Polizeirevier N\u00fcrtingen hat die Ermittlungen zu den Hintergr\u00fcnden und dem Ablauf der Streitigkeiten aufgenommen. (cw)<\/p>\n<p style=\"text-align: justify;\"><strong>Denkendorf: Gas und Bremse verwechselt<br \/>\n<\/strong>Ersten Erkenntnissen zufolge leicht verletzt wurde eine 82-J\u00e4hrige bei einem Verkehrsunfall am Montagmorgen in der Karlstra\u00dfe. Die Seniorin parkte gegen 9.15 Uhr mit ihrem Mercedes von einem Parkplatz aus und wollte im Anschluss auf der abfallenden Fahrbahn in Richtung Ortsmitte fahren. Dabei verwechselte sie das Gas- mit dem Bremspedal und kam \u00fcber die Gegenfahrspur und den Gehweg hinweg nach links von der Fahrbahn ab. Dort touchierte sie zuerst einen umz\u00e4unten Baum, bevor ihr Wagen etwa einen Meter tiefer im trockengelegten Brunnen des Rathausplatzes zum Stehen kam. Ein Rettungswagen brachte die Frau nachfolgend ins Krankenhaus. Ihr Auto, an dem ein Sachschaden von gesch\u00e4tzten 3.000 Euro entstanden sein d\u00fcrfte, wurde von einem Abschleppdienst geborgen. Zur Unterst\u00fctzung der Rettungs- und Bergungsma\u00dfnahmen war die Feuerwehr mit vier Fahrzeugen und 23 Feuerwehrleuten im Einsatz. (cw)<\/p>\n<p style=\"text-align: justify;\"><strong>Plochingen: Minikran umgest\u00fcrzt<br \/>\n<\/strong>Mit lebensgef\u00e4hrlichen Verletzungen musste ein 36 Jahre alter Arbeiter am Montagmittag vom Rettungsdienst ins Krankenhaus gebracht werden. Der Mann war gegen 12.10 Uhr auf einer Baustelle im Grieshaberweg dabei, mittels eines ferngesteuerten Minikrans einen Mauerstein zu versetzen. Derzeitigen polizeilichen Erkenntnissen zufolge waren an dem Kran die erforderlichen Ausgleichsgewichte nicht montiert gewesen, weshalb die Maschine umkippte und den Arbeiter einklemmte. Ein Kollege erkannte die Situation und konnte den Verletzten mittels eines Holzbalkens befreien. Die Spezialisten des Arbeitsbereichs Gewerbe und Umwelt des Polizeipr\u00e4sidiums Reutlingen haben vor Ort die Ermittlungen aufgenommen. Mitarbeiter der Gewerbeaufsicht des Landratsamtes waren ebenfalls vor Ort.<\/p>\n<p style=\"text-align: justify;\"><strong>Holzmaden: Pedelec-Fahrerin gest\u00fcrzt<br \/>\n<\/strong>Mit nach ersten Erkenntnissen schweren Verletzungen musste eine 66-J\u00e4hrige nach einem Sturz mit ihrem Pedelec am Samstagabend vom Rettungsdienst ins Krankenhaus gebracht werden. Die Frau befuhr gegen 19.20 Uhr einen Feldweg parallel zur A8 aus Richtung Holzmaden kommend. Dabei rutschten auf dem schlammigen Untergrund offenbar die R\u00e4der davon und die 66-J\u00e4hrige st\u00fcrzte. Der Rettungsdienst brachte sie zur weiteren Behandlung ins Krankenhaus.<\/p>\n<p style=\"text-align: justify;\"><strong>Filderstadt: Nach mehrfachen Ruhest\u00f6rungen in Gewahrsam genommen<br \/>\n<\/strong>Mehrere Streifenwagenbesatzungen mussten am Sonntagabend zu wiederholten Ruhest\u00f6rungen in die Scharnh\u00e4user Stra\u00dfe nach Bernhausen ausr\u00fccken. Bereits gegen 20.40 Uhr war die Polizei aufgrund von L\u00e4rm, der von einer privaten Feier ausging, gerufen worden. Die Veranstalter wurden ermahnt. Als die Einsatzkr\u00e4fte gegen 21.15 Uhr erneut wegen Ruhest\u00f6rung anr\u00fccken mussten und die Personalien zweier p\u00f6belnden Teilnehmerinnen feststellen wollten, beleidigte eine der beiden eine Beamtin und stie\u00df diese weg. Ein aggressiver Angeh\u00f6riger, der mehrfach versucht hatte, an den Einsatzkr\u00e4ften vorbei zu der Frau zu gelangen, musste schlie\u00dflich zu Boden gebracht und in Gewahrsam genommen werden.<br \/>\nAls die andere Frau, die die Angabe ihrer Personalien verweigert hatte, von den Einsatzkr\u00e4ften nach Ausweispapieren durchsucht werden sollte, beleidigte sie eine Beamtin. Ein Angeh\u00f6riger der Frau stie\u00df die Polizistin zudem nach hinten. Der Mann wurde daraufhin ebenfalls zu Boden gebracht und in Gewahrsam genommen. Die Feier wurde beendet und Platzverweise erteilt. Verletzt wurde nach derzeitigem Kenntnisstand niemand.<\/p>\n<p style=\"text-align: justify;\"><strong>Schlaitdorf\/M\u00fcnsingen: Gef\u00e4hrliche Fahrman\u00f6ver (Zeugenaufruf)<br \/>\n<\/strong>Wegen des Verdachts der Gef\u00e4hrdung des Stra\u00dfenverkehrs ermittelt das Polizeirevier M\u00fcnsingen gegen einen 42-J\u00e4hrigen, der am Sonntagabend im Bereich der B312 \/ B28 durch seine gef\u00e4hrliche und r\u00fccksichtslose Fahrweise aufgefallen ist. Gegen 18.15 Uhr war ein 29-J\u00e4hriger mit seinem Audi auf der B312 von Stuttgart kommend in Richtung Metzingen unterwegs, als auf H\u00f6he der Abfahrt Schlaitdorf ein grauer Mitsubishi Colt \u00fcber die Ausfahrt der Gegenfahrbahn, \u00fcber zwei Spuren hinweg in falscher Richtung auf die Bundesstra\u00dfe einfuhr. Der Audi-Fahrer konnte nur durch eine Notbremsung und ein Ausweichen nach rechts eine Frontalkollision vermeiden. In der Folge soll der Mitsubishi weiter in Richtung Metzingen \/ Reutlingen gefahren sein. Auf H\u00f6he der Ausfahrt Metzingen-Ost soll sich der Mitsubishi zun\u00e4chst in die Ausfahrtsspur eingeordnet haben. Kurz bevor sich die Spur baulich von der B28 trennt, zog der Mitsubishi-Fahrer ohne zu blinken wieder unvermittelt nach links, sodass ein dort fahrender Mercedes nur durch eine Vollbremsung eine Kollision vermeiden konnte. Der Mitsubishi konnte im Verlauf der Fahndungsma\u00dfnahmen auf der B465 im Bereich Rietheim angehalten und kontrolliert werden. Der F\u00fchrerschein des 42-J\u00e4hrigen wurde nach R\u00fccksprache mit der Staatsanwaltschaft noch an Ort und Stelle beschlagnahmt und der Mann entsprechend zur Anzeige gebracht. Das Polizeirevier M\u00fcnsingen sucht nach Zeugen und weiteren Verkehrsteilnehmern, die durch den grauen Mitsubishi Colt mit Reutlinger Kennzeichen behindert oder gef\u00e4hrdet wurden. Polizeirevier M\u00fcnsingen, Telefon 07381\/9364-0.<\/p>\n<hr \/>\n<p style=\"text-align: justify;\">\n","protected":false},"excerpt":{"rendered":"<p>Quelle: ots Esslingen: Wohnungsbrand mit zwei Verletzten Der Brand in einem Mehrparteienhaus hat in der Nacht zum Sonntag den Einsatz von Feuerwehr, Rettungsdienst und Polizei in der Plochinger Stra\u00dfe notwendig gemacht. Bewohner meldeten gegen 00.30 Uhr \u00fcber Notruf, dass es in einer Wohnung im Obergeschoss brannte. Beim Eintreffen der Rettungskr\u00e4fte befanden sich noch zwei 34 [&hellip;]<\/p>\n","protected":false},"author":4,"featured_media":152245,"comment_status":"closed","ping_status":"open","sticky":false,"template":"","format":"standard","meta":{"inline_featured_image":false,"_exactmetrics_skip_tracking":false,"_exactmetrics_sitenote_active":false,"_exactmetrics_sitenote_note":"","_exactmetrics_sitenote_category":0,"footnotes":""},"categories":[11240],"tags":[14857,14440,68,205,1625],"class_list":{"0":"post-157967","1":"post","2":"type-post","3":"status-publish","4":"format-standard","5":"has-post-thumbnail","7":"category-region-esslingen","8":"tag-die-webzeitung","9":"tag-esslingen","10":"tag-online-zeitung","11":"tag-polizei","12":"tag-report"},"image_feature":"https:\/\/die-webzeitung.de\/stuttgart\/wp-content\/uploads\/sites\/4\/2024\/02\/Polizei-Pix-scaled.jpg","author_name":"Redaktion","pure_taxonomies":{"categories":[{"term_id":11240,"name":"Polizei-Report Esslingen","slug":"region-esslingen","term_group":0,"term_taxonomy_id":11278,"taxonomy":"category","description":"Polizeiberichte aus der Region des Landkreises Esslingen","parent":1619,"count":69,"filter":"raw","image":""}],"tags":[{"term_id":14857,"name":"Die-Webzeitung","slug":"die-webzeitung","term_group":0,"term_taxonomy_id":14876,"taxonomy":"post_tag","description":"","parent":0,"count":3623,"filter":"raw","image":""},{"term_id":14440,"name":"Esslingen","slug":"esslingen","term_group":0,"term_taxonomy_id":3885,"taxonomy":"post_tag","description":"","parent":0,"count":202,"filter":"raw","image":""},{"term_id":68,"name":"Online-Zeitung","slug":"online-zeitung","term_group":0,"term_taxonomy_id":69,"taxonomy":"post_tag","description":"","parent":0,"count":3593,"filter":"raw","image":""},{"term_id":205,"name":"Polizei","slug":"polizei","term_group":0,"term_taxonomy_id":208,"taxonomy":"post_tag","description":"","parent":0,"count":277,"filter":"raw","image":""},{"term_id":1625,"name":"Report","slug":"report","term_group":0,"term_taxonomy_id":1634,"taxonomy":"post_tag","description":"","parent":0,"count":210,"filter":"raw","image":""}]},"_links":{"self":[{"href":"https:\/\/die-webzeitung.de\/stuttgart\/wp-json\/wp\/v2\/posts\/157967","targetHints":{"allow":["GET"]}}],"collection":[{"href":"https:\/\/die-webzeitung.de\/stuttgart\/wp-json\/wp\/v2\/posts"}],"about":[{"href":"https:\/\/die-webzeitung.de\/stuttgart\/wp-json\/wp\/v2\/types\/post"}],"author":[{"embeddable":true,"href":"https:\/\/die-webzeitung.de\/stuttgart\/wp-json\/wp\/v2\/users\/4"}],"replies":[{"embeddable":true,"href":"https:\/\/die-webzeitung.de\/stuttgart\/wp-json\/wp\/v2\/comments?post=157967"}],"version-history":[{"count":13,"href":"https:\/\/die-webzeitung.de\/stuttgart\/wp-json\/wp\/v2\/posts\/157967\/revisions"}],"predecessor-version":[{"id":158025,"href":"https:\/\/die-webzeitung.de\/stuttgart\/wp-json\/wp\/v2\/posts\/157967\/revisions\/158025"}],"wp:featuredmedia":[{"embeddable":true,"href":"https:\/\/die-webzeitung.de\/stuttgart\/wp-json\/wp\/v2\/media\/152245"}],"wp:attachment":[{"href":"https:\/\/die-webzeitung.de\/stuttgart\/wp-json\/wp\/v2\/media?parent=157967"}],"wp:term":[{"taxonomy":"category","embeddable":true,"href":"https:\/\/die-webzeitung.de\/stuttgart\/wp-json\/wp\/v2\/categories?post=157967"},{"taxonomy":"post_tag","embeddable":true,"href":"https:\/\/die-webzeitung.de\/stuttgart\/wp-json\/wp\/v2\/tags?post=157967"}],"curies":[{"name":"wp","href":"https:\/\/api.w.org\/{rel}","templated":true}]}}