{"id":157956,"date":"2025-08-29T15:09:29","date_gmt":"2025-08-29T14:09:29","guid":{"rendered":"https:\/\/die-webzeitung.de\/stuttgart\/?p=157956"},"modified":"2025-12-05T12:06:49","modified_gmt":"2025-12-05T11:06:49","slug":"kirchheimer-stadthalle-bleibt-wegen-sanierung-laenger-geschlossen","status":"publish","type":"post","link":"https:\/\/die-webzeitung.de\/stuttgart\/2025\/08\/29\/kirchheimer-stadthalle-bleibt-wegen-sanierung-laenger-geschlossen\/","title":{"rendered":"Kirchheimer Stadthalle bleibt wegen Sanierung l\u00e4nger geschlossen"},"content":{"rendered":"<p style=\"text-align: justify;\">KIRCHHEIM\/TECK.|\u00a0 In der Stadthalle Kirchheim unter Teck finden zurzeit notwendige Sanierungsarbeiten statt, um die Nutzung auch k\u00fcnftig sicher zu stellen. Im Mittelpunkt stehen bauliche Ma\u00dfnahmen zur Verbesserung des Brandschutzes und der Sicherheit.<\/p>\n<p style=\"text-align: justify;\">Urspr\u00fcnglich war das Ende der Ma\u00dfnahmen f\u00fcr Mitte September angesetzt. In den letzten Tagen hat sich jedoch gezeigt, dass sich der Abschluss durch nicht vorhersehbare Entwicklungen verz\u00f6gern wird.<\/p>\n<p style=\"text-align: justify;\">Nach aktueller Einsch\u00e4tzung wird die Stadthalle voraussichtlich bis Ende Dezember 2025 geschlossen bleiben. In Abh\u00e4ngigkeit vom weiteren Verlauf der Sanierungsarbeiten kann es zu weiteren zeitlichen Verz\u00f6gerungen kommen. Alle betroffenen st\u00e4dtischen Veranstaltungen werden in alternative Veranstaltungsr\u00e4umlichkeiten verlegt. Die Besucherinnen und Besucher der Veranstaltungen werden rechtzeitig \u00fcber den jeweiligen Ortswechsel informiert &#8211; \u00fcber die Internetseite der Stadt Kirchheim unter Teck sowie die Presse und andere Hinweise.<\/p>\n<p style=\"text-align: justify;\">Die Stadtverwaltung bedauert die Unannehmlichkeiten, die damit verbunden sind und bittet um Verst\u00e4ndnis.<\/p>\n<hr \/>\n<p style=\"text-align: justify;\">\n","protected":false},"excerpt":{"rendered":"<p>KIRCHHEIM\/TECK.|\u00a0 In der Stadthalle Kirchheim unter Teck finden zurzeit notwendige Sanierungsarbeiten statt, um die Nutzung auch k\u00fcnftig sicher zu stellen. Im Mittelpunkt stehen bauliche Ma\u00dfnahmen zur Verbesserung des Brandschutzes und der Sicherheit. Urspr\u00fcnglich war das Ende der Ma\u00dfnahmen f\u00fcr Mitte September angesetzt. In den letzten Tagen hat sich jedoch gezeigt, dass sich der Abschluss durch [&hellip;]<\/p>\n","protected":false},"author":4,"featured_media":0,"comment_status":"closed","ping_status":"open","sticky":false,"template":"","format":"standard","meta":{"inline_featured_image":false,"_exactmetrics_skip_tracking":false,"_exactmetrics_sitenote_active":false,"_exactmetrics_sitenote_note":"","_exactmetrics_sitenote_category":0,"footnotes":""},"categories":[2247],"tags":[14857,18052,68,18145],"class_list":{"0":"post-157956","1":"post","2":"type-post","3":"status-publish","4":"format-standard","6":"category-kreis-esslingen","7":"tag-die-webzeitung","8":"tag-kirchheim-teck","9":"tag-online-zeitung","10":"tag-stadthalle"},"image_feature":null,"author_name":"Redaktion","pure_taxonomies":{"categories":[{"term_id":2247,"name":"Kreis Esslingen","slug":"kreis-esslingen","term_group":0,"term_taxonomy_id":2260,"taxonomy":"category","description":"Informationen aus dem Landkreis Esslingen","parent":171,"count":214,"filter":"raw","image":""}],"tags":[{"term_id":14857,"name":"Die-Webzeitung","slug":"die-webzeitung","term_group":0,"term_taxonomy_id":14876,"taxonomy":"post_tag","description":"","parent":0,"count":3623,"filter":"raw","image":""},{"term_id":18052,"name":"Kirchheim\/Teck","slug":"kirchheim-teck","term_group":0,"term_taxonomy_id":18071,"taxonomy":"post_tag","description":"","parent":0,"count":23,"filter":"raw","image":""},{"term_id":68,"name":"Online-Zeitung","slug":"online-zeitung","term_group":0,"term_taxonomy_id":69,"taxonomy":"post_tag","description":"","parent":0,"count":3593,"filter":"raw","image":""},{"term_id":18145,"name":"Stadthalle","slug":"stadthalle","term_group":0,"term_taxonomy_id":18164,"taxonomy":"post_tag","description":"","parent":0,"count":2,"filter":"raw","image":""}]},"_links":{"self":[{"href":"https:\/\/die-webzeitung.de\/stuttgart\/wp-json\/wp\/v2\/posts\/157956","targetHints":{"allow":["GET"]}}],"collection":[{"href":"https:\/\/die-webzeitung.de\/stuttgart\/wp-json\/wp\/v2\/posts"}],"about":[{"href":"https:\/\/die-webzeitung.de\/stuttgart\/wp-json\/wp\/v2\/types\/post"}],"author":[{"embeddable":true,"href":"https:\/\/die-webzeitung.de\/stuttgart\/wp-json\/wp\/v2\/users\/4"}],"replies":[{"embeddable":true,"href":"https:\/\/die-webzeitung.de\/stuttgart\/wp-json\/wp\/v2\/comments?post=157956"}],"version-history":[{"count":1,"href":"https:\/\/die-webzeitung.de\/stuttgart\/wp-json\/wp\/v2\/posts\/157956\/revisions"}],"predecessor-version":[{"id":157957,"href":"https:\/\/die-webzeitung.de\/stuttgart\/wp-json\/wp\/v2\/posts\/157956\/revisions\/157957"}],"wp:attachment":[{"href":"https:\/\/die-webzeitung.de\/stuttgart\/wp-json\/wp\/v2\/media?parent=157956"}],"wp:term":[{"taxonomy":"category","embeddable":true,"href":"https:\/\/die-webzeitung.de\/stuttgart\/wp-json\/wp\/v2\/categories?post=157956"},{"taxonomy":"post_tag","embeddable":true,"href":"https:\/\/die-webzeitung.de\/stuttgart\/wp-json\/wp\/v2\/tags?post=157956"}],"curies":[{"name":"wp","href":"https:\/\/api.w.org\/{rel}","templated":true}]}}