{"id":157947,"date":"2025-08-30T19:35:59","date_gmt":"2025-08-30T18:35:59","guid":{"rendered":"https:\/\/die-webzeitung.de\/stuttgart\/?p=157947"},"modified":"2025-08-31T08:53:12","modified_gmt":"2025-08-31T07:53:12","slug":"sws-und-vfb-stuttgart-setzen-auf-nachhaltige-mobilitaet","status":"publish","type":"post","link":"https:\/\/die-webzeitung.de\/stuttgart\/2025\/08\/30\/sws-und-vfb-stuttgart-setzen-auf-nachhaltige-mobilitaet\/","title":{"rendered":"SWS und VfB Stuttgart setzen auf nachhaltige Mobilit\u00e4t"},"content":{"rendered":"<ul>\n<li style=\"text-align: justify;\"><strong>Verein kooperiert mit den Stadtwerken Stuttgart<\/strong><\/li>\n<li style=\"text-align: justify;\"><strong>sechs \u00f6ffentliche Lades\u00e4ulen auf dem Parkplatz P3 fertiggestellt<\/strong><\/li>\n<\/ul>\n<p style=\"text-align: justify;\">STUTTGART.| Mit dem Elektrofahrzeug zur MHP Arena und danach mit nachhaltig aufgeladener Batterie nach Hause \u2013 um die klimafreundliche Mobilit\u00e4t zu f\u00f6rdern, haben die Stadtwerke Stuttgart (SWS) jetzt gemeinsam mit dem VfB Stuttgart sechs \u00f6ffentliche Lades\u00e4ulen direkt vor dem VfB-Clubzentrum in Betrieb genommen. Ab sofort stehen allen Mitarbeitenden sowie Besucherinnen und Besuchern des Vereinsgel\u00e4ndes auf dem Parkplatz P3 (Mercedesstra\u00dfe 109) insgesamt zw\u00f6lf AC-Ladepunkte zur Verf\u00fcgung. Gestaltet sind die Lades\u00e4ulen unverkennbar mit dem VfB-Wappen.<\/p>\n<p style=\"text-align: justify;\">Peter Drausnigg, Technischer Gesch\u00e4ftsf\u00fchrer der Stadtwerke Stuttgart, freut sich \u00fcber die Standortpartnerschaft mit dem VfB Stuttgart: \u201eMit unserer Kooperation treiben wir den Ausbau der \u00f6ffentlichen Ladeinfrastruktur in Stuttgart genau dort voran, wo sich das \u00f6ffentliche Leben abspielt und sich der Ladevorgang ideal mit dem Alltag der E-Mobilisten verbinden l\u00e4sst. Umso erfreulicher ist es, dass ein Publikumsmagnet wie der VfB mit seiner gro\u00dfen Fangemeinde mit uns zusammenarbeitet. So machen wir den Umstieg auf nachhaltige Mobilit\u00e4t attraktiv und nutzerfreundlich.\u201c Der VfB-Vorstandsvorsitzende Alexander Wehrle betont: \u201eNachhaltigkeit spielt f\u00fcr uns in vielen Bereichen eine zentrale Rolle, insbesondere auch im Bereich der Mobilit\u00e4t.\u00a0 Wir begr\u00fc\u00dfen die Kooperation mit den Stadtwerken Stuttgart, um die emissionsarme Anreise unserer Mitarbeitenden und Fans weiter zu f\u00f6rdern.\u201c<\/p>\n<p style=\"text-align: justify;\">Um den Betrieb der Lades\u00e4ulen k\u00fcmmern sich die SWS. Damit laden E-Mobilisten ihr Fahrzeug an den AC-Ladepunkten, die \u00fcber eine Leistung von bis zu 22 Kilowatt verf\u00fcgen, mit 100 Prozent \u00d6kostrom. Die Bezahlung erfolgt ganz einfach mit der SWS-Lade-App, per Ladekarte oder ad hoc. Dank der freien Standzeit von 240 Minuten l\u00e4sst sich der Stadionbesuch spielend mit dem Ladevorgang verbinden.<\/p>\n<p style=\"text-align: justify;\"><strong>Standortpartner-Initiative f\u00fcr die Mobilit\u00e4tswende<\/strong><\/p>\n<p style=\"text-align: justify;\">Die Landeshauptstadt Stuttgart will bis 2035 klimaneutral sein. Als Motor der Energiewende arbeiten die SWS kontinuierlich daran, nachhaltige L\u00f6sungen f\u00fcr Strom, W\u00e4rme und Mobilit\u00e4t zu entwickeln und umzusetzen: Ziel ist es, bis zu einem Viertel der Emissionen zu reduzieren. Die Mobilit\u00e4tswende voranzubringen, ist dabei ein wichtiger Teil der Strategie des kommunalen Unternehmens. Im Zuge der Standortpartner-Initiative realisieren die SWS \u00f6ffentlich zug\u00e4ngliche Ladeinfrastruktur bei interessierten Grundst\u00fccksbesitzerinnen und -besitzern und \u00fcbernehmen dabei alle Schritte von der Planung bis hin zu Betrieb und Wartung. Schon heute betreiben die SWS das gr\u00f6\u00dfte fl\u00e4chendeckende Ladenetz\u00a0in Stuttgart und m\u00f6chten bis 2035 die Voraussetzungen f\u00fcr bis zu 14.000 Ladepunkte in der Landeshauptstadt schaffen.<\/p>\n<hr \/>\n<p style=\"text-align: justify;\">\n","protected":false},"excerpt":{"rendered":"<p>Verein kooperiert mit den Stadtwerken Stuttgart sechs \u00f6ffentliche Lades\u00e4ulen auf dem Parkplatz P3 fertiggestellt STUTTGART.| Mit dem Elektrofahrzeug zur MHP Arena und danach mit nachhaltig aufgeladener Batterie nach Hause \u2013 um die klimafreundliche Mobilit\u00e4t zu f\u00f6rdern, haben die Stadtwerke Stuttgart (SWS) jetzt gemeinsam mit dem VfB Stuttgart sechs \u00f6ffentliche Lades\u00e4ulen direkt vor dem VfB-Clubzentrum in [&hellip;]<\/p>\n","protected":false},"author":4,"featured_media":157948,"comment_status":"closed","ping_status":"open","sticky":false,"template":"","format":"standard","meta":{"inline_featured_image":false,"_exactmetrics_skip_tracking":false,"_exactmetrics_sitenote_active":false,"_exactmetrics_sitenote_note":"","_exactmetrics_sitenote_category":0,"footnotes":""},"categories":[2239],"tags":[14857,18143,68,275,18142,1983],"class_list":{"0":"post-157947","1":"post","2":"type-post","3":"status-publish","4":"format-standard","5":"has-post-thumbnail","7":"category-stuttgart-lokal","8":"tag-die-webzeitung","9":"tag-ladesaeulen","10":"tag-online-zeitung","11":"tag-stuttgart","12":"tag-sws","13":"tag-vfb"},"image_feature":"https:\/\/die-webzeitung.de\/stuttgart\/wp-content\/uploads\/sites\/4\/2025\/08\/Inbetriebnahme-oeffentlicher-Ladesaeulen-am-VfB-Clubzentrum_Foto_Stadtwerke-Stuttgart-scaled.jpg","author_name":"Redaktion","pure_taxonomies":{"categories":[{"term_id":2239,"name":"Stuttgart","slug":"stuttgart-lokal","term_group":0,"term_taxonomy_id":2252,"taxonomy":"category","description":"Berichte und Informationen aus Stuttgart","parent":1433,"count":941,"filter":"raw","image":""}],"tags":[{"term_id":14857,"name":"Die-Webzeitung","slug":"die-webzeitung","term_group":0,"term_taxonomy_id":14876,"taxonomy":"post_tag","description":"","parent":0,"count":3623,"filter":"raw","image":""},{"term_id":18143,"name":"Lades\u00e4ulen","slug":"ladesaeulen","term_group":0,"term_taxonomy_id":18162,"taxonomy":"post_tag","description":"","parent":0,"count":1,"filter":"raw","image":""},{"term_id":68,"name":"Online-Zeitung","slug":"online-zeitung","term_group":0,"term_taxonomy_id":69,"taxonomy":"post_tag","description":"","parent":0,"count":3593,"filter":"raw","image":""},{"term_id":275,"name":"Stuttgart","slug":"stuttgart","term_group":0,"term_taxonomy_id":281,"taxonomy":"post_tag","description":"","parent":0,"count":1194,"filter":"raw","image":""},{"term_id":18142,"name":"SWS","slug":"sws","term_group":0,"term_taxonomy_id":18161,"taxonomy":"post_tag","description":"","parent":0,"count":6,"filter":"raw","image":""},{"term_id":1983,"name":"VfB","slug":"vfb","term_group":0,"term_taxonomy_id":1994,"taxonomy":"post_tag","description":"","parent":0,"count":13,"filter":"raw","image":""}]},"_links":{"self":[{"href":"https:\/\/die-webzeitung.de\/stuttgart\/wp-json\/wp\/v2\/posts\/157947","targetHints":{"allow":["GET"]}}],"collection":[{"href":"https:\/\/die-webzeitung.de\/stuttgart\/wp-json\/wp\/v2\/posts"}],"about":[{"href":"https:\/\/die-webzeitung.de\/stuttgart\/wp-json\/wp\/v2\/types\/post"}],"author":[{"embeddable":true,"href":"https:\/\/die-webzeitung.de\/stuttgart\/wp-json\/wp\/v2\/users\/4"}],"replies":[{"embeddable":true,"href":"https:\/\/die-webzeitung.de\/stuttgart\/wp-json\/wp\/v2\/comments?post=157947"}],"version-history":[{"count":1,"href":"https:\/\/die-webzeitung.de\/stuttgart\/wp-json\/wp\/v2\/posts\/157947\/revisions"}],"predecessor-version":[{"id":157949,"href":"https:\/\/die-webzeitung.de\/stuttgart\/wp-json\/wp\/v2\/posts\/157947\/revisions\/157949"}],"wp:featuredmedia":[{"embeddable":true,"href":"https:\/\/die-webzeitung.de\/stuttgart\/wp-json\/wp\/v2\/media\/157948"}],"wp:attachment":[{"href":"https:\/\/die-webzeitung.de\/stuttgart\/wp-json\/wp\/v2\/media?parent=157947"}],"wp:term":[{"taxonomy":"category","embeddable":true,"href":"https:\/\/die-webzeitung.de\/stuttgart\/wp-json\/wp\/v2\/categories?post=157947"},{"taxonomy":"post_tag","embeddable":true,"href":"https:\/\/die-webzeitung.de\/stuttgart\/wp-json\/wp\/v2\/tags?post=157947"}],"curies":[{"name":"wp","href":"https:\/\/api.w.org\/{rel}","templated":true}]}}