{"id":157938,"date":"2025-08-27T13:17:28","date_gmt":"2025-08-27T12:17:28","guid":{"rendered":"https:\/\/die-webzeitung.de\/stuttgart\/?p=157938"},"modified":"2025-08-27T13:18:43","modified_gmt":"2025-08-27T12:18:43","slug":"stadt-zeigt-weiter-erhoehte-praesenz","status":"publish","type":"post","link":"https:\/\/die-webzeitung.de\/stuttgart\/2025\/08\/27\/stadt-zeigt-weiter-erhoehte-praesenz\/","title":{"rendered":"Stadt zeigt weiter erh\u00f6hte Pr\u00e4senz"},"content":{"rendered":"<h4 style=\"text-align: justify;\"><strong>Erneute Schwerpunktkontrolle gegen Falschparker in der Innenstadt f\u00fchrt zu 43 Ordnungswidrigkeiten-Anzeigen<\/strong><\/h4>\n<p style=\"text-align: justify;\">STUTTGART.| Die Stadtverwaltung h\u00e4lt den Kontrolldruck hoch gegen die Ausw\u00fcchse beim Falschparken in der City. Bei einer gemeinsamen Aktion am Freitagabend, 22.<\/p>\n<p style=\"text-align: justify;\">August, haben der St\u00e4dtische Vollzugsdienst, die Verkehrs\u00fcberwachung und Polizeikr\u00e4fte zum zweiten Mal in diesem Monat in einer Schwerpunktaktion Bereiche in der Innenstadt intensiv kontrolliert: Im Fokus standen die angrenzenden Stra\u00dfen Pl\u00e4tze rund ums Rathaus sowie der Kleine Schlossplatz.<\/p>\n<p style=\"text-align: justify;\">Die st\u00e4dtischen Ordnungskr\u00e4fte mussten innerhalb weniger Stunden 43 Anzeigen wegen Ordnungswidrigkeiten erteilen. Die Fahrzeuge waren verbotswidrig abgestellt, zum Beispiel in Fu\u00dfg\u00e4ngerzonen, auf Gehwegen oder im absoluten Halteverbot. Je nach Gef\u00e4hrdung, die davon ausging, fielen unterschiedliche Bu\u00dfgelder an: meist zwischen 15 und 55 Euro \u2013 in einem Fall sogar 80 Euro plus ein Punkt in der \u201eVerkehrss\u00fcnderkartei\u201c in Flensburg, dem Fahreignungsregister (FAER) des Kraftfahrt-Bundesamts. Die Stadt Stuttgart weist darauf hin, dass wiederholtes, gravierendes Falschparken nicht nur zu h\u00f6heren Bu\u00dfgeldern f\u00fchrt, sondern im Einzelfall auch den Entzug des F\u00fchrerscheins bewirken kann. Stadt und Polizei planen, ihre Pr\u00e4senz in von Falschparkern besonders betroffenen Bereichen weiter hochzuhalten.<\/p>\n<hr \/>\n<p style=\"text-align: justify;\">\n","protected":false},"excerpt":{"rendered":"<p>Erneute Schwerpunktkontrolle gegen Falschparker in der Innenstadt f\u00fchrt zu 43 Ordnungswidrigkeiten-Anzeigen STUTTGART.| Die Stadtverwaltung h\u00e4lt den Kontrolldruck hoch gegen die Ausw\u00fcchse beim Falschparken in der City. Bei einer gemeinsamen Aktion am Freitagabend, 22. August, haben der St\u00e4dtische Vollzugsdienst, die Verkehrs\u00fcberwachung und Polizeikr\u00e4fte zum zweiten Mal in diesem Monat in einer Schwerpunktaktion Bereiche in der Innenstadt [&hellip;]<\/p>\n","protected":false},"author":4,"featured_media":157941,"comment_status":"closed","ping_status":"open","sticky":false,"template":"","format":"standard","meta":{"inline_featured_image":false,"_exactmetrics_skip_tracking":false,"_exactmetrics_sitenote_active":false,"_exactmetrics_sitenote_note":"","_exactmetrics_sitenote_category":0,"footnotes":""},"categories":[2239],"tags":[14857,16132,68,275],"class_list":{"0":"post-157938","1":"post","2":"type-post","3":"status-publish","4":"format-standard","5":"has-post-thumbnail","7":"category-stuttgart-lokal","8":"tag-die-webzeitung","9":"tag-falschparker","10":"tag-online-zeitung","11":"tag-stuttgart"},"image_feature":"https:\/\/die-webzeitung.de\/stuttgart\/wp-content\/uploads\/sites\/4\/2025\/08\/stopping-2884185_1280-scaled.jpg","author_name":"Redaktion","pure_taxonomies":{"categories":[{"term_id":2239,"name":"Stuttgart","slug":"stuttgart-lokal","term_group":0,"term_taxonomy_id":2252,"taxonomy":"category","description":"Berichte und Informationen aus Stuttgart","parent":1433,"count":941,"filter":"raw","image":""}],"tags":[{"term_id":14857,"name":"Die-Webzeitung","slug":"die-webzeitung","term_group":0,"term_taxonomy_id":14876,"taxonomy":"post_tag","description":"","parent":0,"count":3623,"filter":"raw","image":""},{"term_id":16132,"name":"Falschparker","slug":"falschparker","term_group":0,"term_taxonomy_id":16151,"taxonomy":"post_tag","description":"","parent":0,"count":2,"filter":"raw","image":""},{"term_id":68,"name":"Online-Zeitung","slug":"online-zeitung","term_group":0,"term_taxonomy_id":69,"taxonomy":"post_tag","description":"","parent":0,"count":3593,"filter":"raw","image":""},{"term_id":275,"name":"Stuttgart","slug":"stuttgart","term_group":0,"term_taxonomy_id":281,"taxonomy":"post_tag","description":"","parent":0,"count":1194,"filter":"raw","image":""}]},"_links":{"self":[{"href":"https:\/\/die-webzeitung.de\/stuttgart\/wp-json\/wp\/v2\/posts\/157938","targetHints":{"allow":["GET"]}}],"collection":[{"href":"https:\/\/die-webzeitung.de\/stuttgart\/wp-json\/wp\/v2\/posts"}],"about":[{"href":"https:\/\/die-webzeitung.de\/stuttgart\/wp-json\/wp\/v2\/types\/post"}],"author":[{"embeddable":true,"href":"https:\/\/die-webzeitung.de\/stuttgart\/wp-json\/wp\/v2\/users\/4"}],"replies":[{"embeddable":true,"href":"https:\/\/die-webzeitung.de\/stuttgart\/wp-json\/wp\/v2\/comments?post=157938"}],"version-history":[{"count":1,"href":"https:\/\/die-webzeitung.de\/stuttgart\/wp-json\/wp\/v2\/posts\/157938\/revisions"}],"predecessor-version":[{"id":157940,"href":"https:\/\/die-webzeitung.de\/stuttgart\/wp-json\/wp\/v2\/posts\/157938\/revisions\/157940"}],"wp:featuredmedia":[{"embeddable":true,"href":"https:\/\/die-webzeitung.de\/stuttgart\/wp-json\/wp\/v2\/media\/157941"}],"wp:attachment":[{"href":"https:\/\/die-webzeitung.de\/stuttgart\/wp-json\/wp\/v2\/media?parent=157938"}],"wp:term":[{"taxonomy":"category","embeddable":true,"href":"https:\/\/die-webzeitung.de\/stuttgart\/wp-json\/wp\/v2\/categories?post=157938"},{"taxonomy":"post_tag","embeddable":true,"href":"https:\/\/die-webzeitung.de\/stuttgart\/wp-json\/wp\/v2\/tags?post=157938"}],"curies":[{"name":"wp","href":"https:\/\/api.w.org\/{rel}","templated":true}]}}